{"id":10062,"date":"2024-07-25T18:33:05","date_gmt":"2024-07-25T23:33:05","guid":{"rendered":"http:\/\/abeytanelson.com\/gestion-de-reclamaciones-por-incendios-forestales-en-wa-la-perspectiva-de-un-abogado-de-lesiones-personales\/"},"modified":"2026-03-10T19:42:17","modified_gmt":"2026-03-11T00:42:17","slug":"gestion-de-reclamaciones-por-incendios-forestales-en-wa-la-perspectiva-de-un-abogado-de-lesiones-personales","status":"publish","type":"post","link":"https:\/\/abeytanelson.com\/es\/gestion-de-reclamaciones-por-incendios-forestales-en-wa-la-perspectiva-de-un-abogado-de-lesiones-personales\/","title":{"rendered":"Gesti\u00f3n de reclamaciones por incendios forestales en WA: la perspectiva de un abogado de lesiones personales"},"content":{"rendered":"\n<figure id=\"attachment_9523\" aria-describedby=\"caption-attachment-9523\" style=\"width: 1254px\" class=\"wp-caption alignright\"><img fetchpriority=\"high\" decoding=\"async\" class=\"wp-image-9523 size-full\" title=\"Incendio forestal ardiendo detr\u00e1s de unas viviendas\" src=\"https:\/\/abeytanelson.com\/wp-content\/uploads\/2026\/02\/iStock-157677216-jpg.avif\" alt=\"Incendio forestal ardiendo detr\u00e1s de unas viviendas\" width=\"1254\" height=\"836\"><figcaption id=\"caption-attachment-9523\" class=\"wp-caption-text\">Las p\u00e9rdidas por incendios forestales pueden ser devastadoras. Abeyta Nelson ha ayudado a cientos de familias a reconstruir sus vidas.<\/figcaption><\/figure>\n\n<span style=\"font-weight: 400;\">Con el calor del verano rondando los 38 \u00b0C (100 \u00b0F) durante varias semanas en partes del estado de Washington, y las condiciones c\u00e1lidas y secas que agobian a cientos de ciudades en todo el pa\u00eds, el riesgo de incendios estacionales por encima de lo normal es una realidad. Los incendios forestales se est\u00e1n convirtiendo en una amenaza m\u00e1s com\u00fan, con aproximadamente una docena de incendios \u2014incluido el <a href=\"https:\/\/www.ncwlife.com\/news\/pioneer-fire-now-over-30-000-acres-stehekin-protection-remains-top-priority\/article_ad3aa858-4874-11ef-8d8f-a7bee87c4705.html\">Pioneer Fire del condado de Chelan<\/a>, de 12.000 hect\u00e1reas\u2014 ardiendo simult\u00e1neamente en Washington en el momento de esta publicaci\u00f3n. <\/span>\n\n<span style=\"font-weight: 400;\">A medida que experimentamos veranos m\u00e1s calurosos y secos debido al cambio clim\u00e1tico, se espera que el riesgo de incendios forestales siga creciendo. En 2020, por ejemplo, el <\/span><a href=\"https:\/\/www.climatehubs.usda.gov\/hubs\/northwest\/topic\/climate-change-and-wildfire-idaho-oregon-and-washington\"><span style=\"font-weight: 400;\">USDA<\/span><\/a><span style=\"font-weight: 400;\"> inform\u00f3 que los incendios forestales en el lado oeste de las Cascadas en Oreg\u00f3n \u00abquemaron casi tanto bosque en 2 semanas como el que se hab\u00eda quemado en los 50 a\u00f1os anteriores en la zona\u00bb. En 2021 y 2022, Washington experiment\u00f3 su segunda y tercera peor temporada de incendios, respectivamente. Los incendios forestales en el estado de Washington han aumentado en los \u00faltimos a\u00f1os, y 2023 contin\u00faa una tendencia de incendios extremos de una d\u00e9cada. <\/span><a href=\"https:\/\/www.axios.com\/2024\/06\/25\/extreme-wildfires-doubled-climate-change\"><span style=\"font-weight: 400;\">Axios<\/span><\/a><span style=\"font-weight: 400;\"> afirma que, a nivel mundial, los \u00abeventos de incendios forestales m\u00e1s extremos durante las \u00faltimas dos d\u00e9cadas duplicaron con creces su frecuencia y magnitud, y las seis peores temporadas ocurrieron durante los \u00faltimos siete a\u00f1os\u00bb. <\/span> \n\n<span style=\"font-weight: 400;\">En general, los incendios forestales arden de forma m\u00e1s r\u00e1pida e intensa, lo que puede aumentar el crecimiento de especies invasoras, frenar la regeneraci\u00f3n de los \u00e1rboles y hacer que algunas zonas forestales ardan con m\u00e1s facilidad y frecuencia. <\/span><a href=\"https:\/\/www.seattletimes.com\/seattle-news\/climate-lab\/western-wa-predicted-to-see-above-normal-fire-risk-this-summer\/#:~:text=Washington%20had%20its%20second%2D%20and,average%20of%20467%2C000%20acres%20burned.\"><span style=\"font-weight: 400;\">The Seattle Times<\/span><\/a><span style=\"font-weight: 400;\"> inform\u00f3 sobre dos incendios el a\u00f1o pasado en el condado de Spokane que \u00abconsumieron cientos de hogares, quemaron miles de hect\u00e1reas y mataron a dos personas\u00bb. <\/span> \n\n<span style=\"font-weight: 400;\">Incidentes de incendios forestales como estos dejan a los residentes rurales cada vez m\u00e1s vulnerables a da\u00f1os a la propiedad, traumas emocionales y lesiones, e incluso la muerte.<\/span>\n<h2><b>\u00bfCu\u00e1les son las causas m\u00e1s comunes de los incendios forestales?<\/b><\/h2>\n<span style=\"font-weight: 400;\">Aunque algunos incendios son causados por rayos, la gran mayor\u00eda de los incendios forestales \u2014casi el 90%\u2014 son causados por el hombre, seg\u00fan la <\/span><a href=\"https:\/\/wfca.com\/wildfire-articles\/what-causes-wildfires\/#:~:text=Humans%20cause%20nearly%2090%25%20of,lightning%20strikes%20and%20volcanic%20eruptions\"><span style=\"font-weight: 400;\">Western Fire Chiefs Association<\/span><\/a><span style=\"font-weight: 400;\"> (WFCA). Si bien las fogatas desatendidas, la quema de escombros o los cigarrillos mal apagados son responsables de muchos incendios forestales, en realidad, la WFCA afirma que \u00ablos sistemas de distribuci\u00f3n el\u00e9ctrica son la causa m\u00e1s com\u00fan de incendio por mal funcionamiento del equipo\u00bb. Las fugas de gas, las l\u00edneas el\u00e9ctricas ca\u00eddas y los equipos el\u00e9ctricos o de servicios p\u00fablicos que funcionan mal son motivos frecuentes de estos fallos del sistema que pueden provocar incendios masivos. Los veh\u00edculos mantenidos u operados incorrectamente tambi\u00e9n pueden causar incendios cuando, por ejemplo, los tubos de escape o las cadenas rozan el suelo y provocan chispas en terrenos secos. <\/span> \n<h2><b>Da\u00f1os causados por incendios forestales<\/b><\/h2>\n<span style=\"font-weight: 400;\">Si un incendio forestal es causado por el hombre, ya sea por una empresa o un individuo, usted podr\u00eda recuperar sus da\u00f1os y p\u00e9rdidas en su hogar, dependencias, paisajismo, ganado, veh\u00edculos, equipos, madera, tierras de cultivo, cercas y m\u00e1s. A medida que han aumentado los incidentes de incendios forestales, tambi\u00e9n lo han hecho los costes asociados con los da\u00f1os por incendios, que afectan a miles de hogares y empresas cada a\u00f1o. Si usted o su familia sufren da\u00f1os debido a un incendio forestal, es fundamental documentar cuidadosamente todas sus p\u00e9rdidas. Esto puede incluir una lista o fotos de los da\u00f1os a la propiedad, registros m\u00e9dicos y cualquier otra evidencia que respalde la reclamaci\u00f3n.   <\/span>\n<h2><b>Superar las secuelas de un incendio forestal<\/b><\/h2>\n<span style=\"font-weight: 400;\">M\u00e1s all\u00e1 de la p\u00e9rdida de propiedad, las v\u00edctimas sufren un inmenso desgaste f\u00edsico y mental tras un incendio forestal. Los residentes pueden enfrentarse a lesiones corporales graves, discapacidades o quemaduras desfigurantes que requieren una atenci\u00f3n m\u00e9dica extensa. Adem\u00e1s, la inhalaci\u00f3n de humo t\u00f3xico puede requerir rehabilitaci\u00f3n m\u00e9dica inmediata y a largo plazo. Por \u00faltimo, y no menos importante, las v\u00edctimas de incendios forestales pueden sufrir angustia emocional por el trauma de tener que ser evacuadas de su propiedad o ver c\u00f3mo su hogar, sus bienes o sus pertenencias son consumidos por las llamas.    <\/span>\n\n<span style=\"font-weight: 400;\">El abogado de Abeyta Nelson, <\/span><a href=\"https:\/\/abeytanelson.com\/attorneys\/rodney-k-nelson\/\"><span style=\"font-weight: 400;\">Rod Nelson<\/span><\/a><span style=\"font-weight: 400;\">, uno de los principales expertos legales en incendios forestales del Pac\u00edfico Noroeste, ha recuperado <a href=\"https:\/\/abeytanelson.com\/practice\/wildfire-lawyer-central-washington\/\">90 M $ para las v\u00edctimas de incendios<\/a> durante los \u00faltimos 13 a\u00f1os. \u00abEl equipo legal de Abeyta Nelson ha ayudado a cientos de v\u00edctimas de incendios forestales y a sus familias en el centro de Washington a recuperarse de las p\u00e9rdidas y a rehacer sus vidas tras un incendio forestal devastador\u00bb, afirm\u00f3 Nelson. \u00abNuestro objetivo es facilitar la gesti\u00f3n del proceso de reclamaci\u00f3n para que las familias reciban la indemnizaci\u00f3n que merecen y puedan seguir adelante con sus vidas\u00bb, a\u00f1adi\u00f3 Nelson. <\/span> \n\n<span style=\"font-weight: 400;\">Para las v\u00edctimas de incendios forestales, saber a qui\u00e9n acudir para obtener ayuda con <a class=\"wpil_keyword_link\" title=\"lesiones personales\" href=\"https:\/\/abeytanelson.com\/\" target=\"_blank\" rel=\"noopener\" data-wpil-keyword-link=\"linked\" data-wpil-monitor-id=\"899\">lesiones personales<\/a> y da\u00f1os a la propiedad puede ser un camino complicado y frustrante, ya que las compa\u00f1\u00edas de seguros a menudo disputan las reclamaciones u ofrecen acuerdos demasiado bajos para cubrir todos los da\u00f1os. En estas situaciones, las v\u00edctimas pueden emprender acciones legales contra las partes responsables del incendio, como empresas de servicios p\u00fablicos o personas cuya negligencia contribuy\u00f3 al incendio forestal. Los abogados de lesiones personales, como los expertos en incendios forestales de <\/span><a href=\"https:\/\/abeytanelson.com\/practice\/wildfire-lawyer-central-washington\/\"><span style=\"font-weight: 400;\">Abeyta Nelson Injury Law<\/span><\/a><span style=\"font-weight: 400;\">, son fundamentales para ayudar a las v\u00edctimas a navegar por este panorama. <\/span> \n<h2><b>Qu\u00e9 hacer si se ha visto afectado por p\u00e9rdidas debidas a un incendio forestal<\/b><\/h2>\n<span style=\"font-weight: 400;\">Dado que los incendios forestales siguen representando una amenaza significativa para los residentes del Pac\u00edfico Noroeste, es importante que los habitantes protejan sus propiedades contra el fuego manteniendo la vegetaci\u00f3n recortada y alejada de las viviendas y dependencias. Si el fuego amenaza su propiedad, mant\u00e9ngase alerta a las \u00f3rdenes de evacuaci\u00f3n y aseg\u00farese siempre de que la salud y la seguridad de su familia sigan siendo la prioridad principal.  <\/span>\n\n<span style=\"font-weight: 400;\">Si ha sido v\u00edctima de un incendio forestal o tiene preguntas sobre una posible reclamaci\u00f3n, Abeyta Nelson le brinda el apoyo legal necesario para marcar una diferencia sustancial en la comprensi\u00f3n del complejo proceso de reclamaci\u00f3n, ayud\u00e1ndole a recuperarse de las p\u00e9rdidas. <\/span><a href=\"https:\/\/abeytanelson.com\/contact-yakima-injury-lawyer\/\"><span style=\"font-weight: 400;\">Consulte hoy mismo con nuestros abogados<\/span><\/a>,<span style=\"font-weight: 400;\"> quienes le defender\u00e1n y garantizar\u00e1n que sus derechos est\u00e9n protegidos.<\/span>\n\n<em>\u2014art\u00edculo de blog escrito por el abogado Rodney K. Nelson, Abeyta Nelson Injury Law<\/em>\n\n&nbsp;\n","protected":false},"excerpt":{"rendered":"<p>Con el calor del verano rondando los 38 \u00b0C (100 \u00b0F) durante varias semanas en partes del estado de Washington, y las condiciones c\u00e1lidas y secas que agobian a cientos de ciudades en todo el pa\u00eds, el riesgo de incendios estacionales por encima de lo normal es una realidad. Los incendios forestales se est\u00e1n convirtiendo [&hellip;]<\/p>\n","protected":false},"author":5,"featured_media":10063,"comment_status":"open","ping_status":"open","sticky":false,"template":"","format":"standard","meta":{"_acf_changed":false,"footnotes":""},"categories":[436],"tags":[500,499,502,501,437,498],"class_list":["post-10062","post","type-post","status-publish","format-standard","has-post-thumbnail","hentry","category-incendios-forestales","tag-abogados-de-incendios-en-washington","tag-abogados-de-incendios-forestales-del-estado-de-washington","tag-incendios-de-vegetacion","tag-incendios-forestales","tag-incendios-forestales-en-el-estado-de-washington","tag-incendios-forestales-provocados-por-el-hombre"],"acf":[],"yoast_head":"<!-- This site is optimized with the Yoast SEO plugin v27.3 - https:\/\/yoast.com\/product\/yoast-seo-wordpress\/ -->\n<title>C\u00f3mo gestionar las reclamaciones por da\u00f1os en incendios forestales en Washington<\/title>\n<meta name=\"description\" content=\"Con el calor del verano rondando los 38 \u00b0C (100 \u00b0F) durante varias semanas en partes del estado de Washington, y las condiciones c\u00e1lidas y secas que Los incendios forestales se est\u00e1n convirtiendo en una amenaza cada vez m\u00e1s com\u00fan para los hogares, las propiedades y la salud de las personas en el Pac\u00edfico Noroeste. Durante los \u00faltimos 13 a\u00f1os, Abeyta Nelson Injury Law ha recuperado 90 M $ para cientos de familias que han sufrido p\u00e9rdidas por incendios forestales.\" \/>\n<meta name=\"robots\" content=\"index, follow, max-snippet:-1, max-image-preview:large, max-video-preview:-1\" \/>\n<link rel=\"canonical\" href=\"https:\/\/abeytanelson.com\/es\/gestion-de-reclamaciones-por-incendios-forestales-en-wa-la-perspectiva-de-un-abogado-de-lesiones-personales\/\" \/>\n<meta property=\"og:locale\" content=\"es_ES\" \/>\n<meta property=\"og:type\" content=\"article\" \/>\n<meta property=\"og:title\" content=\"C\u00f3mo gestionar las reclamaciones por da\u00f1os en incendios forestales en Washington\" \/>\n<meta property=\"og:description\" content=\"Con el calor del verano rondando los 38 \u00b0C (100 \u00b0F) durante varias semanas en partes del estado de Washington, y las condiciones c\u00e1lidas y secas que Los incendios forestales se est\u00e1n convirtiendo en una amenaza cada vez m\u00e1s com\u00fan para los hogares, las propiedades y la salud de las personas en el Pac\u00edfico Noroeste. Durante los \u00faltimos 13 a\u00f1os, Abeyta Nelson Injury Law ha recuperado 90 M $ para cientos de familias que han sufrido p\u00e9rdidas por incendios forestales.\" \/>\n<meta property=\"og:url\" content=\"https:\/\/abeytanelson.com\/es\/gestion-de-reclamaciones-por-incendios-forestales-en-wa-la-perspectiva-de-un-abogado-de-lesiones-personales\/\" \/>\n<meta property=\"og:site_name\" content=\"Abeyta Nelson Injury Law\" \/>\n<meta property=\"article:publisher\" content=\"https:\/\/www.facebook.com\/people\/Abeyta-Nelson-Injury-Law\/100063503115654\/\" \/>\n<meta property=\"article:published_time\" content=\"2024-07-25T23:33:05+00:00\" \/>\n<meta property=\"article:modified_time\" content=\"2026-03-11T00:42:17+00:00\" \/>\n<meta name=\"author\" content=\"Amy Peters\" \/>\n<meta name=\"twitter:card\" content=\"summary_large_image\" \/>\n<meta name=\"twitter:label1\" content=\"Escrito por\" \/>\n\t<meta name=\"twitter:data1\" content=\"Amy Peters\" \/>\n\t<meta name=\"twitter:label2\" content=\"Tiempo de lectura\" \/>\n\t<meta name=\"twitter:data2\" content=\"6 minutos\" \/>\n<script type=\"application\/ld+json\" class=\"yoast-schema-graph\">{\"@context\":\"https:\\\/\\\/schema.org\",\"@graph\":[{\"@type\":\"Article\",\"@id\":\"https:\\\/\\\/abeytanelson.com\\\/es\\\/gestion-de-reclamaciones-por-incendios-forestales-en-wa-la-perspectiva-de-un-abogado-de-lesiones-personales\\\/#article\",\"isPartOf\":{\"@id\":\"https:\\\/\\\/abeytanelson.com\\\/es\\\/gestion-de-reclamaciones-por-incendios-forestales-en-wa-la-perspectiva-de-un-abogado-de-lesiones-personales\\\/\"},\"author\":{\"name\":\"Amy Peters\",\"@id\":\"https:\\\/\\\/abeytanelson.com\\\/es\\\/#\\\/schema\\\/person\\\/f55d812d44d5e145ccb6cdb56c315563\"},\"headline\":\"Gesti\u00f3n de reclamaciones por incendios forestales en WA: la perspectiva de un abogado de lesiones personales\",\"datePublished\":\"2024-07-25T23:33:05+00:00\",\"dateModified\":\"2026-03-11T00:42:17+00:00\",\"mainEntityOfPage\":{\"@id\":\"https:\\\/\\\/abeytanelson.com\\\/es\\\/gestion-de-reclamaciones-por-incendios-forestales-en-wa-la-perspectiva-de-un-abogado-de-lesiones-personales\\\/\"},\"wordCount\":1183,\"commentCount\":0,\"publisher\":{\"@id\":\"https:\\\/\\\/abeytanelson.com\\\/es\\\/#organization\"},\"image\":{\"@id\":\"https:\\\/\\\/abeytanelson.com\\\/es\\\/gestion-de-reclamaciones-por-incendios-forestales-en-wa-la-perspectiva-de-un-abogado-de-lesiones-personales\\\/#primaryimage\"},\"thumbnailUrl\":\"https:\\\/\\\/abeytanelson.com\\\/wp-content\\\/uploads\\\/2026\\\/02\\\/iStock-157677216-jpg.avif\",\"keywords\":[\"abogados de incendios en Washington\",\"abogados de incendios forestales del estado de Washington\",\"incendios de vegetaci\u00f3n\",\"incendios forestales\",\"incendios forestales en el estado de Washington\",\"incendios forestales provocados por el hombre\"],\"articleSection\":[\"Incendios forestales\"],\"inLanguage\":\"es\",\"potentialAction\":[{\"@type\":\"CommentAction\",\"name\":\"Comment\",\"target\":[\"https:\\\/\\\/abeytanelson.com\\\/es\\\/gestion-de-reclamaciones-por-incendios-forestales-en-wa-la-perspectiva-de-un-abogado-de-lesiones-personales\\\/#respond\"]}]},{\"@type\":\"WebPage\",\"@id\":\"https:\\\/\\\/abeytanelson.com\\\/es\\\/gestion-de-reclamaciones-por-incendios-forestales-en-wa-la-perspectiva-de-un-abogado-de-lesiones-personales\\\/\",\"url\":\"https:\\\/\\\/abeytanelson.com\\\/es\\\/gestion-de-reclamaciones-por-incendios-forestales-en-wa-la-perspectiva-de-un-abogado-de-lesiones-personales\\\/\",\"name\":\"C\u00f3mo gestionar las reclamaciones por da\u00f1os en incendios forestales en Washington\",\"isPartOf\":{\"@id\":\"https:\\\/\\\/abeytanelson.com\\\/es\\\/#website\"},\"primaryImageOfPage\":{\"@id\":\"https:\\\/\\\/abeytanelson.com\\\/es\\\/gestion-de-reclamaciones-por-incendios-forestales-en-wa-la-perspectiva-de-un-abogado-de-lesiones-personales\\\/#primaryimage\"},\"image\":{\"@id\":\"https:\\\/\\\/abeytanelson.com\\\/es\\\/gestion-de-reclamaciones-por-incendios-forestales-en-wa-la-perspectiva-de-un-abogado-de-lesiones-personales\\\/#primaryimage\"},\"thumbnailUrl\":\"https:\\\/\\\/abeytanelson.com\\\/wp-content\\\/uploads\\\/2026\\\/02\\\/iStock-157677216-jpg.avif\",\"datePublished\":\"2024-07-25T23:33:05+00:00\",\"dateModified\":\"2026-03-11T00:42:17+00:00\",\"description\":\"Con el calor del verano rondando los 38 \u00b0C (100 \u00b0F) durante varias semanas en partes del estado de Washington, y las condiciones c\u00e1lidas y secas que Los incendios forestales se est\u00e1n convirtiendo en una amenaza cada vez m\u00e1s com\u00fan para los hogares, las propiedades y la salud de las personas en el Pac\u00edfico Noroeste. Durante los \u00faltimos 13 a\u00f1os, Abeyta Nelson Injury Law ha recuperado 90 M $ para cientos de familias que han sufrido p\u00e9rdidas por incendios forestales.\",\"breadcrumb\":{\"@id\":\"https:\\\/\\\/abeytanelson.com\\\/es\\\/gestion-de-reclamaciones-por-incendios-forestales-en-wa-la-perspectiva-de-un-abogado-de-lesiones-personales\\\/#breadcrumb\"},\"inLanguage\":\"es\",\"potentialAction\":[{\"@type\":\"ReadAction\",\"target\":[\"https:\\\/\\\/abeytanelson.com\\\/es\\\/gestion-de-reclamaciones-por-incendios-forestales-en-wa-la-perspectiva-de-un-abogado-de-lesiones-personales\\\/\"]}]},{\"@type\":\"ImageObject\",\"inLanguage\":\"es\",\"@id\":\"https:\\\/\\\/abeytanelson.com\\\/es\\\/gestion-de-reclamaciones-por-incendios-forestales-en-wa-la-perspectiva-de-un-abogado-de-lesiones-personales\\\/#primaryimage\",\"url\":\"https:\\\/\\\/abeytanelson.com\\\/wp-content\\\/uploads\\\/2026\\\/02\\\/iStock-157677216-jpg.avif\",\"contentUrl\":\"https:\\\/\\\/abeytanelson.com\\\/wp-content\\\/uploads\\\/2026\\\/02\\\/iStock-157677216-jpg.avif\",\"width\":1254,\"height\":836,\"caption\":\"Las p\u00e9rdidas por incendios forestales pueden ser devastadoras. Abeyta Nelson ha ayudado a cientos de familias a reconstruir sus vidas.\"},{\"@type\":\"BreadcrumbList\",\"@id\":\"https:\\\/\\\/abeytanelson.com\\\/es\\\/gestion-de-reclamaciones-por-incendios-forestales-en-wa-la-perspectiva-de-un-abogado-de-lesiones-personales\\\/#breadcrumb\",\"itemListElement\":[{\"@type\":\"ListItem\",\"position\":1,\"name\":\"Home\",\"item\":\"https:\\\/\\\/abeytanelson.com\\\/es\\\/inicio\\\/\"},{\"@type\":\"ListItem\",\"position\":2,\"name\":\"Gesti\u00f3n de reclamaciones por incendios forestales en WA: la perspectiva de un abogado de lesiones personales\"}]},{\"@type\":\"WebSite\",\"@id\":\"https:\\\/\\\/abeytanelson.com\\\/es\\\/#website\",\"url\":\"https:\\\/\\\/abeytanelson.com\\\/es\\\/\",\"name\":\"Abeyta Nelson Injury Law\",\"description\":\"\",\"publisher\":{\"@id\":\"https:\\\/\\\/abeytanelson.com\\\/es\\\/#organization\"},\"potentialAction\":[{\"@type\":\"SearchAction\",\"target\":{\"@type\":\"EntryPoint\",\"urlTemplate\":\"https:\\\/\\\/abeytanelson.com\\\/es\\\/?s={search_term_string}\"},\"query-input\":{\"@type\":\"PropertyValueSpecification\",\"valueRequired\":true,\"valueName\":\"search_term_string\"}}],\"inLanguage\":\"es\"},{\"@type\":\"Organization\",\"@id\":\"https:\\\/\\\/abeytanelson.com\\\/es\\\/#organization\",\"name\":\"Abeyta Nelson Injury Law\",\"url\":\"https:\\\/\\\/abeytanelson.com\\\/es\\\/\",\"logo\":{\"@type\":\"ImageObject\",\"inLanguage\":\"es\",\"@id\":\"https:\\\/\\\/abeytanelson.com\\\/es\\\/#\\\/schema\\\/logo\\\/image\\\/\",\"url\":\"https:\\\/\\\/abeytanelson.com\\\/wp-content\\\/uploads\\\/2020\\\/02\\\/new-Logo-container.svg\",\"contentUrl\":\"https:\\\/\\\/abeytanelson.com\\\/wp-content\\\/uploads\\\/2020\\\/02\\\/new-Logo-container.svg\",\"width\":214,\"height\":67,\"caption\":\"Abeyta Nelson Injury Law\"},\"image\":{\"@id\":\"https:\\\/\\\/abeytanelson.com\\\/es\\\/#\\\/schema\\\/logo\\\/image\\\/\"},\"sameAs\":[\"https:\\\/\\\/www.facebook.com\\\/people\\\/Abeyta-Nelson-Injury-Law\\\/100063503115654\\\/\",\"https:\\\/\\\/www.yelp.com\\\/biz\\\/abeyta-nelson-injury-law-yakima?osq=abeyta nelson injury law\",\"https:\\\/\\\/www.instagram.com\\\/abeytanelsoninjurylaw\\\/\",\"https:\\\/\\\/www.linkedin.com\\\/company\\\/abeyta-nelson-injury-law\\\/\"]},{\"@type\":\"Person\",\"@id\":\"https:\\\/\\\/abeytanelson.com\\\/es\\\/#\\\/schema\\\/person\\\/f55d812d44d5e145ccb6cdb56c315563\",\"name\":\"Amy Peters\",\"image\":{\"@type\":\"ImageObject\",\"inLanguage\":\"es\",\"@id\":\"https:\\\/\\\/secure.gravatar.com\\\/avatar\\\/a306a7d05d32e4bb468c29a02ee46509c9da34f6dc6095577ca52ef4205e373d?s=96&d=mm&r=g\",\"url\":\"https:\\\/\\\/secure.gravatar.com\\\/avatar\\\/a306a7d05d32e4bb468c29a02ee46509c9da34f6dc6095577ca52ef4205e373d?s=96&d=mm&r=g\",\"contentUrl\":\"https:\\\/\\\/secure.gravatar.com\\\/avatar\\\/a306a7d05d32e4bb468c29a02ee46509c9da34f6dc6095577ca52ef4205e373d?s=96&d=mm&r=g\",\"caption\":\"Amy Peters\"}}]}<\/script>\n<!-- \/ Yoast SEO plugin. -->","yoast_head_json":{"title":"C\u00f3mo gestionar las reclamaciones por da\u00f1os en incendios forestales en Washington","description":"Con el calor del verano rondando los 38 \u00b0C (100 \u00b0F) durante varias semanas en partes del estado de Washington, y las condiciones c\u00e1lidas y secas que Los incendios forestales se est\u00e1n convirtiendo en una amenaza cada vez m\u00e1s com\u00fan para los hogares, las propiedades y la salud de las personas en el Pac\u00edfico Noroeste. Durante los \u00faltimos 13 a\u00f1os, Abeyta Nelson Injury Law ha recuperado 90 M $ para cientos de familias que han sufrido p\u00e9rdidas por incendios forestales.","robots":{"index":"index","follow":"follow","max-snippet":"max-snippet:-1","max-image-preview":"max-image-preview:large","max-video-preview":"max-video-preview:-1"},"canonical":"https:\/\/abeytanelson.com\/es\/gestion-de-reclamaciones-por-incendios-forestales-en-wa-la-perspectiva-de-un-abogado-de-lesiones-personales\/","og_locale":"es_ES","og_type":"article","og_title":"C\u00f3mo gestionar las reclamaciones por da\u00f1os en incendios forestales en Washington","og_description":"Con el calor del verano rondando los 38 \u00b0C (100 \u00b0F) durante varias semanas en partes del estado de Washington, y las condiciones c\u00e1lidas y secas que Los incendios forestales se est\u00e1n convirtiendo en una amenaza cada vez m\u00e1s com\u00fan para los hogares, las propiedades y la salud de las personas en el Pac\u00edfico Noroeste. Durante los \u00faltimos 13 a\u00f1os, Abeyta Nelson Injury Law ha recuperado 90 M $ para cientos de familias que han sufrido p\u00e9rdidas por incendios forestales.","og_url":"https:\/\/abeytanelson.com\/es\/gestion-de-reclamaciones-por-incendios-forestales-en-wa-la-perspectiva-de-un-abogado-de-lesiones-personales\/","og_site_name":"Abeyta Nelson Injury Law","article_publisher":"https:\/\/www.facebook.com\/people\/Abeyta-Nelson-Injury-Law\/100063503115654\/","article_published_time":"2024-07-25T23:33:05+00:00","article_modified_time":"2026-03-11T00:42:17+00:00","author":"Amy Peters","twitter_card":"summary_large_image","twitter_misc":{"Escrito por":"Amy Peters","Tiempo de lectura":"6 minutos"},"schema":{"@context":"https:\/\/schema.org","@graph":[{"@type":"Article","@id":"https:\/\/abeytanelson.com\/es\/gestion-de-reclamaciones-por-incendios-forestales-en-wa-la-perspectiva-de-un-abogado-de-lesiones-personales\/#article","isPartOf":{"@id":"https:\/\/abeytanelson.com\/es\/gestion-de-reclamaciones-por-incendios-forestales-en-wa-la-perspectiva-de-un-abogado-de-lesiones-personales\/"},"author":{"name":"Amy Peters","@id":"https:\/\/abeytanelson.com\/es\/#\/schema\/person\/f55d812d44d5e145ccb6cdb56c315563"},"headline":"Gesti\u00f3n de reclamaciones por incendios forestales en WA: la perspectiva de un abogado de lesiones personales","datePublished":"2024-07-25T23:33:05+00:00","dateModified":"2026-03-11T00:42:17+00:00","mainEntityOfPage":{"@id":"https:\/\/abeytanelson.com\/es\/gestion-de-reclamaciones-por-incendios-forestales-en-wa-la-perspectiva-de-un-abogado-de-lesiones-personales\/"},"wordCount":1183,"commentCount":0,"publisher":{"@id":"https:\/\/abeytanelson.com\/es\/#organization"},"image":{"@id":"https:\/\/abeytanelson.com\/es\/gestion-de-reclamaciones-por-incendios-forestales-en-wa-la-perspectiva-de-un-abogado-de-lesiones-personales\/#primaryimage"},"thumbnailUrl":"https:\/\/abeytanelson.com\/wp-content\/uploads\/2026\/02\/iStock-157677216-jpg.avif","keywords":["abogados de incendios en Washington","abogados de incendios forestales del estado de Washington","incendios de vegetaci\u00f3n","incendios forestales","incendios forestales en el estado de Washington","incendios forestales provocados por el hombre"],"articleSection":["Incendios forestales"],"inLanguage":"es","potentialAction":[{"@type":"CommentAction","name":"Comment","target":["https:\/\/abeytanelson.com\/es\/gestion-de-reclamaciones-por-incendios-forestales-en-wa-la-perspectiva-de-un-abogado-de-lesiones-personales\/#respond"]}]},{"@type":"WebPage","@id":"https:\/\/abeytanelson.com\/es\/gestion-de-reclamaciones-por-incendios-forestales-en-wa-la-perspectiva-de-un-abogado-de-lesiones-personales\/","url":"https:\/\/abeytanelson.com\/es\/gestion-de-reclamaciones-por-incendios-forestales-en-wa-la-perspectiva-de-un-abogado-de-lesiones-personales\/","name":"C\u00f3mo gestionar las reclamaciones por da\u00f1os en incendios forestales en Washington","isPartOf":{"@id":"https:\/\/abeytanelson.com\/es\/#website"},"primaryImageOfPage":{"@id":"https:\/\/abeytanelson.com\/es\/gestion-de-reclamaciones-por-incendios-forestales-en-wa-la-perspectiva-de-un-abogado-de-lesiones-personales\/#primaryimage"},"image":{"@id":"https:\/\/abeytanelson.com\/es\/gestion-de-reclamaciones-por-incendios-forestales-en-wa-la-perspectiva-de-un-abogado-de-lesiones-personales\/#primaryimage"},"thumbnailUrl":"https:\/\/abeytanelson.com\/wp-content\/uploads\/2026\/02\/iStock-157677216-jpg.avif","datePublished":"2024-07-25T23:33:05+00:00","dateModified":"2026-03-11T00:42:17+00:00","description":"Con el calor del verano rondando los 38 \u00b0C (100 \u00b0F) durante varias semanas en partes del estado de Washington, y las condiciones c\u00e1lidas y secas que Los incendios forestales se est\u00e1n convirtiendo en una amenaza cada vez m\u00e1s com\u00fan para los hogares, las propiedades y la salud de las personas en el Pac\u00edfico Noroeste. Durante los \u00faltimos 13 a\u00f1os, Abeyta Nelson Injury Law ha recuperado 90 M $ para cientos de familias que han sufrido p\u00e9rdidas por incendios forestales.","breadcrumb":{"@id":"https:\/\/abeytanelson.com\/es\/gestion-de-reclamaciones-por-incendios-forestales-en-wa-la-perspectiva-de-un-abogado-de-lesiones-personales\/#breadcrumb"},"inLanguage":"es","potentialAction":[{"@type":"ReadAction","target":["https:\/\/abeytanelson.com\/es\/gestion-de-reclamaciones-por-incendios-forestales-en-wa-la-perspectiva-de-un-abogado-de-lesiones-personales\/"]}]},{"@type":"ImageObject","inLanguage":"es","@id":"https:\/\/abeytanelson.com\/es\/gestion-de-reclamaciones-por-incendios-forestales-en-wa-la-perspectiva-de-un-abogado-de-lesiones-personales\/#primaryimage","url":"https:\/\/abeytanelson.com\/wp-content\/uploads\/2026\/02\/iStock-157677216-jpg.avif","contentUrl":"https:\/\/abeytanelson.com\/wp-content\/uploads\/2026\/02\/iStock-157677216-jpg.avif","width":1254,"height":836,"caption":"Las p\u00e9rdidas por incendios forestales pueden ser devastadoras. Abeyta Nelson ha ayudado a cientos de familias a reconstruir sus vidas."},{"@type":"BreadcrumbList","@id":"https:\/\/abeytanelson.com\/es\/gestion-de-reclamaciones-por-incendios-forestales-en-wa-la-perspectiva-de-un-abogado-de-lesiones-personales\/#breadcrumb","itemListElement":[{"@type":"ListItem","position":1,"name":"Home","item":"https:\/\/abeytanelson.com\/es\/inicio\/"},{"@type":"ListItem","position":2,"name":"Gesti\u00f3n de reclamaciones por incendios forestales en WA: la perspectiva de un abogado de lesiones personales"}]},{"@type":"WebSite","@id":"https:\/\/abeytanelson.com\/es\/#website","url":"https:\/\/abeytanelson.com\/es\/","name":"Abeyta Nelson Injury Law","description":"","publisher":{"@id":"https:\/\/abeytanelson.com\/es\/#organization"},"potentialAction":[{"@type":"SearchAction","target":{"@type":"EntryPoint","urlTemplate":"https:\/\/abeytanelson.com\/es\/?s={search_term_string}"},"query-input":{"@type":"PropertyValueSpecification","valueRequired":true,"valueName":"search_term_string"}}],"inLanguage":"es"},{"@type":"Organization","@id":"https:\/\/abeytanelson.com\/es\/#organization","name":"Abeyta Nelson Injury Law","url":"https:\/\/abeytanelson.com\/es\/","logo":{"@type":"ImageObject","inLanguage":"es","@id":"https:\/\/abeytanelson.com\/es\/#\/schema\/logo\/image\/","url":"https:\/\/abeytanelson.com\/wp-content\/uploads\/2020\/02\/new-Logo-container.svg","contentUrl":"https:\/\/abeytanelson.com\/wp-content\/uploads\/2020\/02\/new-Logo-container.svg","width":214,"height":67,"caption":"Abeyta Nelson Injury Law"},"image":{"@id":"https:\/\/abeytanelson.com\/es\/#\/schema\/logo\/image\/"},"sameAs":["https:\/\/www.facebook.com\/people\/Abeyta-Nelson-Injury-Law\/100063503115654\/","https:\/\/www.yelp.com\/biz\/abeyta-nelson-injury-law-yakima?osq=abeyta nelson injury law","https:\/\/www.instagram.com\/abeytanelsoninjurylaw\/","https:\/\/www.linkedin.com\/company\/abeyta-nelson-injury-law\/"]},{"@type":"Person","@id":"https:\/\/abeytanelson.com\/es\/#\/schema\/person\/f55d812d44d5e145ccb6cdb56c315563","name":"Amy Peters","image":{"@type":"ImageObject","inLanguage":"es","@id":"https:\/\/secure.gravatar.com\/avatar\/a306a7d05d32e4bb468c29a02ee46509c9da34f6dc6095577ca52ef4205e373d?s=96&d=mm&r=g","url":"https:\/\/secure.gravatar.com\/avatar\/a306a7d05d32e4bb468c29a02ee46509c9da34f6dc6095577ca52ef4205e373d?s=96&d=mm&r=g","contentUrl":"https:\/\/secure.gravatar.com\/avatar\/a306a7d05d32e4bb468c29a02ee46509c9da34f6dc6095577ca52ef4205e373d?s=96&d=mm&r=g","caption":"Amy Peters"}}]}},"_links":{"self":[{"href":"https:\/\/abeytanelson.com\/es\/wp-json\/wp\/v2\/posts\/10062","targetHints":{"allow":["GET"]}}],"collection":[{"href":"https:\/\/abeytanelson.com\/es\/wp-json\/wp\/v2\/posts"}],"about":[{"href":"https:\/\/abeytanelson.com\/es\/wp-json\/wp\/v2\/types\/post"}],"author":[{"embeddable":true,"href":"https:\/\/abeytanelson.com\/es\/wp-json\/wp\/v2\/users\/5"}],"replies":[{"embeddable":true,"href":"https:\/\/abeytanelson.com\/es\/wp-json\/wp\/v2\/comments?post=10062"}],"version-history":[{"count":1,"href":"https:\/\/abeytanelson.com\/es\/wp-json\/wp\/v2\/posts\/10062\/revisions"}],"predecessor-version":[{"id":10064,"href":"https:\/\/abeytanelson.com\/es\/wp-json\/wp\/v2\/posts\/10062\/revisions\/10064"}],"wp:featuredmedia":[{"embeddable":true,"href":"https:\/\/abeytanelson.com\/es\/wp-json\/wp\/v2\/media\/10063"}],"wp:attachment":[{"href":"https:\/\/abeytanelson.com\/es\/wp-json\/wp\/v2\/media?parent=10062"}],"wp:term":[{"taxonomy":"category","embeddable":true,"href":"https:\/\/abeytanelson.com\/es\/wp-json\/wp\/v2\/categories?post=10062"},{"taxonomy":"post_tag","embeddable":true,"href":"https:\/\/abeytanelson.com\/es\/wp-json\/wp\/v2\/tags?post=10062"}],"curies":[{"name":"wp","href":"https:\/\/api.w.org\/{rel}","templated":true}]}}