{"id":10069,"date":"2024-06-28T19:38:29","date_gmt":"2024-06-29T00:38:29","guid":{"rendered":"http:\/\/abeytanelson.com\/lesiones-por-presion-las-lesiones-ocultas-en-las-residencias-de-ancianos\/"},"modified":"2026-03-10T19:42:54","modified_gmt":"2026-03-11T00:42:54","slug":"lesiones-por-presion-las-lesiones-ocultas-en-las-residencias-de-ancianos","status":"publish","type":"post","link":"https:\/\/abeytanelson.com\/es\/lesiones-por-presion-las-lesiones-ocultas-en-las-residencias-de-ancianos\/","title":{"rendered":"Lesiones por presi\u00f3n: Las lesiones ocultas en las residencias de ancianos"},"content":{"rendered":"\n<p class=\"p1\"> <span class=\"s1\">L<\/span>as lesiones por presi\u00f3n son lesiones muy graves que pueden tardar meses en curarse y, a veces, pueden causar la muerte.<span class=\"Apple-converted-space\">  <\/span>Una lesi\u00f3n por presi\u00f3n, tambi\u00e9n conocida como \u00falcera por presi\u00f3n, escara o llaga por presi\u00f3n, se produce cuando el flujo sangu\u00edneo se restringe a la piel y al tejido debajo de la piel, lo que provoca su deterioro. Este tipo de lesiones suelen aparecer en partes del cuerpo donde la piel se comprime entre un hueso y una superficie, como una silla de ruedas o un colch\u00f3n. Las lesiones por presi\u00f3n son frecuentes en adultos mayores que est\u00e1n confinados a una silla de ruedas o a la cama debido a la inmovilidad. Las partes del cuerpo com\u00fanmente afectadas incluyen la zona del coxis, los talones, las caderas, los tobillos y la espalda.   <\/p>\n\n<h2>Informaci\u00f3n sobre las \u00falceras desarrolladas en residencias de ancianos<\/h2>\n<p class=\"p1\">Las estad\u00edsticas muestran que m\u00e1s de 1 de cada 10 (11%) residentes desarrollar\u00e1 una \u00falcera por presi\u00f3n mientras reside en una residencia de ancianos, pero eso no significa que una \u00falcera por presi\u00f3n sea inevitable.<\/p>\n<p class=\"p1\"><strong>Las regulaciones federales exigen que la instalaci\u00f3n debe asegurar:<\/strong><\/p>\n<p class=\"p1\">\u201cUn residente que ingresa en la instalaci\u00f3n sin \u00falceras por presi\u00f3n no las desarrolla a menos que la condici\u00f3n cl\u00ednica del individuo demuestre que eran inevitables; y un residente con \u00falceras por presi\u00f3n recibe el tratamiento y los servicios necesarios para promover la curaci\u00f3n, prevenir infecciones y evitar el desarrollo de nuevas \u00falceras.\u201d<\/p>\n<p class=\"p1\"><strong>Seg\u00fan las regulaciones, las \u00falceras por presi\u00f3n son evitables si la instalaci\u00f3n no cumple con una o m\u00e1s de las siguientes acciones:<\/strong><\/p>\n<p class=\"p1\">\u201cEvaluar la condici\u00f3n cl\u00ednica del residente y los factores de riesgo de \u00falceras por presi\u00f3n; definir e implementar intervenciones que sean consistentes con las necesidades del residente, los objetivos del residente y el est\u00e1ndar de pr\u00e1ctica reconocido; monitorear y evaluar el impacto de las intervenciones; o revisar las intervenciones seg\u00fan corresponda.\u201d<\/p>\n<p class=\"p1\">Una \u00falcera por presi\u00f3n era inevitable si el residente la desarroll\u00f3 a pesar de que la instalaci\u00f3n tom\u00f3 todas las medidas adecuadas. Nada exime a la residencia de ancianos del <a href=\"https:\/\/abeytanelson.com\/safe-schools-start-with-duty-of-care\/\" data-wpil-monitor-id=\"82\">deber de proporcionar la atenci\u00f3n preventiva requerida<\/a>. Una residencia de ancianos que no hace nada no puede defenderse alegando que nada evitar\u00eda la \u00falcera por presi\u00f3n.  <\/p>\n<p class=\"p1\"><strong>Las regulaciones de Washington son similares a las regulaciones federales. En el <a href=\"https:\/\/abeytanelson.com\/faqs\/what-are-the-common-causes-of-washington-state-car-accidents\/\" target=\"_blank\" rel=\"noopener\" data-wpil-monitor-id=\"796\">Estado de Washington<\/a>, el Estatuto del Adulto Vulnerable permite la recuperaci\u00f3n cuando una instalaci\u00f3n demuestra: <\/strong><\/p>\n<p class=\"p1\">\u201cUn patr\u00f3n de conducta o inacci\u00f3n por parte de una persona o entidad con un deber de cuidado que (a) no proporciona los bienes y servicios que mantienen la salud f\u00edsica o mental de un adulto vulnerable, o que no <a href=\"https:\/\/abeytanelson.com\/drive-safely-avoid-snoqualmie-pass-car-accidents\/\" target=\"_blank\" rel=\"noopener\" data-wpil-monitor-id=\"797\">evita o previene<\/a> da\u00f1os f\u00edsicos o mentales o dolor a un adulto vulnerable; o (b) un acto u omisi\u00f3n por parte de una persona o entidad con un deber de cuidado que demuestra una grave indiferencia ante consecuencias de tal magnitud que constituyen un peligro claro y presente para la salud, el bienestar o la seguridad del adulto vulnerable.\u201d<\/p>\n\n<h2 class=\"p1\">\u00bfQu\u00e9 es un adulto vulnerable?<\/h2>\n<p class=\"p1\">(a) Sesenta a\u00f1os o m\u00e1s que tiene la incapacidad funcional, mental o f\u00edsica para cuidarse a s\u00ed mismo; o<\/p>\n<p class=\"p1\">(b) Declarado incapacitado seg\u00fan el Cap\u00edtulo 11.88 RCW; o<\/p>\n<p class=\"p1\">(c) Que tiene una discapacidad del desarrollo seg\u00fan se define en el RCW 71A.10.020; o<\/p>\n<p class=\"p1\">(d) Admitido en cualquier instalaci\u00f3n; o<\/p>\n<p class=\"p1\">(e) Recibe servicios de agencias de atenci\u00f3n domiciliaria, hospicios o <a href=\"https:\/\/abeytanelson.com\/is-your-senior-suffering-from-neglect-nursing-home-abuse-attorneys\/\" target=\"_blank\" rel=\"noopener\" data-wpil-monitor-id=\"798\">cuidado a domicilio<\/a> con licencia o que requieren licencia seg\u00fan el cap\u00edtulo 70.127 RCW; o<\/p>\n<p class=\"p1\">(f) Recibe servicios de un proveedor individual; o<\/p>\n<p class=\"p1\">(g) Que dirige su propio cuidado y recibe servicios de un asistente personal seg\u00fan el cap\u00edtulo 74.39 RCW.<\/p>\n<p class=\"p1\">Una reclamaci\u00f3n exitosa bajo el Estatuto del Adulto Vulnerable permite a la parte lesionada recuperar los honorarios y costes del <a href=\"https:\/\/abeytanelson.com\/our-attorneys-yakima-ellensburg-sunnyside\/\" target=\"_blank\" rel=\"noopener\" data-wpil-monitor-id=\"799\">abogado<\/a>. Este es un estatuto importante ya que el n\u00famero de personas en residencias de ancianos sigue aumentando. Actualmente, el 13,5 por ciento de las personas mayores de 85 a\u00f1os \u2014casi dos millones de personas\u2014 viven en residencias de ancianos. Es imperativo que tratemos a las personas mayores, que se encuentran entre las m\u00e1s vulnerables, con respeto y dignidad. Desafortunadamente, algunas residencias de ancianos ven a los ancianos como una fuente de lucro. Antes de ingresar a un ser querido en una instalaci\u00f3n, debe verificar el historial de seguridad de la misma.     <\/p>\n\n<h2>Contratar a un abogado de lesiones en residencias de ancianos en Yakima<\/h2>\n<p class=\"p1\">Si tiene un ser querido que desarroll\u00f3 una lesi\u00f3n por presi\u00f3n mientras estaba en una residencia de ancianos y cree que la lesi\u00f3n no deber\u00eda haber ocurrido, p\u00f3ngase en contacto con los <a href=\"https:\/\/abeytanelson.com\/get-a-personal-injury-attorney-for-your-car-accident\/\" data-wpil-monitor-id=\"71\">abogados de Abeyta Nelson Injury<\/a> Law. Tenemos una amplia <a href=\"https:\/\/abeytanelson.com\/what-is-your-experience-in-successfully-settling-cases-like-mine\/\" target=\"_blank\" rel=\"noopener\" data-wpil-monitor-id=\"800\">experiencia en el manejo exitoso<\/a> de estas reclamaciones. <\/p>\n<em>-blog escrito por el abogado <a class=\"wpil_keyword_link\" title=\"David Abeyta\" href=\"https:\/\/abeytanelson.com\/attorneys\/david-p-abeyta\/\" target=\"_blank\" rel=\"noopener\" data-wpil-keyword-link=\"linked\" data-wpil-monitor-id=\"757\">David Abeyta<\/a>, Abeyta Nelson Injury Law<\/em>\n\n&nbsp;\n\n&nbsp;\n","protected":false},"excerpt":{"rendered":"<p>Las lesiones por presi\u00f3n son lesiones muy graves que pueden tardar meses en curarse y, a veces, pueden causar la muerte. Una lesi\u00f3n por presi\u00f3n, tambi\u00e9n conocida como \u00falcera por presi\u00f3n, escara o llaga por presi\u00f3n, se produce cuando el flujo sangu\u00edneo se restringe a la piel y al tejido debajo de la piel, lo [&hellip;]<\/p>\n","protected":false},"author":5,"featured_media":0,"comment_status":"open","ping_status":"open","sticky":false,"template":"","format":"standard","meta":{"_acf_changed":false,"footnotes":""},"categories":[503],"tags":[],"class_list":["post-10069","post","type-post","status-publish","format-standard","hentry","category-maltrato-en-residencias-de-ancianos"],"acf":[],"yoast_head":"<!-- This site is optimized with the Yoast SEO plugin v27.3 - https:\/\/yoast.com\/product\/yoast-seo-wordpress\/ -->\n<title>Lesiones por presi\u00f3n y \u00falceras en residencias de ancianos: Tome medidas en Yakima<\/title>\n<meta name=\"robots\" content=\"index, follow, max-snippet:-1, max-image-preview:large, max-video-preview:-1\" \/>\n<link rel=\"canonical\" href=\"https:\/\/abeytanelson.com\/es\/lesiones-por-presion-las-lesiones-ocultas-en-las-residencias-de-ancianos\/\" \/>\n<meta property=\"og:locale\" content=\"es_ES\" \/>\n<meta property=\"og:type\" content=\"article\" \/>\n<meta property=\"og:title\" content=\"Lesiones por presi\u00f3n y \u00falceras en residencias de ancianos: Tome medidas en Yakima\" \/>\n<meta property=\"og:description\" content=\"Las lesiones por presi\u00f3n son lesiones muy graves que pueden tardar meses en curarse y, a veces, pueden causar la muerte. Una lesi\u00f3n por presi\u00f3n, tambi\u00e9n conocida como \u00falcera por presi\u00f3n, escara o llaga por presi\u00f3n, se produce cuando el flujo sangu\u00edneo se restringe a la piel y al tejido debajo de la piel, lo [&hellip;]\" \/>\n<meta property=\"og:url\" content=\"https:\/\/abeytanelson.com\/es\/lesiones-por-presion-las-lesiones-ocultas-en-las-residencias-de-ancianos\/\" \/>\n<meta property=\"og:site_name\" content=\"Abeyta Nelson Injury Law\" \/>\n<meta property=\"article:publisher\" content=\"https:\/\/www.facebook.com\/people\/Abeyta-Nelson-Injury-Law\/100063503115654\/\" \/>\n<meta property=\"article:published_time\" content=\"2024-06-29T00:38:29+00:00\" \/>\n<meta property=\"article:modified_time\" content=\"2026-03-11T00:42:54+00:00\" \/>\n<meta name=\"author\" content=\"Amy Peters\" \/>\n<meta name=\"twitter:card\" content=\"summary_large_image\" \/>\n<meta name=\"twitter:label1\" content=\"Escrito por\" \/>\n\t<meta name=\"twitter:data1\" content=\"Amy Peters\" \/>\n\t<meta name=\"twitter:label2\" content=\"Tiempo de lectura\" \/>\n\t<meta name=\"twitter:data2\" content=\"4 minutos\" \/>\n<script type=\"application\/ld+json\" class=\"yoast-schema-graph\">{\"@context\":\"https:\\\/\\\/schema.org\",\"@graph\":[{\"@type\":\"Article\",\"@id\":\"https:\\\/\\\/abeytanelson.com\\\/es\\\/lesiones-por-presion-las-lesiones-ocultas-en-las-residencias-de-ancianos\\\/#article\",\"isPartOf\":{\"@id\":\"https:\\\/\\\/abeytanelson.com\\\/es\\\/lesiones-por-presion-las-lesiones-ocultas-en-las-residencias-de-ancianos\\\/\"},\"author\":{\"name\":\"Amy Peters\",\"@id\":\"https:\\\/\\\/abeytanelson.com\\\/es\\\/#\\\/schema\\\/person\\\/f55d812d44d5e145ccb6cdb56c315563\"},\"headline\":\"Lesiones por presi\u00f3n: Las lesiones ocultas en las residencias de ancianos\",\"datePublished\":\"2024-06-29T00:38:29+00:00\",\"dateModified\":\"2026-03-11T00:42:54+00:00\",\"mainEntityOfPage\":{\"@id\":\"https:\\\/\\\/abeytanelson.com\\\/es\\\/lesiones-por-presion-las-lesiones-ocultas-en-las-residencias-de-ancianos\\\/\"},\"wordCount\":857,\"commentCount\":0,\"publisher\":{\"@id\":\"https:\\\/\\\/abeytanelson.com\\\/es\\\/#organization\"},\"articleSection\":[\"Maltrato en residencias de ancianos\"],\"inLanguage\":\"es\",\"potentialAction\":[{\"@type\":\"CommentAction\",\"name\":\"Comment\",\"target\":[\"https:\\\/\\\/abeytanelson.com\\\/es\\\/lesiones-por-presion-las-lesiones-ocultas-en-las-residencias-de-ancianos\\\/#respond\"]}]},{\"@type\":\"WebPage\",\"@id\":\"https:\\\/\\\/abeytanelson.com\\\/es\\\/lesiones-por-presion-las-lesiones-ocultas-en-las-residencias-de-ancianos\\\/\",\"url\":\"https:\\\/\\\/abeytanelson.com\\\/es\\\/lesiones-por-presion-las-lesiones-ocultas-en-las-residencias-de-ancianos\\\/\",\"name\":\"Lesiones por presi\u00f3n y \u00falceras en residencias de ancianos: Tome medidas en Yakima\",\"isPartOf\":{\"@id\":\"https:\\\/\\\/abeytanelson.com\\\/es\\\/#website\"},\"datePublished\":\"2024-06-29T00:38:29+00:00\",\"dateModified\":\"2026-03-11T00:42:54+00:00\",\"breadcrumb\":{\"@id\":\"https:\\\/\\\/abeytanelson.com\\\/es\\\/lesiones-por-presion-las-lesiones-ocultas-en-las-residencias-de-ancianos\\\/#breadcrumb\"},\"inLanguage\":\"es\",\"potentialAction\":[{\"@type\":\"ReadAction\",\"target\":[\"https:\\\/\\\/abeytanelson.com\\\/es\\\/lesiones-por-presion-las-lesiones-ocultas-en-las-residencias-de-ancianos\\\/\"]}]},{\"@type\":\"BreadcrumbList\",\"@id\":\"https:\\\/\\\/abeytanelson.com\\\/es\\\/lesiones-por-presion-las-lesiones-ocultas-en-las-residencias-de-ancianos\\\/#breadcrumb\",\"itemListElement\":[{\"@type\":\"ListItem\",\"position\":1,\"name\":\"Home\",\"item\":\"https:\\\/\\\/abeytanelson.com\\\/es\\\/inicio\\\/\"},{\"@type\":\"ListItem\",\"position\":2,\"name\":\"Lesiones por presi\u00f3n: Las lesiones ocultas en las residencias de ancianos\"}]},{\"@type\":\"WebSite\",\"@id\":\"https:\\\/\\\/abeytanelson.com\\\/es\\\/#website\",\"url\":\"https:\\\/\\\/abeytanelson.com\\\/es\\\/\",\"name\":\"Abeyta Nelson Injury Law\",\"description\":\"\",\"publisher\":{\"@id\":\"https:\\\/\\\/abeytanelson.com\\\/es\\\/#organization\"},\"potentialAction\":[{\"@type\":\"SearchAction\",\"target\":{\"@type\":\"EntryPoint\",\"urlTemplate\":\"https:\\\/\\\/abeytanelson.com\\\/es\\\/?s={search_term_string}\"},\"query-input\":{\"@type\":\"PropertyValueSpecification\",\"valueRequired\":true,\"valueName\":\"search_term_string\"}}],\"inLanguage\":\"es\"},{\"@type\":\"Organization\",\"@id\":\"https:\\\/\\\/abeytanelson.com\\\/es\\\/#organization\",\"name\":\"Abeyta Nelson Injury Law\",\"url\":\"https:\\\/\\\/abeytanelson.com\\\/es\\\/\",\"logo\":{\"@type\":\"ImageObject\",\"inLanguage\":\"es\",\"@id\":\"https:\\\/\\\/abeytanelson.com\\\/es\\\/#\\\/schema\\\/logo\\\/image\\\/\",\"url\":\"https:\\\/\\\/abeytanelson.com\\\/wp-content\\\/uploads\\\/2020\\\/02\\\/new-Logo-container.svg\",\"contentUrl\":\"https:\\\/\\\/abeytanelson.com\\\/wp-content\\\/uploads\\\/2020\\\/02\\\/new-Logo-container.svg\",\"width\":214,\"height\":67,\"caption\":\"Abeyta Nelson Injury Law\"},\"image\":{\"@id\":\"https:\\\/\\\/abeytanelson.com\\\/es\\\/#\\\/schema\\\/logo\\\/image\\\/\"},\"sameAs\":[\"https:\\\/\\\/www.facebook.com\\\/people\\\/Abeyta-Nelson-Injury-Law\\\/100063503115654\\\/\",\"https:\\\/\\\/www.yelp.com\\\/biz\\\/abeyta-nelson-injury-law-yakima?osq=abeyta nelson injury law\",\"https:\\\/\\\/www.instagram.com\\\/abeytanelsoninjurylaw\\\/\",\"https:\\\/\\\/www.linkedin.com\\\/company\\\/abeyta-nelson-injury-law\\\/\"]},{\"@type\":\"Person\",\"@id\":\"https:\\\/\\\/abeytanelson.com\\\/es\\\/#\\\/schema\\\/person\\\/f55d812d44d5e145ccb6cdb56c315563\",\"name\":\"Amy Peters\",\"image\":{\"@type\":\"ImageObject\",\"inLanguage\":\"es\",\"@id\":\"https:\\\/\\\/secure.gravatar.com\\\/avatar\\\/a306a7d05d32e4bb468c29a02ee46509c9da34f6dc6095577ca52ef4205e373d?s=96&d=mm&r=g\",\"url\":\"https:\\\/\\\/secure.gravatar.com\\\/avatar\\\/a306a7d05d32e4bb468c29a02ee46509c9da34f6dc6095577ca52ef4205e373d?s=96&d=mm&r=g\",\"contentUrl\":\"https:\\\/\\\/secure.gravatar.com\\\/avatar\\\/a306a7d05d32e4bb468c29a02ee46509c9da34f6dc6095577ca52ef4205e373d?s=96&d=mm&r=g\",\"caption\":\"Amy Peters\"}}]}<\/script>\n<!-- \/ Yoast SEO plugin. -->","yoast_head_json":{"title":"Lesiones por presi\u00f3n y \u00falceras en residencias de ancianos: Tome medidas en Yakima","robots":{"index":"index","follow":"follow","max-snippet":"max-snippet:-1","max-image-preview":"max-image-preview:large","max-video-preview":"max-video-preview:-1"},"canonical":"https:\/\/abeytanelson.com\/es\/lesiones-por-presion-las-lesiones-ocultas-en-las-residencias-de-ancianos\/","og_locale":"es_ES","og_type":"article","og_title":"Lesiones por presi\u00f3n y \u00falceras en residencias de ancianos: Tome medidas en Yakima","og_description":"Las lesiones por presi\u00f3n son lesiones muy graves que pueden tardar meses en curarse y, a veces, pueden causar la muerte. Una lesi\u00f3n por presi\u00f3n, tambi\u00e9n conocida como \u00falcera por presi\u00f3n, escara o llaga por presi\u00f3n, se produce cuando el flujo sangu\u00edneo se restringe a la piel y al tejido debajo de la piel, lo [&hellip;]","og_url":"https:\/\/abeytanelson.com\/es\/lesiones-por-presion-las-lesiones-ocultas-en-las-residencias-de-ancianos\/","og_site_name":"Abeyta Nelson Injury Law","article_publisher":"https:\/\/www.facebook.com\/people\/Abeyta-Nelson-Injury-Law\/100063503115654\/","article_published_time":"2024-06-29T00:38:29+00:00","article_modified_time":"2026-03-11T00:42:54+00:00","author":"Amy Peters","twitter_card":"summary_large_image","twitter_misc":{"Escrito por":"Amy Peters","Tiempo de lectura":"4 minutos"},"schema":{"@context":"https:\/\/schema.org","@graph":[{"@type":"Article","@id":"https:\/\/abeytanelson.com\/es\/lesiones-por-presion-las-lesiones-ocultas-en-las-residencias-de-ancianos\/#article","isPartOf":{"@id":"https:\/\/abeytanelson.com\/es\/lesiones-por-presion-las-lesiones-ocultas-en-las-residencias-de-ancianos\/"},"author":{"name":"Amy Peters","@id":"https:\/\/abeytanelson.com\/es\/#\/schema\/person\/f55d812d44d5e145ccb6cdb56c315563"},"headline":"Lesiones por presi\u00f3n: Las lesiones ocultas en las residencias de ancianos","datePublished":"2024-06-29T00:38:29+00:00","dateModified":"2026-03-11T00:42:54+00:00","mainEntityOfPage":{"@id":"https:\/\/abeytanelson.com\/es\/lesiones-por-presion-las-lesiones-ocultas-en-las-residencias-de-ancianos\/"},"wordCount":857,"commentCount":0,"publisher":{"@id":"https:\/\/abeytanelson.com\/es\/#organization"},"articleSection":["Maltrato en residencias de ancianos"],"inLanguage":"es","potentialAction":[{"@type":"CommentAction","name":"Comment","target":["https:\/\/abeytanelson.com\/es\/lesiones-por-presion-las-lesiones-ocultas-en-las-residencias-de-ancianos\/#respond"]}]},{"@type":"WebPage","@id":"https:\/\/abeytanelson.com\/es\/lesiones-por-presion-las-lesiones-ocultas-en-las-residencias-de-ancianos\/","url":"https:\/\/abeytanelson.com\/es\/lesiones-por-presion-las-lesiones-ocultas-en-las-residencias-de-ancianos\/","name":"Lesiones por presi\u00f3n y \u00falceras en residencias de ancianos: Tome medidas en Yakima","isPartOf":{"@id":"https:\/\/abeytanelson.com\/es\/#website"},"datePublished":"2024-06-29T00:38:29+00:00","dateModified":"2026-03-11T00:42:54+00:00","breadcrumb":{"@id":"https:\/\/abeytanelson.com\/es\/lesiones-por-presion-las-lesiones-ocultas-en-las-residencias-de-ancianos\/#breadcrumb"},"inLanguage":"es","potentialAction":[{"@type":"ReadAction","target":["https:\/\/abeytanelson.com\/es\/lesiones-por-presion-las-lesiones-ocultas-en-las-residencias-de-ancianos\/"]}]},{"@type":"BreadcrumbList","@id":"https:\/\/abeytanelson.com\/es\/lesiones-por-presion-las-lesiones-ocultas-en-las-residencias-de-ancianos\/#breadcrumb","itemListElement":[{"@type":"ListItem","position":1,"name":"Home","item":"https:\/\/abeytanelson.com\/es\/inicio\/"},{"@type":"ListItem","position":2,"name":"Lesiones por presi\u00f3n: Las lesiones ocultas en las residencias de ancianos"}]},{"@type":"WebSite","@id":"https:\/\/abeytanelson.com\/es\/#website","url":"https:\/\/abeytanelson.com\/es\/","name":"Abeyta Nelson Injury Law","description":"","publisher":{"@id":"https:\/\/abeytanelson.com\/es\/#organization"},"potentialAction":[{"@type":"SearchAction","target":{"@type":"EntryPoint","urlTemplate":"https:\/\/abeytanelson.com\/es\/?s={search_term_string}"},"query-input":{"@type":"PropertyValueSpecification","valueRequired":true,"valueName":"search_term_string"}}],"inLanguage":"es"},{"@type":"Organization","@id":"https:\/\/abeytanelson.com\/es\/#organization","name":"Abeyta Nelson Injury Law","url":"https:\/\/abeytanelson.com\/es\/","logo":{"@type":"ImageObject","inLanguage":"es","@id":"https:\/\/abeytanelson.com\/es\/#\/schema\/logo\/image\/","url":"https:\/\/abeytanelson.com\/wp-content\/uploads\/2020\/02\/new-Logo-container.svg","contentUrl":"https:\/\/abeytanelson.com\/wp-content\/uploads\/2020\/02\/new-Logo-container.svg","width":214,"height":67,"caption":"Abeyta Nelson Injury Law"},"image":{"@id":"https:\/\/abeytanelson.com\/es\/#\/schema\/logo\/image\/"},"sameAs":["https:\/\/www.facebook.com\/people\/Abeyta-Nelson-Injury-Law\/100063503115654\/","https:\/\/www.yelp.com\/biz\/abeyta-nelson-injury-law-yakima?osq=abeyta nelson injury law","https:\/\/www.instagram.com\/abeytanelsoninjurylaw\/","https:\/\/www.linkedin.com\/company\/abeyta-nelson-injury-law\/"]},{"@type":"Person","@id":"https:\/\/abeytanelson.com\/es\/#\/schema\/person\/f55d812d44d5e145ccb6cdb56c315563","name":"Amy Peters","image":{"@type":"ImageObject","inLanguage":"es","@id":"https:\/\/secure.gravatar.com\/avatar\/a306a7d05d32e4bb468c29a02ee46509c9da34f6dc6095577ca52ef4205e373d?s=96&d=mm&r=g","url":"https:\/\/secure.gravatar.com\/avatar\/a306a7d05d32e4bb468c29a02ee46509c9da34f6dc6095577ca52ef4205e373d?s=96&d=mm&r=g","contentUrl":"https:\/\/secure.gravatar.com\/avatar\/a306a7d05d32e4bb468c29a02ee46509c9da34f6dc6095577ca52ef4205e373d?s=96&d=mm&r=g","caption":"Amy Peters"}}]}},"_links":{"self":[{"href":"https:\/\/abeytanelson.com\/es\/wp-json\/wp\/v2\/posts\/10069","targetHints":{"allow":["GET"]}}],"collection":[{"href":"https:\/\/abeytanelson.com\/es\/wp-json\/wp\/v2\/posts"}],"about":[{"href":"https:\/\/abeytanelson.com\/es\/wp-json\/wp\/v2\/types\/post"}],"author":[{"embeddable":true,"href":"https:\/\/abeytanelson.com\/es\/wp-json\/wp\/v2\/users\/5"}],"replies":[{"embeddable":true,"href":"https:\/\/abeytanelson.com\/es\/wp-json\/wp\/v2\/comments?post=10069"}],"version-history":[{"count":1,"href":"https:\/\/abeytanelson.com\/es\/wp-json\/wp\/v2\/posts\/10069\/revisions"}],"predecessor-version":[{"id":10070,"href":"https:\/\/abeytanelson.com\/es\/wp-json\/wp\/v2\/posts\/10069\/revisions\/10070"}],"wp:attachment":[{"href":"https:\/\/abeytanelson.com\/es\/wp-json\/wp\/v2\/media?parent=10069"}],"wp:term":[{"taxonomy":"category","embeddable":true,"href":"https:\/\/abeytanelson.com\/es\/wp-json\/wp\/v2\/categories?post=10069"},{"taxonomy":"post_tag","embeddable":true,"href":"https:\/\/abeytanelson.com\/es\/wp-json\/wp\/v2\/tags?post=10069"}],"curies":[{"name":"wp","href":"https:\/\/api.w.org\/{rel}","templated":true}]}}