{"id":10081,"date":"2024-04-30T20:33:19","date_gmt":"2024-05-01T01:33:19","guid":{"rendered":"http:\/\/abeytanelson.com\/covid-19-y-demandas-por-lesiones-personales\/"},"modified":"2026-03-10T19:44:41","modified_gmt":"2026-03-11T00:44:41","slug":"covid-19-y-demandas-por-lesiones-personales","status":"publish","type":"post","link":"https:\/\/abeytanelson.com\/es\/covid-19-y-demandas-por-lesiones-personales\/","title":{"rendered":"COVID-19 y demandas por lesiones personales"},"content":{"rendered":"\n<p class=\"p1\"><span class=\"s1\">L<\/span>a pandemia de COVID-19 ha trastocado la vida tal como la conocemos. Muchos en nuestra comunidad han perdido sus empleos. Otros muchos han seguido trabajando en primera l\u00ednea en la atenci\u00f3n sanitaria y otros servicios esenciales, arriesgando su propia salud en beneficio de todos nosotros. Nuestros <a href=\"https:\/\/abeytanelson.com\/business-cyber-attack-safe\/\" target=\"_blank\" rel=\"noopener\" data-wpil-monitor-id=\"836\">negocios<\/a> favoritos han sido cerrados, y la nueva \u201cnormalidad\u201d cuando nos aventuramos a salir de casa requiere el uso de mascarillas y el distanciamiento social.   <\/p>\n<p class=\"p1\">Con la incertidumbre que ha tra\u00eddo esta pandemia, hemos visto ejemplos conmovedores de comunidades que se unen. Las empresas han cambiado de rumbo para producir mascarillas o crear equipos m\u00e9dicos. Los restaurantes locales, que ya estaban pasando apuros, han proporcionado comida a los ancianos y a aquellos con recursos limitados. Se ha recaudado dinero para quienes han perdido sus empleos. Los ciudadanos han obsequiado a nuestros trabajadores de primera l\u00ednea con almuerzos sorpresa para mostrar nuestro agradecimiento por su trabajo que salva vidas.    <\/p>\n\n<h2>Las demandas por COVID-19 contin\u00faan<\/h2>\n<p class=\"p1\">Aunque la mayor\u00eda de la gente se ha unido, como en todos los escenarios, sigue habiendo malos actores. El cierre de nuestros tribunales no ha detenido una avalancha de demandas relacionadas con la crisis de COVID-19. Seg\u00fan Hunton Andrews Kurth, un <a href=\"https:\/\/abeytanelson.com\/abeyta-nelson-injury-law-voted-best-law-firm-in-yakima-washington\/\" data-wpil-monitor-id=\"131\">bufete de abogados<\/a> internacional que monitoriza las demandas relacionadas con COVID-19, a fecha de 1 de junio de 2020 se han presentado 2.360 demandas en tribunales estatales y federales de todo el pa\u00eds. Solo en Washington, se han presentado 70. Este art\u00edculo analizar\u00e1 algunas de las demandas que estamos viendo.    <\/p>\n<p class=\"p1\">Se han presentado varias demandas en todo el pa\u00eds por especulaci\u00f3n de precios. Esto est\u00e1 legalmente prohibido durante un estado de emergencia. Una de estas demandas colectivas se present\u00f3 contra Amazon, con sede aqu\u00ed en Washington, que alega que la empresa aument\u00f3 el precio de los medicamentos para el resfriado en un 674 por ciento, de un coste medio de 4,65 $ a 35,99 $. Tambi\u00e9n ha habido precios excesivos para mascarillas y desinfectantes de manos que est\u00e1n dando lugar a demandas.   <\/p>\n<p class=\"p1\">Los cierres en nuestro pa\u00eds han supuesto la cancelaci\u00f3n de eventos y planes de viaje. Algunas organizaciones han denegado directamente los reembolsos y los consumidores han presentado demandas para recuperar su pago. Tales demandas se han presentado contra SeaWorld, Ironman, British Airways y varios festivales de m\u00fasica que estaban previstos para este verano.  <span class=\"Apple-converted-space\">   <\/span><\/p>\n<p class=\"p1\">La mayor\u00eda de los profesionales m\u00e9dicos de nuestro pa\u00eds han sido h\u00e9roes durante esta pandemia. Sin embargo, una minor\u00eda de profesionales m\u00e9dicos ha intentado capitalizar el miedo que se extiende por todo nuestro pa\u00eds. <span class=\"Apple-converted-space\">  <\/span>Por ejemplo, se present\u00f3 un caso reciente contra un m\u00e9dico de California despu\u00e9s de que cobrara a un agente encubierto 4.000 $ por un kit de tratamiento de <a href=\"https:\/\/abeytanelson.com\/negligent-exposure-to-covid-19-you-may-have-a-case\/\" data-wpil-monitor-id=\"132\">COVID-19<\/a> que inclu\u00eda Xanax y Viagra.<\/p>\n<p class=\"p1\">Aqu\u00ed en Washington, se presentaron varias demandas contra el gobernador Inslee alegando que su orden de quedarse en casa era inconstitucional. En el extremo opuesto, se han presentado demandas contra empresas que contin\u00faan operando en violaci\u00f3n de las \u00f3rdenes del gobernador Inslee. Washington fue el epicentro de la propagaci\u00f3n en los Estados Unidos debido a un brote en Life <a href=\"https:\/\/abeytanelson.com\/family-sues-landmark-care-center-2010-death-88-year-old\/\" data-wpil-monitor-id=\"133\">Care Center<\/a>, una residencia asistida ubicada en Kirkland. Hubo al menos 37 muertes asociadas con este brote. La primera <a href=\"https:\/\/abeytanelson.com\/understanding-swimming-pool-accidents-in-washington-yakima-accidental-death-attorneys\/\" data-wpil-monitor-id=\"75\">demanda por homicidio culposo relacionada con COVID-19 se present\u00f3 en Washington<\/a> contra Life Care Center. Alega que la residencia era consciente del brote respiratorio en sus instalaciones durante meses, pero no actu\u00f3 para proteger a sus residentes.     <\/p>\n\n<h2>Contratar a un abogado de lesiones personales en Yakima por COVID-19<\/h2>\n<p class=\"p1\">No hay duda de que en los pr\u00f3ximos meses veremos muchas m\u00e1s demandas en Washington y en todo el pa\u00eds basadas en la pandemia de COVID-19. Si cree que usted o un <a href=\"https:\/\/abeytanelson.com\/if-youre-hurt-due-to-the-fault-of-a-family-member\/\" data-wpil-monitor-id=\"88\">familiar han sufrido lesiones<\/a> debido a una atenci\u00f3n inadecuada relacionada con la crisis de COVID-19, llame a Abeyta Nelson para discutir sus inquietudes. Nunca hay una tarifa por hablar con nosotros, y no hay tarifa a menos que recuperemos una compensaci\u00f3n para usted.  <\/p>\n&nbsp;\n","protected":false},"excerpt":{"rendered":"<p>La pandemia de COVID-19 ha trastocado la vida tal como la conocemos. Muchos en nuestra comunidad han perdido sus empleos. Otros muchos han seguido trabajando en primera l\u00ednea en la atenci\u00f3n sanitaria y otros servicios esenciales, arriesgando su propia salud en beneficio de todos nosotros. Nuestros negocios favoritos han sido cerrados, y la nueva \u201cnormalidad\u201d [&hellip;]<\/p>\n","protected":false},"author":5,"featured_media":0,"comment_status":"open","ping_status":"open","sticky":false,"template":"","format":"standard","meta":{"_acf_changed":false,"footnotes":""},"categories":[510,405],"tags":[],"class_list":["post-10081","post","type-post","status-publish","format-standard","hentry","category-covid-19","category-lesiones-personales"],"acf":[],"yoast_head":"<!-- This site is optimized with the Yoast SEO plugin v27.3 - https:\/\/yoast.com\/product\/yoast-seo-wordpress\/ -->\n<title>COVID-19 y demandas por lesiones personales en Washington<\/title>\n<meta name=\"robots\" content=\"index, follow, max-snippet:-1, max-image-preview:large, max-video-preview:-1\" \/>\n<link rel=\"canonical\" href=\"https:\/\/abeytanelson.com\/es\/covid-19-y-demandas-por-lesiones-personales\/\" \/>\n<meta property=\"og:locale\" content=\"es_ES\" \/>\n<meta property=\"og:type\" content=\"article\" \/>\n<meta property=\"og:title\" content=\"COVID-19 y demandas por lesiones personales en Washington\" \/>\n<meta property=\"og:description\" content=\"La pandemia de COVID-19 ha trastocado la vida tal como la conocemos. Muchos en nuestra comunidad han perdido sus empleos. Otros muchos han seguido trabajando en primera l\u00ednea en la atenci\u00f3n sanitaria y otros servicios esenciales, arriesgando su propia salud en beneficio de todos nosotros. Nuestros negocios favoritos han sido cerrados, y la nueva \u201cnormalidad\u201d [&hellip;]\" \/>\n<meta property=\"og:url\" content=\"https:\/\/abeytanelson.com\/es\/covid-19-y-demandas-por-lesiones-personales\/\" \/>\n<meta property=\"og:site_name\" content=\"Abeyta Nelson Injury Law\" \/>\n<meta property=\"article:publisher\" content=\"https:\/\/www.facebook.com\/people\/Abeyta-Nelson-Injury-Law\/100063503115654\/\" \/>\n<meta property=\"article:published_time\" content=\"2024-05-01T01:33:19+00:00\" \/>\n<meta property=\"article:modified_time\" content=\"2026-03-11T00:44:41+00:00\" \/>\n<meta name=\"author\" content=\"Amy Peters\" \/>\n<meta name=\"twitter:card\" content=\"summary_large_image\" \/>\n<meta name=\"twitter:label1\" content=\"Escrito por\" \/>\n\t<meta name=\"twitter:data1\" content=\"Amy Peters\" \/>\n\t<meta name=\"twitter:label2\" content=\"Tiempo de lectura\" \/>\n\t<meta name=\"twitter:data2\" content=\"3 minutos\" \/>\n<script type=\"application\/ld+json\" class=\"yoast-schema-graph\">{\"@context\":\"https:\\\/\\\/schema.org\",\"@graph\":[{\"@type\":\"Article\",\"@id\":\"https:\\\/\\\/abeytanelson.com\\\/es\\\/covid-19-y-demandas-por-lesiones-personales\\\/#article\",\"isPartOf\":{\"@id\":\"https:\\\/\\\/abeytanelson.com\\\/es\\\/covid-19-y-demandas-por-lesiones-personales\\\/\"},\"author\":{\"name\":\"Amy Peters\",\"@id\":\"https:\\\/\\\/abeytanelson.com\\\/es\\\/#\\\/schema\\\/person\\\/f55d812d44d5e145ccb6cdb56c315563\"},\"headline\":\"COVID-19 y demandas por lesiones personales\",\"datePublished\":\"2024-05-01T01:33:19+00:00\",\"dateModified\":\"2026-03-11T00:44:41+00:00\",\"mainEntityOfPage\":{\"@id\":\"https:\\\/\\\/abeytanelson.com\\\/es\\\/covid-19-y-demandas-por-lesiones-personales\\\/\"},\"wordCount\":684,\"commentCount\":0,\"publisher\":{\"@id\":\"https:\\\/\\\/abeytanelson.com\\\/es\\\/#organization\"},\"articleSection\":[\"COVID-19\",\"Lesiones personales\"],\"inLanguage\":\"es\",\"potentialAction\":[{\"@type\":\"CommentAction\",\"name\":\"Comment\",\"target\":[\"https:\\\/\\\/abeytanelson.com\\\/es\\\/covid-19-y-demandas-por-lesiones-personales\\\/#respond\"]}]},{\"@type\":\"WebPage\",\"@id\":\"https:\\\/\\\/abeytanelson.com\\\/es\\\/covid-19-y-demandas-por-lesiones-personales\\\/\",\"url\":\"https:\\\/\\\/abeytanelson.com\\\/es\\\/covid-19-y-demandas-por-lesiones-personales\\\/\",\"name\":\"COVID-19 y demandas por lesiones personales en Washington\",\"isPartOf\":{\"@id\":\"https:\\\/\\\/abeytanelson.com\\\/es\\\/#website\"},\"datePublished\":\"2024-05-01T01:33:19+00:00\",\"dateModified\":\"2026-03-11T00:44:41+00:00\",\"breadcrumb\":{\"@id\":\"https:\\\/\\\/abeytanelson.com\\\/es\\\/covid-19-y-demandas-por-lesiones-personales\\\/#breadcrumb\"},\"inLanguage\":\"es\",\"potentialAction\":[{\"@type\":\"ReadAction\",\"target\":[\"https:\\\/\\\/abeytanelson.com\\\/es\\\/covid-19-y-demandas-por-lesiones-personales\\\/\"]}]},{\"@type\":\"BreadcrumbList\",\"@id\":\"https:\\\/\\\/abeytanelson.com\\\/es\\\/covid-19-y-demandas-por-lesiones-personales\\\/#breadcrumb\",\"itemListElement\":[{\"@type\":\"ListItem\",\"position\":1,\"name\":\"Home\",\"item\":\"https:\\\/\\\/abeytanelson.com\\\/es\\\/inicio\\\/\"},{\"@type\":\"ListItem\",\"position\":2,\"name\":\"COVID-19 y demandas por lesiones personales\"}]},{\"@type\":\"WebSite\",\"@id\":\"https:\\\/\\\/abeytanelson.com\\\/es\\\/#website\",\"url\":\"https:\\\/\\\/abeytanelson.com\\\/es\\\/\",\"name\":\"Abeyta Nelson Injury Law\",\"description\":\"\",\"publisher\":{\"@id\":\"https:\\\/\\\/abeytanelson.com\\\/es\\\/#organization\"},\"potentialAction\":[{\"@type\":\"SearchAction\",\"target\":{\"@type\":\"EntryPoint\",\"urlTemplate\":\"https:\\\/\\\/abeytanelson.com\\\/es\\\/?s={search_term_string}\"},\"query-input\":{\"@type\":\"PropertyValueSpecification\",\"valueRequired\":true,\"valueName\":\"search_term_string\"}}],\"inLanguage\":\"es\"},{\"@type\":\"Organization\",\"@id\":\"https:\\\/\\\/abeytanelson.com\\\/es\\\/#organization\",\"name\":\"Abeyta Nelson Injury Law\",\"url\":\"https:\\\/\\\/abeytanelson.com\\\/es\\\/\",\"logo\":{\"@type\":\"ImageObject\",\"inLanguage\":\"es\",\"@id\":\"https:\\\/\\\/abeytanelson.com\\\/es\\\/#\\\/schema\\\/logo\\\/image\\\/\",\"url\":\"https:\\\/\\\/abeytanelson.com\\\/wp-content\\\/uploads\\\/2020\\\/02\\\/new-Logo-container.svg\",\"contentUrl\":\"https:\\\/\\\/abeytanelson.com\\\/wp-content\\\/uploads\\\/2020\\\/02\\\/new-Logo-container.svg\",\"width\":214,\"height\":67,\"caption\":\"Abeyta Nelson Injury Law\"},\"image\":{\"@id\":\"https:\\\/\\\/abeytanelson.com\\\/es\\\/#\\\/schema\\\/logo\\\/image\\\/\"},\"sameAs\":[\"https:\\\/\\\/www.facebook.com\\\/people\\\/Abeyta-Nelson-Injury-Law\\\/100063503115654\\\/\",\"https:\\\/\\\/www.yelp.com\\\/biz\\\/abeyta-nelson-injury-law-yakima?osq=abeyta nelson injury law\",\"https:\\\/\\\/www.instagram.com\\\/abeytanelsoninjurylaw\\\/\",\"https:\\\/\\\/www.linkedin.com\\\/company\\\/abeyta-nelson-injury-law\\\/\"]},{\"@type\":\"Person\",\"@id\":\"https:\\\/\\\/abeytanelson.com\\\/es\\\/#\\\/schema\\\/person\\\/f55d812d44d5e145ccb6cdb56c315563\",\"name\":\"Amy Peters\",\"image\":{\"@type\":\"ImageObject\",\"inLanguage\":\"es\",\"@id\":\"https:\\\/\\\/secure.gravatar.com\\\/avatar\\\/a306a7d05d32e4bb468c29a02ee46509c9da34f6dc6095577ca52ef4205e373d?s=96&d=mm&r=g\",\"url\":\"https:\\\/\\\/secure.gravatar.com\\\/avatar\\\/a306a7d05d32e4bb468c29a02ee46509c9da34f6dc6095577ca52ef4205e373d?s=96&d=mm&r=g\",\"contentUrl\":\"https:\\\/\\\/secure.gravatar.com\\\/avatar\\\/a306a7d05d32e4bb468c29a02ee46509c9da34f6dc6095577ca52ef4205e373d?s=96&d=mm&r=g\",\"caption\":\"Amy Peters\"}}]}<\/script>\n<!-- \/ Yoast SEO plugin. -->","yoast_head_json":{"title":"COVID-19 y demandas por lesiones personales en Washington","robots":{"index":"index","follow":"follow","max-snippet":"max-snippet:-1","max-image-preview":"max-image-preview:large","max-video-preview":"max-video-preview:-1"},"canonical":"https:\/\/abeytanelson.com\/es\/covid-19-y-demandas-por-lesiones-personales\/","og_locale":"es_ES","og_type":"article","og_title":"COVID-19 y demandas por lesiones personales en Washington","og_description":"La pandemia de COVID-19 ha trastocado la vida tal como la conocemos. Muchos en nuestra comunidad han perdido sus empleos. Otros muchos han seguido trabajando en primera l\u00ednea en la atenci\u00f3n sanitaria y otros servicios esenciales, arriesgando su propia salud en beneficio de todos nosotros. Nuestros negocios favoritos han sido cerrados, y la nueva \u201cnormalidad\u201d [&hellip;]","og_url":"https:\/\/abeytanelson.com\/es\/covid-19-y-demandas-por-lesiones-personales\/","og_site_name":"Abeyta Nelson Injury Law","article_publisher":"https:\/\/www.facebook.com\/people\/Abeyta-Nelson-Injury-Law\/100063503115654\/","article_published_time":"2024-05-01T01:33:19+00:00","article_modified_time":"2026-03-11T00:44:41+00:00","author":"Amy Peters","twitter_card":"summary_large_image","twitter_misc":{"Escrito por":"Amy Peters","Tiempo de lectura":"3 minutos"},"schema":{"@context":"https:\/\/schema.org","@graph":[{"@type":"Article","@id":"https:\/\/abeytanelson.com\/es\/covid-19-y-demandas-por-lesiones-personales\/#article","isPartOf":{"@id":"https:\/\/abeytanelson.com\/es\/covid-19-y-demandas-por-lesiones-personales\/"},"author":{"name":"Amy Peters","@id":"https:\/\/abeytanelson.com\/es\/#\/schema\/person\/f55d812d44d5e145ccb6cdb56c315563"},"headline":"COVID-19 y demandas por lesiones personales","datePublished":"2024-05-01T01:33:19+00:00","dateModified":"2026-03-11T00:44:41+00:00","mainEntityOfPage":{"@id":"https:\/\/abeytanelson.com\/es\/covid-19-y-demandas-por-lesiones-personales\/"},"wordCount":684,"commentCount":0,"publisher":{"@id":"https:\/\/abeytanelson.com\/es\/#organization"},"articleSection":["COVID-19","Lesiones personales"],"inLanguage":"es","potentialAction":[{"@type":"CommentAction","name":"Comment","target":["https:\/\/abeytanelson.com\/es\/covid-19-y-demandas-por-lesiones-personales\/#respond"]}]},{"@type":"WebPage","@id":"https:\/\/abeytanelson.com\/es\/covid-19-y-demandas-por-lesiones-personales\/","url":"https:\/\/abeytanelson.com\/es\/covid-19-y-demandas-por-lesiones-personales\/","name":"COVID-19 y demandas por lesiones personales en Washington","isPartOf":{"@id":"https:\/\/abeytanelson.com\/es\/#website"},"datePublished":"2024-05-01T01:33:19+00:00","dateModified":"2026-03-11T00:44:41+00:00","breadcrumb":{"@id":"https:\/\/abeytanelson.com\/es\/covid-19-y-demandas-por-lesiones-personales\/#breadcrumb"},"inLanguage":"es","potentialAction":[{"@type":"ReadAction","target":["https:\/\/abeytanelson.com\/es\/covid-19-y-demandas-por-lesiones-personales\/"]}]},{"@type":"BreadcrumbList","@id":"https:\/\/abeytanelson.com\/es\/covid-19-y-demandas-por-lesiones-personales\/#breadcrumb","itemListElement":[{"@type":"ListItem","position":1,"name":"Home","item":"https:\/\/abeytanelson.com\/es\/inicio\/"},{"@type":"ListItem","position":2,"name":"COVID-19 y demandas por lesiones personales"}]},{"@type":"WebSite","@id":"https:\/\/abeytanelson.com\/es\/#website","url":"https:\/\/abeytanelson.com\/es\/","name":"Abeyta Nelson Injury Law","description":"","publisher":{"@id":"https:\/\/abeytanelson.com\/es\/#organization"},"potentialAction":[{"@type":"SearchAction","target":{"@type":"EntryPoint","urlTemplate":"https:\/\/abeytanelson.com\/es\/?s={search_term_string}"},"query-input":{"@type":"PropertyValueSpecification","valueRequired":true,"valueName":"search_term_string"}}],"inLanguage":"es"},{"@type":"Organization","@id":"https:\/\/abeytanelson.com\/es\/#organization","name":"Abeyta Nelson Injury Law","url":"https:\/\/abeytanelson.com\/es\/","logo":{"@type":"ImageObject","inLanguage":"es","@id":"https:\/\/abeytanelson.com\/es\/#\/schema\/logo\/image\/","url":"https:\/\/abeytanelson.com\/wp-content\/uploads\/2020\/02\/new-Logo-container.svg","contentUrl":"https:\/\/abeytanelson.com\/wp-content\/uploads\/2020\/02\/new-Logo-container.svg","width":214,"height":67,"caption":"Abeyta Nelson Injury Law"},"image":{"@id":"https:\/\/abeytanelson.com\/es\/#\/schema\/logo\/image\/"},"sameAs":["https:\/\/www.facebook.com\/people\/Abeyta-Nelson-Injury-Law\/100063503115654\/","https:\/\/www.yelp.com\/biz\/abeyta-nelson-injury-law-yakima?osq=abeyta nelson injury law","https:\/\/www.instagram.com\/abeytanelsoninjurylaw\/","https:\/\/www.linkedin.com\/company\/abeyta-nelson-injury-law\/"]},{"@type":"Person","@id":"https:\/\/abeytanelson.com\/es\/#\/schema\/person\/f55d812d44d5e145ccb6cdb56c315563","name":"Amy Peters","image":{"@type":"ImageObject","inLanguage":"es","@id":"https:\/\/secure.gravatar.com\/avatar\/a306a7d05d32e4bb468c29a02ee46509c9da34f6dc6095577ca52ef4205e373d?s=96&d=mm&r=g","url":"https:\/\/secure.gravatar.com\/avatar\/a306a7d05d32e4bb468c29a02ee46509c9da34f6dc6095577ca52ef4205e373d?s=96&d=mm&r=g","contentUrl":"https:\/\/secure.gravatar.com\/avatar\/a306a7d05d32e4bb468c29a02ee46509c9da34f6dc6095577ca52ef4205e373d?s=96&d=mm&r=g","caption":"Amy Peters"}}]}},"_links":{"self":[{"href":"https:\/\/abeytanelson.com\/es\/wp-json\/wp\/v2\/posts\/10081","targetHints":{"allow":["GET"]}}],"collection":[{"href":"https:\/\/abeytanelson.com\/es\/wp-json\/wp\/v2\/posts"}],"about":[{"href":"https:\/\/abeytanelson.com\/es\/wp-json\/wp\/v2\/types\/post"}],"author":[{"embeddable":true,"href":"https:\/\/abeytanelson.com\/es\/wp-json\/wp\/v2\/users\/5"}],"replies":[{"embeddable":true,"href":"https:\/\/abeytanelson.com\/es\/wp-json\/wp\/v2\/comments?post=10081"}],"version-history":[{"count":1,"href":"https:\/\/abeytanelson.com\/es\/wp-json\/wp\/v2\/posts\/10081\/revisions"}],"predecessor-version":[{"id":10083,"href":"https:\/\/abeytanelson.com\/es\/wp-json\/wp\/v2\/posts\/10081\/revisions\/10083"}],"wp:attachment":[{"href":"https:\/\/abeytanelson.com\/es\/wp-json\/wp\/v2\/media?parent=10081"}],"wp:term":[{"taxonomy":"category","embeddable":true,"href":"https:\/\/abeytanelson.com\/es\/wp-json\/wp\/v2\/categories?post=10081"},{"taxonomy":"post_tag","embeddable":true,"href":"https:\/\/abeytanelson.com\/es\/wp-json\/wp\/v2\/tags?post=10081"}],"curies":[{"name":"wp","href":"https:\/\/api.w.org\/{rel}","templated":true}]}}