{"id":10097,"date":"2024-06-28T20:43:50","date_gmt":"2024-06-29T01:43:50","guid":{"rendered":"http:\/\/abeytanelson.com\/comprender-las-demandas-por-lesiones-cerebrales-traumaticas\/"},"modified":"2026-03-10T19:46:37","modified_gmt":"2026-03-11T00:46:37","slug":"comprender-las-demandas-por-lesiones-cerebrales-traumaticas","status":"publish","type":"post","link":"https:\/\/abeytanelson.com\/es\/comprender-las-demandas-por-lesiones-cerebrales-traumaticas\/","title":{"rendered":"Comprender las demandas por lesiones cerebrales traum\u00e1ticas"},"content":{"rendered":"\n<h2>\u00bfQu\u00e9 es una lesi\u00f3n cerebral traum\u00e1tica (LCT)?<\/h2>\n<a href=\"https:\/\/abeytanelson.com\/practice\/brain-injury-lawyer-yakima\/\"><strong>La lesi\u00f3n cerebral traum\u00e1tica (LCT)<\/strong><\/a> es una alteraci\u00f3n en el funcionamiento normal del cerebro causada por un golpe, sacudida o impacto en la cabeza o el cuerpo, o por un objeto que penetra el cr\u00e1neo. Es importante se\u00f1alar que no todos los impactos en la cabeza provocan una LCT. \n\nLa LCT puede disminuir significativamente la calidad de vida de una persona al afectar las funciones cognitivas, conductuales, emocionales y f\u00edsicas. Estos cambios pueden alterar las interacciones interpersonales, sociales y laborales. M\u00e1s all\u00e1 de su impacto en los individuos, la LCT tambi\u00e9n afecta a las familias, las comunidades y la econom\u00eda en general. Aunque los datos exhaustivos son escasos, las estimaciones de estudios realizados en dos estados sugieren que entre 3,2 millones y 5,3 millones de personas en Estados Unidos viven con discapacidades relacionadas con la LCT.   \n\nAdem\u00e1s, las investigaciones indican que los adolescentes y adultos con LCT moderada a grave que han completado la rehabilitaci\u00f3n tienen m\u00e1s del doble de probabilidades de fallecer en los 3,5 a\u00f1os posteriores a la lesi\u00f3n en comparaci\u00f3n con individuos de edad, sexo y raza similares de la poblaci\u00f3n general (Harrison-Felix et al., 2012). Adicionalmente, se informa que el 20 % de los adolescentes y adultos que se sometieron a rehabilitaci\u00f3n por LCT han <a class=\"wpil_keyword_link\" title=\"fallecido\" href=\"https:\/\/abeytanelson.com\/practice\/wrongful-death-lawyers-yakima\/\" target=\"_blank\" rel=\"noopener\" data-wpil-keyword-link=\"linked\" data-wpil-monitor-id=\"765\">fallecido<\/a> en los cinco a\u00f1os posteriores a la lesi\u00f3n, y casi el 40 % experiment\u00f3 un deterioro en sus capacidades funcionales en comparaci\u00f3n con su nivel de recuperaci\u00f3n uno o dos a\u00f1os despu\u00e9s de la lesi\u00f3n (Corrigan et al., 2014). Estos hallazgos ponen de relieve las consecuencias sanitarias a largo plazo de la LCT, que contin\u00faan afectando la salud y las circunstancias sociales de los individuos mucho m\u00e1s all\u00e1 del per\u00edodo inicial de tratamiento m\u00e9dico y rehabilitaci\u00f3n.  \n<h3>Tipos de lesiones cerebrales traum\u00e1ticas<\/h3>\nLa LCT puede variar de <a href=\"https:\/\/www.ninds.nih.gov\/health-information\/disorders\/traumatic-brain-injury-tbi\" target=\"_blank\" rel=\"noopener\">leve a grave<\/a>, afectando las funciones cognitivas, f\u00edsicas y emocionales: \n<ul>\n \t<li><strong>LCT penetrante:<\/strong> Ocurre cuando un objeto como una bala o metralla perfora el cr\u00e1neo, afectando \u00e1reas espec\u00edficas del cerebro.<\/li>\n \t<li><strong>LCT no penetrante:<\/strong> Tambi\u00e9n conocida como lesi\u00f3n cerebral cerrada, es causada por una fuerza que mueve el cerebro dentro del cr\u00e1neo, com\u00fanmente debido a ca\u00eddas, <a href=\"https:\/\/abeytanelson.com\/its-all-in-your-head-the-emotional-impact-of-car-accidents\/\" target=\"_blank\" rel=\"noopener\" data-wpil-monitor-id=\"874\">accidentes de tr\u00e1fico<\/a> o lesiones deportivas.<\/li>\n<\/ul>\n<h3>Signos y s\u00edntomas de la LCT<\/h3>\nLos s\u00edntomas inmediatos o tard\u00edos pueden incluir:\n<ul>\n \t<li><strong>S\u00edntomas f\u00edsicos:<\/strong> Dolores de cabeza, convulsiones, problemas de visi\u00f3n y n\u00e1useas.<\/li>\n \t<li><strong>S\u00edntomas cognitivos:<\/strong> Confusi\u00f3n, d\u00e9ficits de atenci\u00f3n, p\u00e9rdida de memoria y cambios en los patrones de sue\u00f1o.<\/li>\n \t<li><strong>S\u00edntomas emocionales y sensoriales:<\/strong> Cambios de humor, mareos y sensibilidades sensoriales.<\/li>\n<\/ul>\nEs fundamental buscar atenci\u00f3n m\u00e9dica si aparecen estos s\u00edntomas, especialmente en las primeras 24 horas despu\u00e9s de la lesi\u00f3n.\n<h2>LCT en ni\u00f1os<\/h2>\n<a href=\"https:\/\/abeytanelson.com\/protect-your-family-from-traumatic-brain-injury-washington-injury-lawyers\/\" target=\"_blank\" rel=\"noopener\" data-wpil-monitor-id=\"875\">La lesi\u00f3n cerebral traum\u00e1tica<\/a> (LCT) en ni\u00f1os es un problema importante de salud p\u00fablica en Estados Unidos. La LCT interfiere con las funciones cerebrales normales y puede resultar de un golpe, impacto o sacudida en la cabeza, o de una lesi\u00f3n penetrante en el cr\u00e1neo. Para ni\u00f1os de 0 a 14 a\u00f1os, las principales causas de visitas a urgencias, hospitalizaciones y muertes relacionadas con la LCT son las ca\u00eddas no intencionales y los impactos con objetos. Para adolescentes de 15 a 24 a\u00f1os, los <a href=\"https:\/\/abeytanelson.com\/clear-your-sidewalks-avoid-winter-slip-and-fall-accidents\/\" target=\"_blank\" rel=\"noopener\" data-wpil-monitor-id=\"876\">accidentes de tr\u00e1fico y las ca\u00eddas<\/a> son las causas m\u00e1s comunes. Adem\u00e1s, las actividades deportivas y recreativas fueron responsables de aproximadamente 325.000 visitas a urgencias relacionadas con la LCT entre ni\u00f1os y adolescentes en 2012.    \n\nLa gravedad de la LCT generalmente se clasifica como leve, moderada o grave seg\u00fan la evaluaci\u00f3n cl\u00ednica inicial. En 2013, hubo alrededor de 640.000 visitas a urgencias relacionadas con la LCT, <a href=\"https:\/\/www.cdc.gov\/traumaticbraininjury\/pdf\/reportstocongress\/managementoftbiinchildren\/TBI-ReporttoCongress-508.pdf\" target=\"_blank\" rel=\"noopener\">18.000 hospitalizaciones<\/a> y 1.500 muertes entre ni\u00f1os de 14 a\u00f1os o menos. La LCT leve, que incluye las conmociones cerebrales, representa la mayor\u00eda (70-90 %) de las visitas a urgencias relacionadas con la LCT. Si bien la mayor\u00eda de las LCT son leves, tambi\u00e9n pueden provocar discapacidades significativas, incluso potencialmente mortales, en j\u00f3venes menores de 19 a\u00f1os. Los ni\u00f1os con LCT grave tienen m\u00e1s probabilidades de requerir hospitalizaci\u00f3n y podr\u00edan sufrir discapacidades a largo plazo.    \n\nAunque a menudo se considera una afecci\u00f3n aguda, los efectos de la LCT pueden ser duraderos y discapacitantes. El alcance de las discapacidades relacionadas con la LCT en ni\u00f1os no est\u00e1 bien definido, en parte debido a las diferentes definiciones de discapacidad infantil. Un estudio indic\u00f3 que m\u00e1s del 62 % de los ni\u00f1os con LCT moderada a grave terminan con discapacidades, definidas por la necesidad de servicios m\u00e9dicos y educativos especializados, en comparaci\u00f3n con el 14 % de los ni\u00f1os con LCT leve.  \n\nEs posible que los ni\u00f1os no puedan comunicar o describir su malestar lo suficientemente bien como para determinar si sufren de LCT, as\u00ed que aqu\u00ed hay algunos signos a los que debe prestar atenci\u00f3n:\n<div class=\"col-md-6 col2-box1\">\n<div class=\"multi-box-content-wrapper\">\n<ul>\n \t<li>Cambios en los h\u00e1bitos alimenticios o de lactancia<\/li>\n \t<li>Llanto persistente, irritabilidad o mal humor; incapacidad para ser consolado<\/li>\n \t<li>Cambios en la capacidad de prestar atenci\u00f3n<\/li>\n \t<li>Falta de inter\u00e9s en un juguete o actividad favorita<\/li>\n \t<li>Cambios en los patrones de sue\u00f1o<\/li>\n \t<li>Convulsiones<\/li>\n \t<li>Tristeza o depresi\u00f3n<\/li>\n \t<li>P\u00e9rdida de una habilidad, como el control de esf\u00ednteres<\/li>\n \t<li>P\u00e9rdida de equilibrio o caminar inestable<\/li>\n \t<li>V\u00f3mitos<\/li>\n<\/ul>\n<\/div>\n<\/div>\n<h2>Efectos de la LCT sobre la consciencia<\/h2>\nLas LCT graves pueden provocar estados alterados de consciencia:\n<ul>\n \t<li><strong>Estado m\u00ednimamente consciente:<\/strong> Se evidencia cierta consciencia.<\/li>\n \t<li><strong>Estado vegetativo:<\/strong> Falta de consciencia, pero pueden ocurrir algunas funciones reflejas.<\/li>\n \t<li><strong>Coma:<\/strong> Sin consciencia ni capacidad de respuesta a est\u00edmulos.<\/li>\n \t<li><strong>Muerte cerebral:<\/strong> Sin actividad cerebral, confirmada por la falta de flujo sangu\u00edneo al cerebro.<\/li>\n<\/ul>\n<h2>C\u00f3mo afecta la LCT al cerebro<\/h2>\nLa lesi\u00f3n cerebral traum\u00e1tica (LCT) se clasifica t\u00edpicamente en dos categor\u00edas seg\u00fan el \u00e1rea afectada:\n<ul>\n \t<li><strong>Lesi\u00f3n focal:<\/strong> Da\u00f1o limitado a un \u00e1rea.<\/li>\n \t<li><strong>Lesi\u00f3n difusa:<\/strong> Impacto m\u00e1s generalizado en todo el cerebro.<\/li>\n<\/ul>\n<h3>Efectos primarios y secundarios de la LCT<\/h3>\nEl da\u00f1o inicial de la LCT puede desencadenar una cascada de alteraciones biol\u00f3gicas:\n<ul>\n \t<li><strong>Sangrado y desgarro:<\/strong> Estas fuerzas causan da\u00f1o f\u00edsico directo a las fibras nerviosas.<\/li>\n \t<li><strong>Inflamaci\u00f3n y cambios metab\u00f3licos:<\/strong> Estas respuestas agravan la condici\u00f3n del cerebro despu\u00e9s de la lesi\u00f3n.<\/li>\n \t<li><strong>Hinchaz\u00f3n cerebral:<\/strong> A menudo resultado de las alteraciones anteriores, contribuye al aumento de la presi\u00f3n intracraneal.<\/li>\n<\/ul>\n<h2>Tipos principales de lesiones cerebrales<\/h2>\nLas lesiones cerebrales son complejas y var\u00edan considerablemente en su gravedad e impacto en la salud. Comprender los tipos principales de lesiones cerebrales es fundamental tanto para los profesionales m\u00e9dicos como para los pacientes a fin de gestionar y tratar estas afecciones de manera eficaz. \n<h4>Lesi\u00f3n axonal difusa (LAD)<\/h4>\nEste tipo com\u00fan de lesi\u00f3n cerebral afecta la sustancia blanca del cerebro debido a fuerzas rotacionales o de detenci\u00f3n severa. Se observa con frecuencia en <a href=\"https:\/\/abeytanelson.com\/stress-whos-blame-following-injury\/\" target=\"_blank\" rel=\"noopener\" data-wpil-monitor-id=\"877\">accidentes de tr\u00e1fico y lesiones deportivas<\/a> y altera la comunicaci\u00f3n neuronal al da\u00f1ar los axones. \n<h4>Conmoci\u00f3n cerebral<\/h4>\nUna forma leve de LCT, las conmociones cerebrales pueden resultar de diversos impactos y pueden tardar desde minutos hasta meses en sanar. Los s\u00edntomas pueden incluir p\u00e9rdida temporal de consciencia y estados mentales alterados. \n<h4>Hematomas y hemorragias<\/h4>\nEstos implican sangrado en varias capas alrededor y dentro del cerebro:\n<ul>\n \t<li><strong>Hematomas epidurales y subdurales:<\/strong> Sangrado entre el cr\u00e1neo y el cerebro o entre la duramadre y la aracnoides.<\/li>\n \t<li><strong>Hemorragia subaracnoidea:<\/strong> Ocurre entre la aracnoides y la piamadre.<\/li>\n \t<li><strong>Hematoma intracerebral:<\/strong> Sangrado dentro del tejido cerebral mismo.<\/li>\n<\/ul>\n<h4>Contusiones y fracturas de cr\u00e1neo<\/h4>\n<ul>\n \t<li><strong>Contusiones:<\/strong> Hematomas en el cerebro donde la sangre se filtra al tejido cerebral, a menudo visibles bajo el sitio del impacto o en el lado opuesto.<\/li>\n \t<li><strong>Fracturas de cr\u00e1neo:<\/strong> Roturas en el hueso del cr\u00e1neo que pueden provocar da\u00f1os adicionales a los tejidos cerebrales y los vasos sangu\u00edneos.<\/li>\n<\/ul>\n<h2>Consecuencias cr\u00f3nicas y progresivas de la LCT<\/h2>\n<ul>\n \t<li><strong>Encefalopat\u00eda traum\u00e1tica cr\u00f3nica (ETC): <\/strong>Esta afecci\u00f3n se encuentra t\u00edpicamente en individuos con lesiones repetidas en la cabeza, como atletas en deportes de contacto, y se manifiesta como cambios cognitivos y conductuales con el tiempo.<\/li>\n \t<li><strong>Demencia postraum\u00e1tica (DPT): <\/strong>Las LCT graves pueden progresar a estados similares a la demencia, mostrando similitudes con la ETC. Los estudios sugieren un v\u00ednculo entre las LCT graves y un mayor riesgo de demencia m\u00e1s adelante en la vida. <\/li>\n<\/ul>\n<h2>Da\u00f1o secundario tras la LCT<\/h2>\n<ul>\n \t<li><strong>Progresi\u00f3n hemorr\u00e1gica de las contusiones: <\/strong>Esto se refiere al sangrado que empeora las contusiones cerebrales iniciales, expandiendo potencialmente el da\u00f1o.<\/li>\n \t<li><strong>Alteraci\u00f3n de la barrera hematoencef\u00e1lica: <\/strong>La lesi\u00f3n puede comprometer esta barrera, provocando un aumento de la hinchaz\u00f3n y la inflamaci\u00f3n a medida que sustancias extra\u00f1as ingresan al cerebro.<\/li>\n \t<li><strong>Aumento de la presi\u00f3n intracraneal: <\/strong>Esta presi\u00f3n por la hinchaz\u00f3n puede da\u00f1ar a\u00fan m\u00e1s los tejidos cerebrales y alterar el flujo sangu\u00edneo y el suministro de ox\u00edgeno.<\/li>\n \t<li><strong><a class=\"wpil_keyword_link\" title=\"Da\u00f1os\" href=\"https:\/\/abeytanelson.com\/types-damages-can-recovered-personal-injury-suit\/\" target=\"_blank\" rel=\"noopener\" data-wpil-keyword-link=\"linked\" data-wpil-monitor-id=\"1121\">Da\u00f1os<\/a> secundarios adicionales: <\/strong>Estos pueden incluir infecciones, convulsiones e hidrocefalia, todos los cuales agravan los efectos de la lesi\u00f3n primaria.<\/li>\n<\/ul>\n<h2>\u00bfQui\u00e9n est\u00e1 en riesgo?<\/h2>\n<ul>\n \t<li><strong>Personas mayores:<\/strong> Individuos de 65 a\u00f1os o m\u00e1s, principalmente debido a ca\u00eddas.<\/li>\n \t<li><strong>Hombres:<\/strong> Tienen tasas m\u00e1s altas de LCT grave en comparaci\u00f3n con las mujeres.<\/li>\n \t<li><strong>Ni\u00f1os y adultos j\u00f3venes:<\/strong> Principalmente debido a ca\u00eddas, lesiones deportivas y accidentes de tr\u00e1fico.<\/li>\n<\/ul>\nLas investigaciones actuales estiman que aproximadamente 775.000 adultos mayores (de 75 a\u00f1os o m\u00e1s) <a href=\"https:\/\/abeytanelson.com\/abeyta-nelson-settles-landmark-6-9-m-traumatic-brain-injury-case\/\" target=\"_blank\" rel=\"noopener\" data-wpil-monitor-id=\"878\">viven con discapacidades a largo plazo resultantes de lesiones cerebrales traum\u00e1ticas<\/a> (LCT). Con frecuencia, las secuelas de la LCT en adultos mayores se atribuyen err\u00f3neamente al envejecimiento natural, lo que conduce a diagn\u00f3sticos err\u00f3neos y tratamientos inadecuados. Este grupo demogr\u00e1fico enfrenta un mayor riesgo de mortalidad y peores resultados funcionales despu\u00e9s de una lesi\u00f3n en comparaci\u00f3n con individuos m\u00e1s j\u00f3venes con LCT similares, independientemente de la gravedad inicial de la lesi\u00f3n cerebral. Adem\u00e1s, los adultos mayores incurren en mayores costes sociales y sanitarios relacionados con la LCT. T\u00edpicamente experimentan hospitalizaciones m\u00e1s prolongadas y una recuperaci\u00f3n funcional m\u00e1s lenta durante la rehabilitaci\u00f3n hospitalaria en comparaci\u00f3n con pacientes m\u00e1s j\u00f3venes. Asimismo, se ha demostrado que las afecciones m\u00e9dicas preexistentes prolongan la duraci\u00f3n de la rehabilitaci\u00f3n ambulatoria para los adultos mayores.     \n<h2>Prevenci\u00f3n de la LCT<\/h2>\nLas medidas preventivas pueden reducir significativamente el riesgo de LCT:\n<ul>\n \t<li>Utilice equipo de seguridad apropiado, como cascos.<\/li>\n \t<li>Instale modificaciones de seguridad en el hogar.<\/li>\n \t<li>Evite conducir bajo la influencia de sustancias.<\/li>\n<\/ul>\n<h2>Comprender el coste m\u00e9dico de por vida de la atenci\u00f3n de la LCT<\/h2>\nLos costes de por vida de la atenci\u00f3n de una persona con una lesi\u00f3n cerebral traum\u00e1tica (LCT) son extensos y var\u00edan ampliamente seg\u00fan la gravedad de la lesi\u00f3n y el pron\u00f3stico a largo plazo del individuo. Las estimaciones de estos costes oscilan entre $85.000 y hasta $3 millones, abarcando tanto el tratamiento m\u00e9dico inmediato como las necesidades de atenci\u00f3n continua. \n<h2>Altos costes de la atenci\u00f3n m\u00e9dica para la LCT<\/h2>\nEl tratamiento m\u00e9dico inmediato y continuo constituye la mayor parte de los gastos asociados con la LCT. Dependiendo de la gravedad de la lesi\u00f3n, las intervenciones m\u00e9dicas pueden variar desde cirug\u00edas neurol\u00f3gicas hasta per\u00edodos prolongados de rehabilitaci\u00f3n que involucran a un equipo multidisciplinario de profesionales de la salud. La rehabilitaci\u00f3n a largo plazo necesaria puede incluir:  \n<ul>\n \t<li>Fisioterapia<\/li>\n \t<li>Terapia ocupacional<\/li>\n \t<li>Terapia del habla<\/li>\n \t<li>Asesoramiento psicol\u00f3gico para abordar cambios emocionales como la depresi\u00f3n y la ansiedad<\/li>\n<\/ul>\nEsta atenci\u00f3n integral es costosa desde el principio y puede extenderse durante toda la vida, particularmente para aquellos que no pueden recuperarse completamente.\n<h2>Impacto en el empleo y los ingresos<\/h2>\nLa LCT afecta significativamente las perspectivas de <a href=\"https:\/\/abeytanelson.com\/employment-yakima-ellensburg-sunnyside\/\" target=\"_blank\" rel=\"noopener\" data-wpil-monitor-id=\"879\">empleo<\/a>. Los estudios indican que las personas con LCT enfrentan una tasa de desempleo m\u00e1s de cinco veces superior a la de la poblaci\u00f3n general, con tasas que superan el 40 %. El impacto econ\u00f3mico incluye d\u00e9cadas potenciales de salarios perdidos, especialmente para aquellos lesionados al principio de sus carreras, afectando profundamente su capacidad de ingresos y contribuyendo a la carga financiera.  \n<h2>Impacto financiero familiar<\/h2>\nLa tensi\u00f3n econ\u00f3mica tambi\u00e9n se extiende a los miembros de la familia que pueden necesitar reducir sus horas de trabajo o dejar de trabajar por completo para cuidar a su ser querido. Esta p\u00e9rdida de ingresos, combinada con la necesidad de posibles modificaciones en el hogar y asistencia continua para el cuidado personal, puede aumentar el coste financiero. \n<h2>Costes econ\u00f3micos y no econ\u00f3micos m\u00e1s amplios<\/h2>\nSi bien los costes directos de la atenci\u00f3n m\u00e9dica y los salarios perdidos son cuantificables, la LCT tambi\u00e9n implica costes no econ\u00f3micos sustanciales:\n<ul>\n \t<li>Dolor y sufrimiento a largo plazo<\/li>\n \t<li>Angustia emocional, incluida la depresi\u00f3n y la ansiedad<\/li>\n \t<li>Trastornos del sue\u00f1o<\/li>\n \t<li>P\u00e9rdida de memoria<\/li>\n \t<li>Irritabilidad<\/li>\n<\/ul>\nEstos factores contribuyen a una reducci\u00f3n de la calidad de vida y cargas emocionales significativas, tanto para el individuo como para su familia. El alcance completo de los costes de la LCT incluye, por tanto, tanto impactos financieros tangibles como profundos desaf\u00edos personales y emocionales. \n<h2>B\u00fasqueda de indemnizaci\u00f3n y litigio por LCT<\/h2>\nDados los costes extensos y variados asociados con la LCT, comprender el impacto financiero y emocional completo es fundamental para quienes buscan <strong><a href=\"https:\/\/abeytanelson.com\/about-us\/\">recurso legal<\/a><\/strong>. Las reclamaciones de indemnizaci\u00f3n por LCT deben tener en cuenta tanto las p\u00e9rdidas econ\u00f3micas como los da\u00f1os no econ\u00f3micos, como el dolor, el sufrimiento y la angustia emocional. Los expertos legales, a menudo con la ayuda de especialistas vocacionales, son esenciales para evaluar y articular con precisi\u00f3n estos costes en cualquier <a href=\"https:\/\/abeytanelson.com\/if-you-have-a-personal-injury-claim-it-may-be-best-to-wait-to-file-bankruptcy\/\" target=\"_blank\" rel=\"noopener\" data-wpil-monitor-id=\"880\">reclamaci\u00f3n o litigio relacionado con lesiones por LCT<\/a>.  \n<h2>\u00bfPor qu\u00e9 contratar a un abogado especializado en lesiones cerebrales traum\u00e1ticas?<\/h2>\nSi usted o un ser querido ha sufrido una LCT, es fundamental buscar representaci\u00f3n legal experta. Abeyta Nelson, <a href=\"https:\/\/abeytanelson.com\/5-questions-to-ask-when-choosing-a-personal-injury-attorney\/\" target=\"_blank\" rel=\"noopener\" data-wpil-monitor-id=\"881\">abogados de lesiones personales en Yakima<\/a>, ofrecen: \n<ul>\n \t<li><strong>Experiencia en derecho de LCT:<\/strong> M\u00e1s de 100 a\u00f1os de experiencia combinada.<\/li>\n \t<li><strong>Apoyo integral:<\/strong> Coordinaci\u00f3n con profesionales m\u00e9dicos y compa\u00f1\u00edas de <a href=\"https:\/\/abeytanelson.com\/dont-sidestep-your-sideswipe-collision\/\" target=\"_blank\" rel=\"noopener\" data-wpil-monitor-id=\"882\">seguros<\/a>.<\/li>\n \t<li><strong>Estrategia legal personalizada:<\/strong> Enfocada en asegurar indemnizaci\u00f3n por gastos m\u00e9dicos, p\u00e9rdida de ingresos y dolor y sufrimiento.<\/li>\n<\/ul>\n<h2>Contacte con Abeyta Nelson Injury Law hoy<\/h2>\nPara una evaluaci\u00f3n gratuita de su caso y para conocer c\u00f3mo podemos ayudarle durante este momento dif\u00edcil, contacte con <a href=\"https:\/\/abeytanelson.com\/contact-yakima-injury-lawyer\/\" target=\"_blank\" rel=\"noopener\" data-wpil-monitor-id=\"883\">Abeyta Nelson Injury Law<\/a>. Estamos comprometidos a apoyarle a usted y a su familia para lograr el mejor resultado posible. \n\nLl\u00e1menos al<span style=\"font-weight: 400;\"> <\/span><a href=\"tel:800-927-2845\"><span style=\"font-weight: 400;\">800-927-2845<\/span><\/a><span style=\"font-weight: 400;\"> <\/span>o <strong><a href=\"https:\/\/abeytanelson.com\/contact-yakima-injury-lawyer\/\">env\u00ede un mensaje<\/a><\/strong> para iniciar su consulta ahora.\n","protected":false},"excerpt":{"rendered":"<p>\u00bfQu\u00e9 es una lesi\u00f3n cerebral traum\u00e1tica (LCT)? La lesi\u00f3n cerebral traum\u00e1tica (LCT) es una alteraci\u00f3n en el funcionamiento normal del cerebro causada por un golpe, sacudida o impacto en la cabeza o el cuerpo, o por un objeto que penetra el cr\u00e1neo. Es importante se\u00f1alar que no todos los impactos en la cabeza provocan una [&hellip;]<\/p>\n","protected":false},"author":5,"featured_media":0,"comment_status":"open","ping_status":"open","sticky":false,"template":"","format":"standard","meta":{"_acf_changed":false,"footnotes":""},"categories":[493],"tags":[],"class_list":["post-10097","post","type-post","status-publish","format-standard","hentry","category-lesiones-cerebrales"],"acf":[],"yoast_head":"<!-- This site is optimized with the Yoast SEO plugin v27.3 - https:\/\/yoast.com\/product\/yoast-seo-wordpress\/ -->\n<title>\u00bfQu\u00e9 es una lesi\u00f3n cerebral traum\u00e1tica (LCT) y puedo presentar una demanda?<\/title>\n<meta name=\"robots\" content=\"index, follow, max-snippet:-1, max-image-preview:large, max-video-preview:-1\" \/>\n<link rel=\"canonical\" href=\"https:\/\/abeytanelson.com\/es\/comprender-las-demandas-por-lesiones-cerebrales-traumaticas\/\" \/>\n<meta property=\"og:locale\" content=\"es_ES\" \/>\n<meta property=\"og:type\" content=\"article\" \/>\n<meta property=\"og:title\" content=\"\u00bfQu\u00e9 es una lesi\u00f3n cerebral traum\u00e1tica (LCT) y puedo presentar una demanda?\" \/>\n<meta property=\"og:description\" content=\"\u00bfQu\u00e9 es una lesi\u00f3n cerebral traum\u00e1tica (LCT)? La lesi\u00f3n cerebral traum\u00e1tica (LCT) es una alteraci\u00f3n en el funcionamiento normal del cerebro causada por un golpe, sacudida o impacto en la cabeza o el cuerpo, o por un objeto que penetra el cr\u00e1neo. Es importante se\u00f1alar que no todos los impactos en la cabeza provocan una [&hellip;]\" \/>\n<meta property=\"og:url\" content=\"https:\/\/abeytanelson.com\/es\/comprender-las-demandas-por-lesiones-cerebrales-traumaticas\/\" \/>\n<meta property=\"og:site_name\" content=\"Abeyta Nelson Injury Law\" \/>\n<meta property=\"article:publisher\" content=\"https:\/\/www.facebook.com\/people\/Abeyta-Nelson-Injury-Law\/100063503115654\/\" \/>\n<meta property=\"article:published_time\" content=\"2024-06-29T01:43:50+00:00\" \/>\n<meta property=\"article:modified_time\" content=\"2026-03-11T00:46:37+00:00\" \/>\n<meta name=\"author\" content=\"Amy Peters\" \/>\n<meta name=\"twitter:card\" content=\"summary_large_image\" \/>\n<meta name=\"twitter:label1\" content=\"Escrito por\" \/>\n\t<meta name=\"twitter:data1\" content=\"Amy Peters\" \/>\n\t<meta name=\"twitter:label2\" content=\"Tiempo de lectura\" \/>\n\t<meta name=\"twitter:data2\" content=\"13 minutos\" \/>\n<script type=\"application\/ld+json\" class=\"yoast-schema-graph\">{\"@context\":\"https:\\\/\\\/schema.org\",\"@graph\":[{\"@type\":\"Article\",\"@id\":\"https:\\\/\\\/abeytanelson.com\\\/es\\\/comprender-las-demandas-por-lesiones-cerebrales-traumaticas\\\/#article\",\"isPartOf\":{\"@id\":\"https:\\\/\\\/abeytanelson.com\\\/es\\\/comprender-las-demandas-por-lesiones-cerebrales-traumaticas\\\/\"},\"author\":{\"name\":\"Amy Peters\",\"@id\":\"https:\\\/\\\/abeytanelson.com\\\/es\\\/#\\\/schema\\\/person\\\/f55d812d44d5e145ccb6cdb56c315563\"},\"headline\":\"Comprender las demandas por lesiones cerebrales traum\u00e1ticas\",\"datePublished\":\"2024-06-29T01:43:50+00:00\",\"dateModified\":\"2026-03-11T00:46:37+00:00\",\"mainEntityOfPage\":{\"@id\":\"https:\\\/\\\/abeytanelson.com\\\/es\\\/comprender-las-demandas-por-lesiones-cerebrales-traumaticas\\\/\"},\"wordCount\":2521,\"commentCount\":0,\"publisher\":{\"@id\":\"https:\\\/\\\/abeytanelson.com\\\/es\\\/#organization\"},\"articleSection\":[\"Lesiones cerebrales\"],\"inLanguage\":\"es\",\"potentialAction\":[{\"@type\":\"CommentAction\",\"name\":\"Comment\",\"target\":[\"https:\\\/\\\/abeytanelson.com\\\/es\\\/comprender-las-demandas-por-lesiones-cerebrales-traumaticas\\\/#respond\"]}]},{\"@type\":\"WebPage\",\"@id\":\"https:\\\/\\\/abeytanelson.com\\\/es\\\/comprender-las-demandas-por-lesiones-cerebrales-traumaticas\\\/\",\"url\":\"https:\\\/\\\/abeytanelson.com\\\/es\\\/comprender-las-demandas-por-lesiones-cerebrales-traumaticas\\\/\",\"name\":\"\u00bfQu\u00e9 es una lesi\u00f3n cerebral traum\u00e1tica (LCT) y puedo presentar una demanda?\",\"isPartOf\":{\"@id\":\"https:\\\/\\\/abeytanelson.com\\\/es\\\/#website\"},\"datePublished\":\"2024-06-29T01:43:50+00:00\",\"dateModified\":\"2026-03-11T00:46:37+00:00\",\"breadcrumb\":{\"@id\":\"https:\\\/\\\/abeytanelson.com\\\/es\\\/comprender-las-demandas-por-lesiones-cerebrales-traumaticas\\\/#breadcrumb\"},\"inLanguage\":\"es\",\"potentialAction\":[{\"@type\":\"ReadAction\",\"target\":[\"https:\\\/\\\/abeytanelson.com\\\/es\\\/comprender-las-demandas-por-lesiones-cerebrales-traumaticas\\\/\"]}]},{\"@type\":\"BreadcrumbList\",\"@id\":\"https:\\\/\\\/abeytanelson.com\\\/es\\\/comprender-las-demandas-por-lesiones-cerebrales-traumaticas\\\/#breadcrumb\",\"itemListElement\":[{\"@type\":\"ListItem\",\"position\":1,\"name\":\"Home\",\"item\":\"https:\\\/\\\/abeytanelson.com\\\/es\\\/inicio\\\/\"},{\"@type\":\"ListItem\",\"position\":2,\"name\":\"Comprender las demandas por lesiones cerebrales traum\u00e1ticas\"}]},{\"@type\":\"WebSite\",\"@id\":\"https:\\\/\\\/abeytanelson.com\\\/es\\\/#website\",\"url\":\"https:\\\/\\\/abeytanelson.com\\\/es\\\/\",\"name\":\"Abeyta Nelson Injury Law\",\"description\":\"\",\"publisher\":{\"@id\":\"https:\\\/\\\/abeytanelson.com\\\/es\\\/#organization\"},\"potentialAction\":[{\"@type\":\"SearchAction\",\"target\":{\"@type\":\"EntryPoint\",\"urlTemplate\":\"https:\\\/\\\/abeytanelson.com\\\/es\\\/?s={search_term_string}\"},\"query-input\":{\"@type\":\"PropertyValueSpecification\",\"valueRequired\":true,\"valueName\":\"search_term_string\"}}],\"inLanguage\":\"es\"},{\"@type\":\"Organization\",\"@id\":\"https:\\\/\\\/abeytanelson.com\\\/es\\\/#organization\",\"name\":\"Abeyta Nelson Injury Law\",\"url\":\"https:\\\/\\\/abeytanelson.com\\\/es\\\/\",\"logo\":{\"@type\":\"ImageObject\",\"inLanguage\":\"es\",\"@id\":\"https:\\\/\\\/abeytanelson.com\\\/es\\\/#\\\/schema\\\/logo\\\/image\\\/\",\"url\":\"https:\\\/\\\/abeytanelson.com\\\/wp-content\\\/uploads\\\/2020\\\/02\\\/new-Logo-container.svg\",\"contentUrl\":\"https:\\\/\\\/abeytanelson.com\\\/wp-content\\\/uploads\\\/2020\\\/02\\\/new-Logo-container.svg\",\"width\":214,\"height\":67,\"caption\":\"Abeyta Nelson Injury Law\"},\"image\":{\"@id\":\"https:\\\/\\\/abeytanelson.com\\\/es\\\/#\\\/schema\\\/logo\\\/image\\\/\"},\"sameAs\":[\"https:\\\/\\\/www.facebook.com\\\/people\\\/Abeyta-Nelson-Injury-Law\\\/100063503115654\\\/\",\"https:\\\/\\\/www.yelp.com\\\/biz\\\/abeyta-nelson-injury-law-yakima?osq=abeyta nelson injury law\",\"https:\\\/\\\/www.instagram.com\\\/abeytanelsoninjurylaw\\\/\",\"https:\\\/\\\/www.linkedin.com\\\/company\\\/abeyta-nelson-injury-law\\\/\"]},{\"@type\":\"Person\",\"@id\":\"https:\\\/\\\/abeytanelson.com\\\/es\\\/#\\\/schema\\\/person\\\/f55d812d44d5e145ccb6cdb56c315563\",\"name\":\"Amy Peters\",\"image\":{\"@type\":\"ImageObject\",\"inLanguage\":\"es\",\"@id\":\"https:\\\/\\\/secure.gravatar.com\\\/avatar\\\/a306a7d05d32e4bb468c29a02ee46509c9da34f6dc6095577ca52ef4205e373d?s=96&d=mm&r=g\",\"url\":\"https:\\\/\\\/secure.gravatar.com\\\/avatar\\\/a306a7d05d32e4bb468c29a02ee46509c9da34f6dc6095577ca52ef4205e373d?s=96&d=mm&r=g\",\"contentUrl\":\"https:\\\/\\\/secure.gravatar.com\\\/avatar\\\/a306a7d05d32e4bb468c29a02ee46509c9da34f6dc6095577ca52ef4205e373d?s=96&d=mm&r=g\",\"caption\":\"Amy Peters\"}}]}<\/script>\n<!-- \/ Yoast SEO plugin. -->","yoast_head_json":{"title":"\u00bfQu\u00e9 es una lesi\u00f3n cerebral traum\u00e1tica (LCT) y puedo presentar una demanda?","robots":{"index":"index","follow":"follow","max-snippet":"max-snippet:-1","max-image-preview":"max-image-preview:large","max-video-preview":"max-video-preview:-1"},"canonical":"https:\/\/abeytanelson.com\/es\/comprender-las-demandas-por-lesiones-cerebrales-traumaticas\/","og_locale":"es_ES","og_type":"article","og_title":"\u00bfQu\u00e9 es una lesi\u00f3n cerebral traum\u00e1tica (LCT) y puedo presentar una demanda?","og_description":"\u00bfQu\u00e9 es una lesi\u00f3n cerebral traum\u00e1tica (LCT)? La lesi\u00f3n cerebral traum\u00e1tica (LCT) es una alteraci\u00f3n en el funcionamiento normal del cerebro causada por un golpe, sacudida o impacto en la cabeza o el cuerpo, o por un objeto que penetra el cr\u00e1neo. Es importante se\u00f1alar que no todos los impactos en la cabeza provocan una [&hellip;]","og_url":"https:\/\/abeytanelson.com\/es\/comprender-las-demandas-por-lesiones-cerebrales-traumaticas\/","og_site_name":"Abeyta Nelson Injury Law","article_publisher":"https:\/\/www.facebook.com\/people\/Abeyta-Nelson-Injury-Law\/100063503115654\/","article_published_time":"2024-06-29T01:43:50+00:00","article_modified_time":"2026-03-11T00:46:37+00:00","author":"Amy Peters","twitter_card":"summary_large_image","twitter_misc":{"Escrito por":"Amy Peters","Tiempo de lectura":"13 minutos"},"schema":{"@context":"https:\/\/schema.org","@graph":[{"@type":"Article","@id":"https:\/\/abeytanelson.com\/es\/comprender-las-demandas-por-lesiones-cerebrales-traumaticas\/#article","isPartOf":{"@id":"https:\/\/abeytanelson.com\/es\/comprender-las-demandas-por-lesiones-cerebrales-traumaticas\/"},"author":{"name":"Amy Peters","@id":"https:\/\/abeytanelson.com\/es\/#\/schema\/person\/f55d812d44d5e145ccb6cdb56c315563"},"headline":"Comprender las demandas por lesiones cerebrales traum\u00e1ticas","datePublished":"2024-06-29T01:43:50+00:00","dateModified":"2026-03-11T00:46:37+00:00","mainEntityOfPage":{"@id":"https:\/\/abeytanelson.com\/es\/comprender-las-demandas-por-lesiones-cerebrales-traumaticas\/"},"wordCount":2521,"commentCount":0,"publisher":{"@id":"https:\/\/abeytanelson.com\/es\/#organization"},"articleSection":["Lesiones cerebrales"],"inLanguage":"es","potentialAction":[{"@type":"CommentAction","name":"Comment","target":["https:\/\/abeytanelson.com\/es\/comprender-las-demandas-por-lesiones-cerebrales-traumaticas\/#respond"]}]},{"@type":"WebPage","@id":"https:\/\/abeytanelson.com\/es\/comprender-las-demandas-por-lesiones-cerebrales-traumaticas\/","url":"https:\/\/abeytanelson.com\/es\/comprender-las-demandas-por-lesiones-cerebrales-traumaticas\/","name":"\u00bfQu\u00e9 es una lesi\u00f3n cerebral traum\u00e1tica (LCT) y puedo presentar una demanda?","isPartOf":{"@id":"https:\/\/abeytanelson.com\/es\/#website"},"datePublished":"2024-06-29T01:43:50+00:00","dateModified":"2026-03-11T00:46:37+00:00","breadcrumb":{"@id":"https:\/\/abeytanelson.com\/es\/comprender-las-demandas-por-lesiones-cerebrales-traumaticas\/#breadcrumb"},"inLanguage":"es","potentialAction":[{"@type":"ReadAction","target":["https:\/\/abeytanelson.com\/es\/comprender-las-demandas-por-lesiones-cerebrales-traumaticas\/"]}]},{"@type":"BreadcrumbList","@id":"https:\/\/abeytanelson.com\/es\/comprender-las-demandas-por-lesiones-cerebrales-traumaticas\/#breadcrumb","itemListElement":[{"@type":"ListItem","position":1,"name":"Home","item":"https:\/\/abeytanelson.com\/es\/inicio\/"},{"@type":"ListItem","position":2,"name":"Comprender las demandas por lesiones cerebrales traum\u00e1ticas"}]},{"@type":"WebSite","@id":"https:\/\/abeytanelson.com\/es\/#website","url":"https:\/\/abeytanelson.com\/es\/","name":"Abeyta Nelson Injury Law","description":"","publisher":{"@id":"https:\/\/abeytanelson.com\/es\/#organization"},"potentialAction":[{"@type":"SearchAction","target":{"@type":"EntryPoint","urlTemplate":"https:\/\/abeytanelson.com\/es\/?s={search_term_string}"},"query-input":{"@type":"PropertyValueSpecification","valueRequired":true,"valueName":"search_term_string"}}],"inLanguage":"es"},{"@type":"Organization","@id":"https:\/\/abeytanelson.com\/es\/#organization","name":"Abeyta Nelson Injury Law","url":"https:\/\/abeytanelson.com\/es\/","logo":{"@type":"ImageObject","inLanguage":"es","@id":"https:\/\/abeytanelson.com\/es\/#\/schema\/logo\/image\/","url":"https:\/\/abeytanelson.com\/wp-content\/uploads\/2020\/02\/new-Logo-container.svg","contentUrl":"https:\/\/abeytanelson.com\/wp-content\/uploads\/2020\/02\/new-Logo-container.svg","width":214,"height":67,"caption":"Abeyta Nelson Injury Law"},"image":{"@id":"https:\/\/abeytanelson.com\/es\/#\/schema\/logo\/image\/"},"sameAs":["https:\/\/www.facebook.com\/people\/Abeyta-Nelson-Injury-Law\/100063503115654\/","https:\/\/www.yelp.com\/biz\/abeyta-nelson-injury-law-yakima?osq=abeyta nelson injury law","https:\/\/www.instagram.com\/abeytanelsoninjurylaw\/","https:\/\/www.linkedin.com\/company\/abeyta-nelson-injury-law\/"]},{"@type":"Person","@id":"https:\/\/abeytanelson.com\/es\/#\/schema\/person\/f55d812d44d5e145ccb6cdb56c315563","name":"Amy Peters","image":{"@type":"ImageObject","inLanguage":"es","@id":"https:\/\/secure.gravatar.com\/avatar\/a306a7d05d32e4bb468c29a02ee46509c9da34f6dc6095577ca52ef4205e373d?s=96&d=mm&r=g","url":"https:\/\/secure.gravatar.com\/avatar\/a306a7d05d32e4bb468c29a02ee46509c9da34f6dc6095577ca52ef4205e373d?s=96&d=mm&r=g","contentUrl":"https:\/\/secure.gravatar.com\/avatar\/a306a7d05d32e4bb468c29a02ee46509c9da34f6dc6095577ca52ef4205e373d?s=96&d=mm&r=g","caption":"Amy Peters"}}]}},"_links":{"self":[{"href":"https:\/\/abeytanelson.com\/es\/wp-json\/wp\/v2\/posts\/10097","targetHints":{"allow":["GET"]}}],"collection":[{"href":"https:\/\/abeytanelson.com\/es\/wp-json\/wp\/v2\/posts"}],"about":[{"href":"https:\/\/abeytanelson.com\/es\/wp-json\/wp\/v2\/types\/post"}],"author":[{"embeddable":true,"href":"https:\/\/abeytanelson.com\/es\/wp-json\/wp\/v2\/users\/5"}],"replies":[{"embeddable":true,"href":"https:\/\/abeytanelson.com\/es\/wp-json\/wp\/v2\/comments?post=10097"}],"version-history":[{"count":1,"href":"https:\/\/abeytanelson.com\/es\/wp-json\/wp\/v2\/posts\/10097\/revisions"}],"predecessor-version":[{"id":10098,"href":"https:\/\/abeytanelson.com\/es\/wp-json\/wp\/v2\/posts\/10097\/revisions\/10098"}],"wp:attachment":[{"href":"https:\/\/abeytanelson.com\/es\/wp-json\/wp\/v2\/media?parent=10097"}],"wp:term":[{"taxonomy":"category","embeddable":true,"href":"https:\/\/abeytanelson.com\/es\/wp-json\/wp\/v2\/categories?post=10097"},{"taxonomy":"post_tag","embeddable":true,"href":"https:\/\/abeytanelson.com\/es\/wp-json\/wp\/v2\/tags?post=10097"}],"curies":[{"name":"wp","href":"https:\/\/api.w.org\/{rel}","templated":true}]}}