{"id":10103,"date":"2022-11-21T23:18:22","date_gmt":"2022-11-22T05:18:22","guid":{"rendered":"http:\/\/abeytanelson.com\/un-dia-de-caza-se-convierte-en-una-pesadilla-de-colision-frontal\/"},"modified":"2026-03-10T19:46:54","modified_gmt":"2026-03-11T00:46:54","slug":"un-dia-de-caza-se-convierte-en-una-pesadilla-de-colision-frontal","status":"publish","type":"post","link":"https:\/\/abeytanelson.com\/es\/un-dia-de-caza-se-convierte-en-una-pesadilla-de-colision-frontal\/","title":{"rendered":"Un d\u00eda de caza se convierte en una pesadilla de colisi\u00f3n frontal"},"content":{"rendered":"\n<p>El s\u00e1bado 13 de octubre de 2018 fue un d\u00eda perfecto en el noreste de Washington. Hac\u00eda sol, el cielo era de un azul zafiro y las perspectivas de cazar un ciervo parec\u00edan buenas. Nuestro cliente, \u00abJoe\u00bb, se hab\u00eda escapado unos d\u00edas para participar en una de sus actividades favoritas: la caza de ciervos en las monta\u00f1as cerca de Colville, WA.  <\/p>\n\n<p>Joe, que entonces ten\u00eda 33 a\u00f1os, creci\u00f3 en Yakima y ahora viv\u00eda y trabajaba en Spokane. Conduc\u00eda su camioneta con caravana y remolcaba su jeep hacia la ciudad para comprar algunos suministros. <\/p>\n\n<p>Mientras Joe viajaba hacia el oeste por la Ruta Estatal 20, a pocos kil\u00f3metros de Colville, un Nissan Pathfinder que ven\u00eda en sentido contrario se desvi\u00f3 de la l\u00ednea central e invadi\u00f3 su carril. Reaccion\u00f3 r\u00e1pidamente y gir\u00f3 todo lo que pudo a la derecha, pero no pudo evitar la colisi\u00f3n. Los dos veh\u00edculos chocaron frontalmente a 88,5 km\/h.  <\/p>\n\n<p>Joe qued\u00f3 inconsciente por la fuerza del impacto. Cuando recuper\u00f3 el conocimiento, Joe estaba colgado boca abajo por el cintur\u00f3n de seguridad. Luch\u00f3 por liberarse. Cuando finalmente pudo desabrocharse el cintur\u00f3n de seguridad, cay\u00f3 hacia abajo, torci\u00e9ndose el pie y el tobillo al aterrizar.   <\/p>\n\n<p>Joe ol\u00eda a humo. Pens\u00f3 que su veh\u00edculo estaba en llamas y temi\u00f3 ser quemado vivo. Desesperado, al no poder abrir la puerta, pate\u00f3 la ventanilla trasera de la camioneta y escap\u00f3.  <\/p>\n\n<p>La escena de la colisi\u00f3n (v\u00e9anse las fotos a continuaci\u00f3n) parec\u00eda como si ambos veh\u00edculos hubieran sido bombardeados.<\/p>\n\n<p><img fetchpriority=\"high\" decoding=\"async\" class=\"wp-image-8654 size-medium alignleft\" src=\"https:\/\/abeytanelson.com\/wp-content\/uploads\/2026\/02\/Photo2AccidentNissan.jpg\" alt=\"\" width=\"300\" height=\"226\"\/><\/p>\n\n<p><img decoding=\"async\" class=\"wp-image-8653 size-medium alignnone\" src=\"https:\/\/abeytanelson.com\/wp-content\/uploads\/2026\/02\/HuntingCamper.jpg\" alt=\"\" width=\"300\" height=\"223\"\/><\/p>\n\n<p>Los agentes de la <a href=\"https:\/\/www.wsp.wa.gov\/\">Patrulla Estatal de Washington<\/a> investigaron y determinaron que la causa de la colisi\u00f3n fue la conductora del Nissan, una abuela de 57 a\u00f1os, que circulaba por el carril equivocado. Fue multada. No recordaba lo que hab\u00eda sucedido despu\u00e9s de detenerse a un lado de la carretera para permitir que sus dos nietos vieran un ciervo justo al lado de la carretera.  <\/p>\n\n<p><img decoding=\"async\" class=\"size-medium wp-image-8655 alignright\" src=\"https:\/\/abeytanelson.com\/wp-content\/uploads\/2026\/02\/Photo3AccidentXRay.jpg\" alt=\"\" width=\"170\" height=\"300\"\/>Joe sufri\u00f3 m\u00faltiples lesiones graves y permanentes. Estas inclu\u00edan una fractura extensa de la parte superior del brazo izquierdo que requiri\u00f3 reparaci\u00f3n quir\u00fargica con placas y tornillos, un desgarro parcial no quir\u00fargico del manguito rotador izquierdo, una fractura del dedo gordo del pie derecho y una fractura en el pie izquierdo. La incisi\u00f3n quir\u00fargica recorr\u00eda casi toda la longitud del brazo izquierdo de Joe y requiri\u00f3 50 grapas para cerrarse (v\u00e9ase la foto de la derecha).  <\/p>\n\n<p>Joe tambi\u00e9n sufri\u00f3 una lesi\u00f3n cerebral <a class=\"wpil_keyword_link\" href=\"https:\/\/abeytanelson.com\/practice\/brain-injury-lawyer-yakima\/\" target=\"_blank\" rel=\"noopener\" title=\"traum&#xE1;tica\" data-wpil-keyword-link=\"linked\" data-wpil-monitor-id=\"908\">traum\u00e1tica<\/a> leve que result\u00f3 en p\u00e9rdida de memoria, concentraci\u00f3n deteriorada y cambios de personalidad. Tambi\u00e9n sufri\u00f3 dolor cr\u00f3nico en la cadera izquierda y la parte baja de la espalda. M\u00e1s tarde, aproximadamente 18 meses despu\u00e9s de la colisi\u00f3n, se le diagnostic\u00f3 un desgarro del labrum en el hombro izquierdo. Mucho m\u00e1s tarde, poco antes de la fecha del juicio, se le diagnostic\u00f3 un presunto s\u00edndrome de la salida tor\u00e1cica (dolor causado por una costilla que atrapa un nervio de la <a class=\"wpil_keyword_link\" href=\"https:\/\/abeytanelson.com\/practice\/spinal-cord-injury\/\" target=\"_blank\" rel=\"noopener\" title=\"columna\" data-wpil-keyword-link=\"linked\" data-wpil-monitor-id=\"1022\">columna<\/a> tor\u00e1cica).   <\/p>\n\n<p>Joe fue trasladado a un hospital local en ambulancia y luego a Spokane, donde estuvo hospitalizado durante dos d\u00edas. Tras el alta, estuvo mayormente confinado a una cama de hospital y tuvo que quedarse con su madre durante varias semanas para que ella pudiera cuidarlo. Su esposa era estudiante de medicina de primer a\u00f1o. La madre de Joe tuvo que ayudarle a hacer todo, ya que apenas pod\u00eda moverse sin un dolor intenso.   <\/p>\n\n<p>Joe llev\u00f3 una f\u00e9rula y un cabestrillo, y m\u00e1s tarde una abrazadera en el brazo izquierdo durante varias semanas. Tambi\u00e9n llev\u00f3 una bota ortop\u00e9dica en el pie izquierdo y un zapato postoperatorio en el pie derecho durante seis semanas. <\/p>\n\n<p>Joe trabajaba como conductor de cami\u00f3n triturador en Spokane en el momento de la colisi\u00f3n. Intent\u00f3 volver al trabajo 17 meses despu\u00e9s de la colisi\u00f3n, pero tuvo dificultades. Su trabajo requer\u00eda levantar 22,68 kg o m\u00e1s y mover contenedores pesados. Acept\u00f3 un trabajo m\u00e1s ligero como conductor de cami\u00f3n triturador, pero sigui\u00f3 teniendo dificultades.   <\/p>\n\n<p>Se le diagnostic\u00f3 el cart\u00edlago desgarrado en el hombro y se someti\u00f3 a una segunda cirug\u00eda, esta vez ambulatoria, para volver a unir el cart\u00edlago desgarrado. Despu\u00e9s de esta cirug\u00eda, no pudo volver a conducir camiones trituradores como hab\u00eda hecho la mayor parte de su vida laboral. Ten\u00eda un t\u00edtulo de bachillerato.  <\/p>\n\n<p>Antes de sus lesiones, Joe ganaba aproximadamente 50 000 $ al a\u00f1o, incluidas las horas extras, conduciendo un cami\u00f3n triturador. Una evaluaci\u00f3n vocacional mostr\u00f3 que necesitar\u00eda volver a capacitarse para mitigar su p\u00e9rdida de ingresos en el futuro. El experto vocacional Jon Fountaine de OSC Vocational Systems recomend\u00f3 a Joe que se inscribiera en un colegio comunitario. Afirm\u00f3 que el mejor resultado ser\u00eda que Joe obtuviera un t\u00edtulo asociado para una carrera empresarial. Sin capacitaci\u00f3n vocacional, afirm\u00f3 que Joe probablemente se limitar\u00eda a ganar entre 15 y 20 $ por hora realizando trabajos ligeros como cajero o recepcionista de motel.    <\/p>\n\n<p>Los gastos m\u00e9dicos pasados de Joe ascendieron a 146 072 $, y sus gastos m\u00e9dicos futuros se estimaron en 79 100 $. Su p\u00e9rdida econ\u00f3mica si lograba completar un t\u00edtulo de dos a\u00f1os se estim\u00f3 en 350 875 $, y en 794 762 $ si no pod\u00eda completar la recapacitaci\u00f3n. <\/p>\n\n<p>La resoluci\u00f3n del caso se complic\u00f3 por las reclamaciones de los dos ni\u00f1os peque\u00f1os en el SUV del conductor culpable y las reclamaciones de sus padres. La p\u00f3liza del demandado ten\u00eda un l\u00edmite \u00fanico, por lo que todas las reclamaciones deb\u00edan resolverse al mismo tiempo. Un ni\u00f1o ten\u00eda una fractura de pierna y aproximadamente 40 000 $ en gastos m\u00e9dicos con secuelas permanentes. El otro ni\u00f1o ten\u00eda lesiones menores, pero una reclamaci\u00f3n m\u00e1s sustancial por dolor y sufrimiento mental dado el horrible accidente y sus consecuencias. Su abuela result\u00f3 gravemente herida.    <\/p>\n\n<p>La madre de los ni\u00f1os estuvo en el lugar de la colisi\u00f3n poco despu\u00e9s del accidente, por lo que ten\u00eda una reclamaci\u00f3n por infligir angustia mental por negligencia. Ambos padres ten\u00edan <a href=\"https:\/\/www.alllaw.com\/articles\/nolo\/personal-injury\/compensation-spouse-family-loss-consortium-claim.html\">reclamaciones por p\u00e9rdida de consorcio<\/a> como resultado de las lesiones de sus hijos. <\/p>\n\n<p>Para complicar a\u00fan m\u00e1s las cosas, los dos ni\u00f1os estuvieron representados en la mediaci\u00f3n por su padre. Ni los padres ni sus hijos ten\u00edan abogado. <\/p>\n\n<p>El demandado ten\u00eda l\u00edmites combinados de responsabilidad y seguro de paraguas de 1,5 millones de d\u00f3lares. Las reclamaciones por da\u00f1os a la propiedad de Joe para su camioneta, caravana y SUV remolcado ya se hab\u00edan resuelto, dejando 1 467 000 $ disponibles para resolver todas las reclamaciones. <\/p>\n\n<p>Despu\u00e9s de una mediaci\u00f3n de un d\u00eda de duraci\u00f3n un mes antes del juicio, la reclamaci\u00f3n de Joe se resolvi\u00f3 por 1 342 000 $. Su acuerdo es la indemnizaci\u00f3n m\u00e1s alta por un accidente de veh\u00edculo a motor en la historia del condado de Stevens. <\/p>\n\n<p>Abeyta Nelson Injury Law trabaj\u00f3 en el caso de Joe durante casi cuatro a\u00f1os. Estamos orgullosos de haber mantenido el rumbo y haber luchado por el acuerdo que Joe merec\u00eda para recuperar su vida. Y estamos orgullosos de Joe por estar dispuesto a ser paciente, recibir el tratamiento que necesitaba y darnos el tiempo necesario para conseguirle la justicia que merec\u00eda.  <\/p>\n\n<p>\u00a0<\/p>\n\n<p><em><a href=\"https:\/\/abeytanelson.com\/attorneys\/terry-abeyta\/\"><strong>Terry P. Abeyta<\/strong><\/a>, fundador de Abeyta Nelson Injury Law, ha ejercido la abogac\u00eda durante 46 a\u00f1os. Es miembro de Damage Attorneys Round Table, The Best Lawyers in America, y expresidente del Cap\u00edtulo de Washington de la Junta Americana de Abogados Litigantes. Abeyta Nelson tiene oficinas en Yakima, Ellensburg y Sunnyside.  <\/em><\/p>\n\n<p>\u00a0<\/p>\n\n<p>\u00a0<\/p>\n\n<p>\u00a0<\/p>\n\n<p>\u00a0<\/p>\n\n<p>\u00a0<\/p>\n\n<p>\u00a0<\/p>\n\n<p>\u00a0<\/p>\n\n<p>\u00a0<\/p>\n","protected":false},"excerpt":{"rendered":"<p>El s\u00e1bado 13 de octubre de 2018 fue un d\u00eda perfecto en el noreste de Washington. Hac\u00eda sol, el cielo era de un azul zafiro y las perspectivas de cazar un ciervo parec\u00edan buenas. Nuestro cliente, \u00abJoe\u00bb, se hab\u00eda escapado unos d\u00edas para participar en una de sus actividades favoritas: la caza de ciervos en [&hellip;]<\/p>\n","protected":false},"author":5,"featured_media":10104,"comment_status":"open","ping_status":"open","sticky":false,"template":"","format":"standard","meta":{"_acf_changed":false,"footnotes":""},"categories":[408,493],"tags":[507,527,521,528,529],"class_list":["post-10103","post","type-post","status-publish","format-standard","has-post-thumbnail","hentry","category-accidentes-de-coche-camion-y-motocicleta","category-lesiones-cerebrales","tag-abogado-de-accidentes-de-trafico","tag-accidente-de-trafico-2","tag-accidentes-de-trafico-2","tag-casos-complicados","tag-colision-frontal"],"acf":[],"yoast_head":"<!-- This site is optimized with the Yoast SEO plugin v27.3 - https:\/\/yoast.com\/product\/yoast-seo-wordpress\/ -->\n<title>Un viaje de caza se convierte en una pesadilla de colisi\u00f3n frontal en Washington<\/title>\n<meta name=\"description\" content=\"El acuerdo de Abeyta Nelson en un caso de colisi\u00f3n frontal es la indemnizaci\u00f3n m\u00e1s alta por un accidente de veh\u00edculo a motor en la historia del condado de Stevens.\" \/>\n<meta name=\"robots\" content=\"index, follow, max-snippet:-1, max-image-preview:large, max-video-preview:-1\" \/>\n<link rel=\"canonical\" href=\"https:\/\/abeytanelson.com\/es\/un-dia-de-caza-se-convierte-en-una-pesadilla-de-colision-frontal\/\" \/>\n<meta property=\"og:locale\" content=\"es_ES\" \/>\n<meta property=\"og:type\" content=\"article\" \/>\n<meta property=\"og:title\" content=\"Un viaje de caza se convierte en una pesadilla de colisi\u00f3n frontal en Washington\" \/>\n<meta property=\"og:description\" content=\"El acuerdo de Abeyta Nelson en un caso de colisi\u00f3n frontal es la indemnizaci\u00f3n m\u00e1s alta por un accidente de veh\u00edculo a motor en la historia del condado de Stevens.\" \/>\n<meta property=\"og:url\" content=\"https:\/\/abeytanelson.com\/es\/un-dia-de-caza-se-convierte-en-una-pesadilla-de-colision-frontal\/\" \/>\n<meta property=\"og:site_name\" content=\"Abeyta Nelson Injury Law\" \/>\n<meta property=\"article:publisher\" content=\"https:\/\/www.facebook.com\/people\/Abeyta-Nelson-Injury-Law\/100063503115654\/\" \/>\n<meta property=\"article:published_time\" content=\"2022-11-22T05:18:22+00:00\" \/>\n<meta property=\"article:modified_time\" content=\"2026-03-11T00:46:54+00:00\" \/>\n<meta property=\"og:image\" content=\"https:\/\/abeytanelson.com\/wp-content\/uploads\/2026\/02\/shutterstock_2181029911-scaled-1.jpg\" \/>\n\t<meta property=\"og:image:width\" content=\"2560\" \/>\n\t<meta property=\"og:image:height\" content=\"1708\" \/>\n\t<meta property=\"og:image:type\" content=\"image\/jpeg\" \/>\n<meta name=\"author\" content=\"Amy Peters\" \/>\n<meta name=\"twitter:card\" content=\"summary_large_image\" \/>\n<meta name=\"twitter:label1\" content=\"Escrito por\" \/>\n\t<meta name=\"twitter:data1\" content=\"Amy Peters\" \/>\n\t<meta name=\"twitter:label2\" content=\"Tiempo de lectura\" \/>\n\t<meta name=\"twitter:data2\" content=\"7 minutos\" \/>\n<script type=\"application\/ld+json\" class=\"yoast-schema-graph\">{\"@context\":\"https:\\\/\\\/schema.org\",\"@graph\":[{\"@type\":\"Article\",\"@id\":\"https:\\\/\\\/abeytanelson.com\\\/es\\\/un-dia-de-caza-se-convierte-en-una-pesadilla-de-colision-frontal\\\/#article\",\"isPartOf\":{\"@id\":\"https:\\\/\\\/abeytanelson.com\\\/es\\\/un-dia-de-caza-se-convierte-en-una-pesadilla-de-colision-frontal\\\/\"},\"author\":{\"name\":\"Amy Peters\",\"@id\":\"https:\\\/\\\/abeytanelson.com\\\/es\\\/#\\\/schema\\\/person\\\/f55d812d44d5e145ccb6cdb56c315563\"},\"headline\":\"Un d\u00eda de caza se convierte en una pesadilla de colisi\u00f3n frontal\",\"datePublished\":\"2022-11-22T05:18:22+00:00\",\"dateModified\":\"2026-03-11T00:46:54+00:00\",\"mainEntityOfPage\":{\"@id\":\"https:\\\/\\\/abeytanelson.com\\\/es\\\/un-dia-de-caza-se-convierte-en-una-pesadilla-de-colision-frontal\\\/\"},\"wordCount\":1320,\"commentCount\":0,\"publisher\":{\"@id\":\"https:\\\/\\\/abeytanelson.com\\\/es\\\/#organization\"},\"image\":{\"@id\":\"https:\\\/\\\/abeytanelson.com\\\/es\\\/un-dia-de-caza-se-convierte-en-una-pesadilla-de-colision-frontal\\\/#primaryimage\"},\"thumbnailUrl\":\"https:\\\/\\\/abeytanelson.com\\\/wp-content\\\/uploads\\\/2026\\\/02\\\/shutterstock_2181029911-scaled-1.jpg\",\"keywords\":[\"Abogado de accidentes de tr\u00e1fico\",\"Accidente de tr\u00e1fico\",\"Accidentes de tr\u00e1fico\",\"Casos complicados\",\"Colisi\u00f3n frontal\"],\"articleSection\":[\"Accidentes de coche, cami\u00f3n y motocicleta\",\"Lesiones cerebrales\"],\"inLanguage\":\"es\",\"potentialAction\":[{\"@type\":\"CommentAction\",\"name\":\"Comment\",\"target\":[\"https:\\\/\\\/abeytanelson.com\\\/es\\\/un-dia-de-caza-se-convierte-en-una-pesadilla-de-colision-frontal\\\/#respond\"]}]},{\"@type\":\"WebPage\",\"@id\":\"https:\\\/\\\/abeytanelson.com\\\/es\\\/un-dia-de-caza-se-convierte-en-una-pesadilla-de-colision-frontal\\\/\",\"url\":\"https:\\\/\\\/abeytanelson.com\\\/es\\\/un-dia-de-caza-se-convierte-en-una-pesadilla-de-colision-frontal\\\/\",\"name\":\"Un viaje de caza se convierte en una pesadilla de colisi\u00f3n frontal en Washington\",\"isPartOf\":{\"@id\":\"https:\\\/\\\/abeytanelson.com\\\/es\\\/#website\"},\"primaryImageOfPage\":{\"@id\":\"https:\\\/\\\/abeytanelson.com\\\/es\\\/un-dia-de-caza-se-convierte-en-una-pesadilla-de-colision-frontal\\\/#primaryimage\"},\"image\":{\"@id\":\"https:\\\/\\\/abeytanelson.com\\\/es\\\/un-dia-de-caza-se-convierte-en-una-pesadilla-de-colision-frontal\\\/#primaryimage\"},\"thumbnailUrl\":\"https:\\\/\\\/abeytanelson.com\\\/wp-content\\\/uploads\\\/2026\\\/02\\\/shutterstock_2181029911-scaled-1.jpg\",\"datePublished\":\"2022-11-22T05:18:22+00:00\",\"dateModified\":\"2026-03-11T00:46:54+00:00\",\"description\":\"El acuerdo de Abeyta Nelson en un caso de colisi\u00f3n frontal es la indemnizaci\u00f3n m\u00e1s alta por un accidente de veh\u00edculo a motor en la historia del condado de Stevens.\",\"breadcrumb\":{\"@id\":\"https:\\\/\\\/abeytanelson.com\\\/es\\\/un-dia-de-caza-se-convierte-en-una-pesadilla-de-colision-frontal\\\/#breadcrumb\"},\"inLanguage\":\"es\",\"potentialAction\":[{\"@type\":\"ReadAction\",\"target\":[\"https:\\\/\\\/abeytanelson.com\\\/es\\\/un-dia-de-caza-se-convierte-en-una-pesadilla-de-colision-frontal\\\/\"]}]},{\"@type\":\"ImageObject\",\"inLanguage\":\"es\",\"@id\":\"https:\\\/\\\/abeytanelson.com\\\/es\\\/un-dia-de-caza-se-convierte-en-una-pesadilla-de-colision-frontal\\\/#primaryimage\",\"url\":\"https:\\\/\\\/abeytanelson.com\\\/wp-content\\\/uploads\\\/2026\\\/02\\\/shutterstock_2181029911-scaled-1.jpg\",\"contentUrl\":\"https:\\\/\\\/abeytanelson.com\\\/wp-content\\\/uploads\\\/2026\\\/02\\\/shutterstock_2181029911-scaled-1.jpg\",\"width\":2560,\"height\":1708,\"caption\":\"D\u00eda de caza de oto\u00f1o\"},{\"@type\":\"BreadcrumbList\",\"@id\":\"https:\\\/\\\/abeytanelson.com\\\/es\\\/un-dia-de-caza-se-convierte-en-una-pesadilla-de-colision-frontal\\\/#breadcrumb\",\"itemListElement\":[{\"@type\":\"ListItem\",\"position\":1,\"name\":\"Home\",\"item\":\"https:\\\/\\\/abeytanelson.com\\\/es\\\/inicio\\\/\"},{\"@type\":\"ListItem\",\"position\":2,\"name\":\"Un d\u00eda de caza se convierte en una pesadilla de colisi\u00f3n frontal\"}]},{\"@type\":\"WebSite\",\"@id\":\"https:\\\/\\\/abeytanelson.com\\\/es\\\/#website\",\"url\":\"https:\\\/\\\/abeytanelson.com\\\/es\\\/\",\"name\":\"Abeyta Nelson Injury Law\",\"description\":\"\",\"publisher\":{\"@id\":\"https:\\\/\\\/abeytanelson.com\\\/es\\\/#organization\"},\"potentialAction\":[{\"@type\":\"SearchAction\",\"target\":{\"@type\":\"EntryPoint\",\"urlTemplate\":\"https:\\\/\\\/abeytanelson.com\\\/es\\\/?s={search_term_string}\"},\"query-input\":{\"@type\":\"PropertyValueSpecification\",\"valueRequired\":true,\"valueName\":\"search_term_string\"}}],\"inLanguage\":\"es\"},{\"@type\":\"Organization\",\"@id\":\"https:\\\/\\\/abeytanelson.com\\\/es\\\/#organization\",\"name\":\"Abeyta Nelson Injury Law\",\"url\":\"https:\\\/\\\/abeytanelson.com\\\/es\\\/\",\"logo\":{\"@type\":\"ImageObject\",\"inLanguage\":\"es\",\"@id\":\"https:\\\/\\\/abeytanelson.com\\\/es\\\/#\\\/schema\\\/logo\\\/image\\\/\",\"url\":\"https:\\\/\\\/abeytanelson.com\\\/wp-content\\\/uploads\\\/2020\\\/02\\\/new-Logo-container.svg\",\"contentUrl\":\"https:\\\/\\\/abeytanelson.com\\\/wp-content\\\/uploads\\\/2020\\\/02\\\/new-Logo-container.svg\",\"width\":214,\"height\":67,\"caption\":\"Abeyta Nelson Injury Law\"},\"image\":{\"@id\":\"https:\\\/\\\/abeytanelson.com\\\/es\\\/#\\\/schema\\\/logo\\\/image\\\/\"},\"sameAs\":[\"https:\\\/\\\/www.facebook.com\\\/people\\\/Abeyta-Nelson-Injury-Law\\\/100063503115654\\\/\",\"https:\\\/\\\/www.yelp.com\\\/biz\\\/abeyta-nelson-injury-law-yakima?osq=abeyta nelson injury law\",\"https:\\\/\\\/www.instagram.com\\\/abeytanelsoninjurylaw\\\/\",\"https:\\\/\\\/www.linkedin.com\\\/company\\\/abeyta-nelson-injury-law\\\/\"]},{\"@type\":\"Person\",\"@id\":\"https:\\\/\\\/abeytanelson.com\\\/es\\\/#\\\/schema\\\/person\\\/f55d812d44d5e145ccb6cdb56c315563\",\"name\":\"Amy Peters\",\"image\":{\"@type\":\"ImageObject\",\"inLanguage\":\"es\",\"@id\":\"https:\\\/\\\/secure.gravatar.com\\\/avatar\\\/a306a7d05d32e4bb468c29a02ee46509c9da34f6dc6095577ca52ef4205e373d?s=96&d=mm&r=g\",\"url\":\"https:\\\/\\\/secure.gravatar.com\\\/avatar\\\/a306a7d05d32e4bb468c29a02ee46509c9da34f6dc6095577ca52ef4205e373d?s=96&d=mm&r=g\",\"contentUrl\":\"https:\\\/\\\/secure.gravatar.com\\\/avatar\\\/a306a7d05d32e4bb468c29a02ee46509c9da34f6dc6095577ca52ef4205e373d?s=96&d=mm&r=g\",\"caption\":\"Amy Peters\"}}]}<\/script>\n<!-- \/ Yoast SEO plugin. -->","yoast_head_json":{"title":"Un viaje de caza se convierte en una pesadilla de colisi\u00f3n frontal en Washington","description":"El acuerdo de Abeyta Nelson en un caso de colisi\u00f3n frontal es la indemnizaci\u00f3n m\u00e1s alta por un accidente de veh\u00edculo a motor en la historia del condado de Stevens.","robots":{"index":"index","follow":"follow","max-snippet":"max-snippet:-1","max-image-preview":"max-image-preview:large","max-video-preview":"max-video-preview:-1"},"canonical":"https:\/\/abeytanelson.com\/es\/un-dia-de-caza-se-convierte-en-una-pesadilla-de-colision-frontal\/","og_locale":"es_ES","og_type":"article","og_title":"Un viaje de caza se convierte en una pesadilla de colisi\u00f3n frontal en Washington","og_description":"El acuerdo de Abeyta Nelson en un caso de colisi\u00f3n frontal es la indemnizaci\u00f3n m\u00e1s alta por un accidente de veh\u00edculo a motor en la historia del condado de Stevens.","og_url":"https:\/\/abeytanelson.com\/es\/un-dia-de-caza-se-convierte-en-una-pesadilla-de-colision-frontal\/","og_site_name":"Abeyta Nelson Injury Law","article_publisher":"https:\/\/www.facebook.com\/people\/Abeyta-Nelson-Injury-Law\/100063503115654\/","article_published_time":"2022-11-22T05:18:22+00:00","article_modified_time":"2026-03-11T00:46:54+00:00","og_image":[{"width":2560,"height":1708,"url":"https:\/\/abeytanelson.com\/wp-content\/uploads\/2026\/02\/shutterstock_2181029911-scaled-1.jpg","type":"image\/jpeg"}],"author":"Amy Peters","twitter_card":"summary_large_image","twitter_misc":{"Escrito por":"Amy Peters","Tiempo de lectura":"7 minutos"},"schema":{"@context":"https:\/\/schema.org","@graph":[{"@type":"Article","@id":"https:\/\/abeytanelson.com\/es\/un-dia-de-caza-se-convierte-en-una-pesadilla-de-colision-frontal\/#article","isPartOf":{"@id":"https:\/\/abeytanelson.com\/es\/un-dia-de-caza-se-convierte-en-una-pesadilla-de-colision-frontal\/"},"author":{"name":"Amy Peters","@id":"https:\/\/abeytanelson.com\/es\/#\/schema\/person\/f55d812d44d5e145ccb6cdb56c315563"},"headline":"Un d\u00eda de caza se convierte en una pesadilla de colisi\u00f3n frontal","datePublished":"2022-11-22T05:18:22+00:00","dateModified":"2026-03-11T00:46:54+00:00","mainEntityOfPage":{"@id":"https:\/\/abeytanelson.com\/es\/un-dia-de-caza-se-convierte-en-una-pesadilla-de-colision-frontal\/"},"wordCount":1320,"commentCount":0,"publisher":{"@id":"https:\/\/abeytanelson.com\/es\/#organization"},"image":{"@id":"https:\/\/abeytanelson.com\/es\/un-dia-de-caza-se-convierte-en-una-pesadilla-de-colision-frontal\/#primaryimage"},"thumbnailUrl":"https:\/\/abeytanelson.com\/wp-content\/uploads\/2026\/02\/shutterstock_2181029911-scaled-1.jpg","keywords":["Abogado de accidentes de tr\u00e1fico","Accidente de tr\u00e1fico","Accidentes de tr\u00e1fico","Casos complicados","Colisi\u00f3n frontal"],"articleSection":["Accidentes de coche, cami\u00f3n y motocicleta","Lesiones cerebrales"],"inLanguage":"es","potentialAction":[{"@type":"CommentAction","name":"Comment","target":["https:\/\/abeytanelson.com\/es\/un-dia-de-caza-se-convierte-en-una-pesadilla-de-colision-frontal\/#respond"]}]},{"@type":"WebPage","@id":"https:\/\/abeytanelson.com\/es\/un-dia-de-caza-se-convierte-en-una-pesadilla-de-colision-frontal\/","url":"https:\/\/abeytanelson.com\/es\/un-dia-de-caza-se-convierte-en-una-pesadilla-de-colision-frontal\/","name":"Un viaje de caza se convierte en una pesadilla de colisi\u00f3n frontal en Washington","isPartOf":{"@id":"https:\/\/abeytanelson.com\/es\/#website"},"primaryImageOfPage":{"@id":"https:\/\/abeytanelson.com\/es\/un-dia-de-caza-se-convierte-en-una-pesadilla-de-colision-frontal\/#primaryimage"},"image":{"@id":"https:\/\/abeytanelson.com\/es\/un-dia-de-caza-se-convierte-en-una-pesadilla-de-colision-frontal\/#primaryimage"},"thumbnailUrl":"https:\/\/abeytanelson.com\/wp-content\/uploads\/2026\/02\/shutterstock_2181029911-scaled-1.jpg","datePublished":"2022-11-22T05:18:22+00:00","dateModified":"2026-03-11T00:46:54+00:00","description":"El acuerdo de Abeyta Nelson en un caso de colisi\u00f3n frontal es la indemnizaci\u00f3n m\u00e1s alta por un accidente de veh\u00edculo a motor en la historia del condado de Stevens.","breadcrumb":{"@id":"https:\/\/abeytanelson.com\/es\/un-dia-de-caza-se-convierte-en-una-pesadilla-de-colision-frontal\/#breadcrumb"},"inLanguage":"es","potentialAction":[{"@type":"ReadAction","target":["https:\/\/abeytanelson.com\/es\/un-dia-de-caza-se-convierte-en-una-pesadilla-de-colision-frontal\/"]}]},{"@type":"ImageObject","inLanguage":"es","@id":"https:\/\/abeytanelson.com\/es\/un-dia-de-caza-se-convierte-en-una-pesadilla-de-colision-frontal\/#primaryimage","url":"https:\/\/abeytanelson.com\/wp-content\/uploads\/2026\/02\/shutterstock_2181029911-scaled-1.jpg","contentUrl":"https:\/\/abeytanelson.com\/wp-content\/uploads\/2026\/02\/shutterstock_2181029911-scaled-1.jpg","width":2560,"height":1708,"caption":"D\u00eda de caza de oto\u00f1o"},{"@type":"BreadcrumbList","@id":"https:\/\/abeytanelson.com\/es\/un-dia-de-caza-se-convierte-en-una-pesadilla-de-colision-frontal\/#breadcrumb","itemListElement":[{"@type":"ListItem","position":1,"name":"Home","item":"https:\/\/abeytanelson.com\/es\/inicio\/"},{"@type":"ListItem","position":2,"name":"Un d\u00eda de caza se convierte en una pesadilla de colisi\u00f3n frontal"}]},{"@type":"WebSite","@id":"https:\/\/abeytanelson.com\/es\/#website","url":"https:\/\/abeytanelson.com\/es\/","name":"Abeyta Nelson Injury Law","description":"","publisher":{"@id":"https:\/\/abeytanelson.com\/es\/#organization"},"potentialAction":[{"@type":"SearchAction","target":{"@type":"EntryPoint","urlTemplate":"https:\/\/abeytanelson.com\/es\/?s={search_term_string}"},"query-input":{"@type":"PropertyValueSpecification","valueRequired":true,"valueName":"search_term_string"}}],"inLanguage":"es"},{"@type":"Organization","@id":"https:\/\/abeytanelson.com\/es\/#organization","name":"Abeyta Nelson Injury Law","url":"https:\/\/abeytanelson.com\/es\/","logo":{"@type":"ImageObject","inLanguage":"es","@id":"https:\/\/abeytanelson.com\/es\/#\/schema\/logo\/image\/","url":"https:\/\/abeytanelson.com\/wp-content\/uploads\/2020\/02\/new-Logo-container.svg","contentUrl":"https:\/\/abeytanelson.com\/wp-content\/uploads\/2020\/02\/new-Logo-container.svg","width":214,"height":67,"caption":"Abeyta Nelson Injury Law"},"image":{"@id":"https:\/\/abeytanelson.com\/es\/#\/schema\/logo\/image\/"},"sameAs":["https:\/\/www.facebook.com\/people\/Abeyta-Nelson-Injury-Law\/100063503115654\/","https:\/\/www.yelp.com\/biz\/abeyta-nelson-injury-law-yakima?osq=abeyta nelson injury law","https:\/\/www.instagram.com\/abeytanelsoninjurylaw\/","https:\/\/www.linkedin.com\/company\/abeyta-nelson-injury-law\/"]},{"@type":"Person","@id":"https:\/\/abeytanelson.com\/es\/#\/schema\/person\/f55d812d44d5e145ccb6cdb56c315563","name":"Amy Peters","image":{"@type":"ImageObject","inLanguage":"es","@id":"https:\/\/secure.gravatar.com\/avatar\/a306a7d05d32e4bb468c29a02ee46509c9da34f6dc6095577ca52ef4205e373d?s=96&d=mm&r=g","url":"https:\/\/secure.gravatar.com\/avatar\/a306a7d05d32e4bb468c29a02ee46509c9da34f6dc6095577ca52ef4205e373d?s=96&d=mm&r=g","contentUrl":"https:\/\/secure.gravatar.com\/avatar\/a306a7d05d32e4bb468c29a02ee46509c9da34f6dc6095577ca52ef4205e373d?s=96&d=mm&r=g","caption":"Amy Peters"}}]}},"_links":{"self":[{"href":"https:\/\/abeytanelson.com\/es\/wp-json\/wp\/v2\/posts\/10103","targetHints":{"allow":["GET"]}}],"collection":[{"href":"https:\/\/abeytanelson.com\/es\/wp-json\/wp\/v2\/posts"}],"about":[{"href":"https:\/\/abeytanelson.com\/es\/wp-json\/wp\/v2\/types\/post"}],"author":[{"embeddable":true,"href":"https:\/\/abeytanelson.com\/es\/wp-json\/wp\/v2\/users\/5"}],"replies":[{"embeddable":true,"href":"https:\/\/abeytanelson.com\/es\/wp-json\/wp\/v2\/comments?post=10103"}],"version-history":[{"count":1,"href":"https:\/\/abeytanelson.com\/es\/wp-json\/wp\/v2\/posts\/10103\/revisions"}],"predecessor-version":[{"id":10105,"href":"https:\/\/abeytanelson.com\/es\/wp-json\/wp\/v2\/posts\/10103\/revisions\/10105"}],"wp:featuredmedia":[{"embeddable":true,"href":"https:\/\/abeytanelson.com\/es\/wp-json\/wp\/v2\/media\/10104"}],"wp:attachment":[{"href":"https:\/\/abeytanelson.com\/es\/wp-json\/wp\/v2\/media?parent=10103"}],"wp:term":[{"taxonomy":"category","embeddable":true,"href":"https:\/\/abeytanelson.com\/es\/wp-json\/wp\/v2\/categories?post=10103"},{"taxonomy":"post_tag","embeddable":true,"href":"https:\/\/abeytanelson.com\/es\/wp-json\/wp\/v2\/tags?post=10103"}],"curies":[{"name":"wp","href":"https:\/\/api.w.org\/{rel}","templated":true}]}}