{"id":10169,"date":"2024-03-19T21:53:13","date_gmt":"2024-03-20T02:53:13","guid":{"rendered":"http:\/\/abeytanelson.com\/ha-perdido-dias-de-trabajo-debido-a-un-accidente\/"},"modified":"2026-03-10T19:52:25","modified_gmt":"2026-03-11T00:52:25","slug":"ha-perdido-dias-de-trabajo-debido-a-un-accidente","status":"publish","type":"post","link":"https:\/\/abeytanelson.com\/es\/ha-perdido-dias-de-trabajo-debido-a-un-accidente\/","title":{"rendered":"\u00bfHa perdido d\u00edas de trabajo debido a un accidente?"},"content":{"rendered":"\n<figure id=\"attachment_9145\" aria-describedby=\"caption-attachment-9145\" style=\"width: 300px\" class=\"wp-caption alignright\"><img fetchpriority=\"high\" decoding=\"async\" class=\"wp-image-9145 size-medium\" src=\"https:\/\/abeytanelson.com\/wp-content\/uploads\/2026\/02\/ConstructionWorker.jpg\" alt=\"Presentar una reclamaci\u00f3n por p\u00e9rdida salarial puede proporcionarle una compensaci\u00f3n si no puede trabajar despu\u00e9s de un accidente.\" width=\"300\" height=\"200\"><figcaption id=\"caption-attachment-9145\" class=\"wp-caption-text\">\u00bfC\u00f3mo afectar\u00e1n sus lesiones relacionadas con un accidente de coche a su capacidad para trabajar? Abeyta Nelson puede ayudarle a establecer una reclamaci\u00f3n por p\u00e9rdida salarial.<\/figcaption><\/figure>\n<h3>Explicaci\u00f3n de las reclamaciones por p\u00e9rdida salarial<\/h3>\n<p class=\"p1\"><span class=\"s1\">T<\/span>ras una colisi\u00f3n de veh\u00edculo a motor, una preocupaci\u00f3n com\u00fan para muchas personas es c\u00f3mo sus lesiones afectar\u00e1n su capacidad para trabajar y mantener a sus seres queridos. Las lesiones de una colisi\u00f3n de veh\u00edculo a motor pueden impedirle realizar sus tareas <a class=\"wpil_keyword_link\" title=\"trabajo\" href=\"https:\/\/abeytanelson.com\/practice\/yakima-work-injury-lawyer\/\" target=\"_blank\" rel=\"noopener\" data-wpil-keyword-link=\"linked\" data-wpil-monitor-id=\"837\">laborales<\/a> habituales u obligarle a faltar al trabajo para asistir a citas m\u00e9dicas y tratamientos. Seg\u00fan <a href=\"https:\/\/www.nerdwallet.com\/\">NerdWallet.com<\/a>, aproximadamente el 45% de los estadounidenses no pueden permitirse una emergencia de 1000 $ sin recurrir a pr\u00e9stamos o deudas de tarjetas de cr\u00e9dito.  <span class=\"Apple-converted-space\">  <\/span>Es esencial, entonces, que las v\u00edctimas de colisiones sean compensadas por cualquier tiempo de trabajo perdido. Aqu\u00ed es donde entran en juego las reclamaciones por p\u00e9rdida salarial. <\/p>\n\n<h3>Elegibilidad para reclamaciones por p\u00e9rdida salarial<\/h3>\n<p class=\"p1\">En el estado de Washington, usted tiene derecho a una <a href=\"https:\/\/www.lni.wa.gov\/claims\/for-workers\/claim-benefits\/wage-replacement#:~:text=What%20to%20expect,how%20many%20dependents%20you%20have.\">compensaci\u00f3n por salarios perdidos<\/a> o ganancias perdidas debido al tiempo de trabajo ausente por una colisi\u00f3n de veh\u00edculo a motor. Las reclamaciones por p\u00e9rdida salarial contra un conductor culpable pueden incluir salarios perdidos debido a la incapacidad para trabajar, tiempo de trabajo ausente para citas m\u00e9dicas y otros tratamientos, incluido el uso de d\u00edas de vacaciones o de enfermedad para esos fines. Para probar una reclamaci\u00f3n por p\u00e9rdida salarial, debe establecer que el <a href=\"https:\/\/abeytanelson.com\/top-three-causes-of-car-accidents\/\" target=\"_blank\" rel=\"noopener\" data-wpil-monitor-id=\"838\">accidente le caus\u00f3<\/a> la p\u00e9rdida de tiempo de trabajo y tener un alta m\u00e9dica de su m\u00e9dico que incluya las horas que perdi\u00f3 debido a la colisi\u00f3n.  <\/p>\n\n<h3>C\u00e1lculo y prueba de una reclamaci\u00f3n por p\u00e9rdida salarial<\/h3>\n<p class=\"p1\">Calcular una reclamaci\u00f3n por p\u00e9rdida salarial requiere documentar la diferencia entre sus ingresos previos al accidente y cualquier ingreso durante el tiempo que tuvo que faltar al trabajo. A veces, la diferencia puede establecerse simplemente comparando las n\u00f3minas de sus ingresos previos al accidente y los ingresos durante el tiempo que falt\u00f3 al trabajo. Otras veces, es posible que deba comparar las declaraciones de impuestos y los dep\u00f3sitos bancarios para establecer una p\u00e9rdida de ingresos. El prop\u00f3sito es proporcionar una compensaci\u00f3n justa y equitativa por el tiempo que perdi\u00f3 del <a href=\"https:\/\/abeytanelson.com\/why-buy-umbrella-insurance\/\" target=\"_blank\" rel=\"noopener\" data-wpil-monitor-id=\"895\">trabajo debido a la negligencia del conductor culpable<\/a>.   <\/p>\n\n<h3>Protecci\u00f3n contra lesiones personales (PIP) y p\u00e9rdida salarial<\/h3>\n<p class=\"p1\">En Washington, las compa\u00f1\u00edas de seguros est\u00e1n <a href=\"https:\/\/www.insurance.wa.gov\/personal-injury-protection-pip\">obligadas por ley a ofrecer Protecci\u00f3n contra Lesiones Personales<\/a>, tambi\u00e9n conocida como PIP. La PIP proporciona <a class=\"wpil_keyword_link\" href=\"https:\/\/abeytanelson.com\/uncovering-full-coverage-scam\/\" target=\"_blank\" rel=\"noopener\" title=\"cobertura\" data-wpil-keyword-link=\"linked\" data-wpil-monitor-id=\"970\">cobertura<\/a> para salarios perdidos, gastos m\u00e9dicos, gastos funerarios y p\u00e9rdida de servicios dom\u00e9sticos, independientemente de qui\u00e9n sea el culpable de la colisi\u00f3n. Los <i>l\u00edmites m\u00ednimos<\/i> para la <a href=\"https:\/\/abeytanelson.com\/its-not-full-coverage-without-pip\/\" target=\"_blank\" rel=\"noopener\" data-wpil-monitor-id=\"839\">cobertura PIP<\/a> son el 85% de los salarios perdidos o 200 $ por semana, lo que sea menor; 10 000 $ en gastos m\u00e9dicos incurridos dentro de los tres a\u00f1os posteriores a la colisi\u00f3n; 2000 $ en gastos funerarios; y 5000 $ por beneficios de p\u00e9rdida de servicios dom\u00e9sticos, hasta 200 $ por semana. La p\u00e9rdida de servicios dom\u00e9sticos incluye limpieza, jardiner\u00eda, mantenimiento del hogar y enfermer\u00eda a domicilio.   <\/p>\n\n<h3>Los beneficios de la protecci\u00f3n contra lesiones personales extendida<\/h3>\n<p class=\"p1\">Puede contratar una cobertura de \u201cPIP extendida\u201d con su compa\u00f1\u00eda de <a href=\"https:\/\/abeytanelson.com\/if-youre-hurt-due-to-the-fault-of-a-family-member\/\" target=\"_blank\" rel=\"noopener\" data-wpil-monitor-id=\"840\">seguros<\/a> de hasta el 85% de los ingresos perdidos o 700 $ por semana, lo que sea menor, y 35 000 $ para gastos m\u00e9dicos incurridos dentro de los tres a\u00f1os posteriores a la colisi\u00f3n. Estos beneficios no solo cubren al asegurado nombrado, sino tambi\u00e9n a cualquier persona que est\u00e9 usando u ocupando el veh\u00edculo que result\u00f3 herido. Es crucial que no rechace la <a href=\"https:\/\/abeytanelson.com\/do-you-have-full-auto-insurance-coverage-not-without-uim-or-pip\/\" target=\"_blank\" rel=\"noopener\" data-wpil-monitor-id=\"841\">cobertura PIP<\/a>, ya que estos beneficios dejar\u00e1n de estar disponibles para usted.  <\/p>\n\n<h3>Asistencia legal para su reclamaci\u00f3n por p\u00e9rdida salarial<\/h3>\n<p class=\"p1\">Establecer una reclamaci\u00f3n por p\u00e9rdida salarial puede ser un proceso complejo con una resistencia significativa por parte de las compa\u00f1\u00edas de seguros. Los abogados de Abeyta Nelson Injury Law tienen m\u00e1s de 100 a\u00f1os de experiencia combinada valorando y estableciendo reclamaciones por p\u00e9rdida salarial. Sabemos c\u00f3mo documentar y presentar reclamaciones por p\u00e9rdida salarial que le permitir\u00e1n cobrar. <a href=\"https:\/\/abeytanelson.com\/contact-yakima-injury-lawyer\/\">Contacte con Abeyta Nelson Injury Law<\/a> en Yakima, Ellensburg o Sunnyside para una revisi\u00f3n gratuita y sin compromiso de su caso hoy mismo. Nunca pagar\u00e1 <a href=\"https:\/\/abeytanelson.com\/5-questions-to-ask-when-choosing-a-personal-injury-attorney\/\" target=\"_blank\" rel=\"noopener\" data-wpil-monitor-id=\"842\">honorarios de abogado a menos que ganemos su caso<\/a>.   <\/p>\n<em>-blog escrito por el <a href=\"https:\/\/abeytanelson.com\/attorneys\/devon-r-nikfard-attorney\/\" target=\"_blank\" rel=\"noopener\" data-wpil-monitor-id=\"843\">abogado Devon<\/a> R. Nikfard, <a href=\"https:\/\/abeytanelson.com\/abeyta-nelson-injury-law-voted-best-law-firm-in-yakima-washington\/\" target=\"_blank\" rel=\"noopener\" data-wpil-monitor-id=\"844\">Abeyta Nelson Injury Law<\/a><\/em>\n\n&nbsp;\n","protected":false},"excerpt":{"rendered":"<p>Explicaci\u00f3n de las reclamaciones por p\u00e9rdida salarial Tras una colisi\u00f3n de veh\u00edculo a motor, una preocupaci\u00f3n com\u00fan para muchas personas es c\u00f3mo sus lesiones afectar\u00e1n su capacidad para trabajar y mantener a sus seres queridos. Las lesiones de una colisi\u00f3n de veh\u00edculo a motor pueden impedirle realizar sus tareas laborales habituales u obligarle a faltar [&hellip;]<\/p>\n","protected":false},"author":5,"featured_media":10170,"comment_status":"open","ping_status":"open","sticky":false,"template":"","format":"standard","meta":{"_acf_changed":false,"footnotes":""},"categories":[408,405,417],"tags":[566,490,568,567],"class_list":["post-10169","post","type-post","status-publish","format-standard","has-post-thumbnail","hentry","category-accidentes-de-coche-camion-y-motocicleta","category-lesiones-personales","category-seguros","tag-perdida-de-capacidad-laboral","tag-proteccion-contra-lesiones-personales-pip","tag-reclamaciones-por-perdida-salarial","tag-tiempo-de-trabajo-perdido"],"acf":[],"yoast_head":"<!-- This site is optimized with the Yoast SEO plugin v27.3 - https:\/\/yoast.com\/product\/yoast-seo-wordpress\/ -->\n<title>C\u00f3mo gestionar reclamaciones por p\u00e9rdida salarial tras un accidente de coche en Washington<\/title>\n<meta name=\"description\" content=\"Las lesiones por accidente de coche pueden dificultar el regreso al trabajo o el buen desempe\u00f1o laboral. Las reclamaciones por p\u00e9rdida salarial pueden compensar el tiempo de trabajo perdido.\" \/>\n<meta name=\"robots\" content=\"index, follow, max-snippet:-1, max-image-preview:large, max-video-preview:-1\" \/>\n<link rel=\"canonical\" href=\"https:\/\/abeytanelson.com\/es\/ha-perdido-dias-de-trabajo-debido-a-un-accidente\/\" \/>\n<meta property=\"og:locale\" content=\"es_ES\" \/>\n<meta property=\"og:type\" content=\"article\" \/>\n<meta property=\"og:title\" content=\"C\u00f3mo gestionar reclamaciones por p\u00e9rdida salarial tras un accidente de coche en Washington\" \/>\n<meta property=\"og:description\" content=\"Las lesiones por accidente de coche pueden dificultar el regreso al trabajo o el buen desempe\u00f1o laboral. Las reclamaciones por p\u00e9rdida salarial pueden compensar el tiempo de trabajo perdido.\" \/>\n<meta property=\"og:url\" content=\"https:\/\/abeytanelson.com\/es\/ha-perdido-dias-de-trabajo-debido-a-un-accidente\/\" \/>\n<meta property=\"og:site_name\" content=\"Abeyta Nelson Injury Law\" \/>\n<meta property=\"article:publisher\" content=\"https:\/\/www.facebook.com\/people\/Abeyta-Nelson-Injury-Law\/100063503115654\/\" \/>\n<meta property=\"article:published_time\" content=\"2024-03-20T02:53:13+00:00\" \/>\n<meta property=\"article:modified_time\" content=\"2026-03-11T00:52:25+00:00\" \/>\n<meta property=\"og:image\" content=\"https:\/\/abeytanelson.com\/wp-content\/uploads\/2026\/02\/ConstructionWorker-1024x683.jpg\" \/>\n\t<meta property=\"og:image:width\" content=\"1024\" \/>\n\t<meta property=\"og:image:height\" content=\"683\" \/>\n\t<meta property=\"og:image:type\" content=\"image\/jpeg\" \/>\n<meta name=\"author\" content=\"Amy Peters\" \/>\n<meta name=\"twitter:card\" content=\"summary_large_image\" \/>\n<meta name=\"twitter:label1\" content=\"Escrito por\" \/>\n\t<meta name=\"twitter:data1\" content=\"Amy Peters\" \/>\n\t<meta name=\"twitter:label2\" content=\"Tiempo de lectura\" \/>\n\t<meta name=\"twitter:data2\" content=\"4 minutos\" \/>\n<script type=\"application\/ld+json\" class=\"yoast-schema-graph\">{\"@context\":\"https:\\\/\\\/schema.org\",\"@graph\":[{\"@type\":\"Article\",\"@id\":\"https:\\\/\\\/abeytanelson.com\\\/es\\\/ha-perdido-dias-de-trabajo-debido-a-un-accidente\\\/#article\",\"isPartOf\":{\"@id\":\"https:\\\/\\\/abeytanelson.com\\\/es\\\/ha-perdido-dias-de-trabajo-debido-a-un-accidente\\\/\"},\"author\":{\"name\":\"Amy Peters\",\"@id\":\"https:\\\/\\\/abeytanelson.com\\\/es\\\/#\\\/schema\\\/person\\\/f55d812d44d5e145ccb6cdb56c315563\"},\"headline\":\"\u00bfHa perdido d\u00edas de trabajo debido a un accidente?\",\"datePublished\":\"2024-03-20T02:53:13+00:00\",\"dateModified\":\"2026-03-11T00:52:25+00:00\",\"mainEntityOfPage\":{\"@id\":\"https:\\\/\\\/abeytanelson.com\\\/es\\\/ha-perdido-dias-de-trabajo-debido-a-un-accidente\\\/\"},\"wordCount\":782,\"commentCount\":0,\"publisher\":{\"@id\":\"https:\\\/\\\/abeytanelson.com\\\/es\\\/#organization\"},\"image\":{\"@id\":\"https:\\\/\\\/abeytanelson.com\\\/es\\\/ha-perdido-dias-de-trabajo-debido-a-un-accidente\\\/#primaryimage\"},\"thumbnailUrl\":\"https:\\\/\\\/abeytanelson.com\\\/wp-content\\\/uploads\\\/2026\\\/02\\\/ConstructionWorker.jpg\",\"keywords\":[\"P\u00e9rdida de capacidad laboral\",\"Protecci\u00f3n contra lesiones personales (PIP)\",\"Reclamaciones por p\u00e9rdida salarial\",\"Tiempo de trabajo perdido\"],\"articleSection\":[\"Accidentes de coche, cami\u00f3n y motocicleta\",\"Lesiones personales\",\"Seguros\"],\"inLanguage\":\"es\",\"potentialAction\":[{\"@type\":\"CommentAction\",\"name\":\"Comment\",\"target\":[\"https:\\\/\\\/abeytanelson.com\\\/es\\\/ha-perdido-dias-de-trabajo-debido-a-un-accidente\\\/#respond\"]}]},{\"@type\":\"WebPage\",\"@id\":\"https:\\\/\\\/abeytanelson.com\\\/es\\\/ha-perdido-dias-de-trabajo-debido-a-un-accidente\\\/\",\"url\":\"https:\\\/\\\/abeytanelson.com\\\/es\\\/ha-perdido-dias-de-trabajo-debido-a-un-accidente\\\/\",\"name\":\"C\u00f3mo gestionar reclamaciones por p\u00e9rdida salarial tras un accidente de coche en Washington\",\"isPartOf\":{\"@id\":\"https:\\\/\\\/abeytanelson.com\\\/es\\\/#website\"},\"primaryImageOfPage\":{\"@id\":\"https:\\\/\\\/abeytanelson.com\\\/es\\\/ha-perdido-dias-de-trabajo-debido-a-un-accidente\\\/#primaryimage\"},\"image\":{\"@id\":\"https:\\\/\\\/abeytanelson.com\\\/es\\\/ha-perdido-dias-de-trabajo-debido-a-un-accidente\\\/#primaryimage\"},\"thumbnailUrl\":\"https:\\\/\\\/abeytanelson.com\\\/wp-content\\\/uploads\\\/2026\\\/02\\\/ConstructionWorker.jpg\",\"datePublished\":\"2024-03-20T02:53:13+00:00\",\"dateModified\":\"2026-03-11T00:52:25+00:00\",\"description\":\"Las lesiones por accidente de coche pueden dificultar el regreso al trabajo o el buen desempe\u00f1o laboral. Las reclamaciones por p\u00e9rdida salarial pueden compensar el tiempo de trabajo perdido.\",\"breadcrumb\":{\"@id\":\"https:\\\/\\\/abeytanelson.com\\\/es\\\/ha-perdido-dias-de-trabajo-debido-a-un-accidente\\\/#breadcrumb\"},\"inLanguage\":\"es\",\"potentialAction\":[{\"@type\":\"ReadAction\",\"target\":[\"https:\\\/\\\/abeytanelson.com\\\/es\\\/ha-perdido-dias-de-trabajo-debido-a-un-accidente\\\/\"]}]},{\"@type\":\"ImageObject\",\"inLanguage\":\"es\",\"@id\":\"https:\\\/\\\/abeytanelson.com\\\/es\\\/ha-perdido-dias-de-trabajo-debido-a-un-accidente\\\/#primaryimage\",\"url\":\"https:\\\/\\\/abeytanelson.com\\\/wp-content\\\/uploads\\\/2026\\\/02\\\/ConstructionWorker.jpg\",\"contentUrl\":\"https:\\\/\\\/abeytanelson.com\\\/wp-content\\\/uploads\\\/2026\\\/02\\\/ConstructionWorker.jpg\",\"width\":1575,\"height\":1050,\"caption\":\"\u00bfC\u00f3mo afectar\u00e1n sus lesiones relacionadas con un accidente de coche a su capacidad para trabajar? Abeyta Nelson puede ayudarle.\"},{\"@type\":\"BreadcrumbList\",\"@id\":\"https:\\\/\\\/abeytanelson.com\\\/es\\\/ha-perdido-dias-de-trabajo-debido-a-un-accidente\\\/#breadcrumb\",\"itemListElement\":[{\"@type\":\"ListItem\",\"position\":1,\"name\":\"Home\",\"item\":\"https:\\\/\\\/abeytanelson.com\\\/es\\\/inicio\\\/\"},{\"@type\":\"ListItem\",\"position\":2,\"name\":\"\u00bfHa perdido d\u00edas de trabajo debido a un accidente?\"}]},{\"@type\":\"WebSite\",\"@id\":\"https:\\\/\\\/abeytanelson.com\\\/es\\\/#website\",\"url\":\"https:\\\/\\\/abeytanelson.com\\\/es\\\/\",\"name\":\"Abeyta Nelson Injury Law\",\"description\":\"\",\"publisher\":{\"@id\":\"https:\\\/\\\/abeytanelson.com\\\/es\\\/#organization\"},\"potentialAction\":[{\"@type\":\"SearchAction\",\"target\":{\"@type\":\"EntryPoint\",\"urlTemplate\":\"https:\\\/\\\/abeytanelson.com\\\/es\\\/?s={search_term_string}\"},\"query-input\":{\"@type\":\"PropertyValueSpecification\",\"valueRequired\":true,\"valueName\":\"search_term_string\"}}],\"inLanguage\":\"es\"},{\"@type\":\"Organization\",\"@id\":\"https:\\\/\\\/abeytanelson.com\\\/es\\\/#organization\",\"name\":\"Abeyta Nelson Injury Law\",\"url\":\"https:\\\/\\\/abeytanelson.com\\\/es\\\/\",\"logo\":{\"@type\":\"ImageObject\",\"inLanguage\":\"es\",\"@id\":\"https:\\\/\\\/abeytanelson.com\\\/es\\\/#\\\/schema\\\/logo\\\/image\\\/\",\"url\":\"https:\\\/\\\/abeytanelson.com\\\/wp-content\\\/uploads\\\/2020\\\/02\\\/new-Logo-container.svg\",\"contentUrl\":\"https:\\\/\\\/abeytanelson.com\\\/wp-content\\\/uploads\\\/2020\\\/02\\\/new-Logo-container.svg\",\"width\":214,\"height\":67,\"caption\":\"Abeyta Nelson Injury Law\"},\"image\":{\"@id\":\"https:\\\/\\\/abeytanelson.com\\\/es\\\/#\\\/schema\\\/logo\\\/image\\\/\"},\"sameAs\":[\"https:\\\/\\\/www.facebook.com\\\/people\\\/Abeyta-Nelson-Injury-Law\\\/100063503115654\\\/\",\"https:\\\/\\\/www.yelp.com\\\/biz\\\/abeyta-nelson-injury-law-yakima?osq=abeyta nelson injury law\",\"https:\\\/\\\/www.instagram.com\\\/abeytanelsoninjurylaw\\\/\",\"https:\\\/\\\/www.linkedin.com\\\/company\\\/abeyta-nelson-injury-law\\\/\"]},{\"@type\":\"Person\",\"@id\":\"https:\\\/\\\/abeytanelson.com\\\/es\\\/#\\\/schema\\\/person\\\/f55d812d44d5e145ccb6cdb56c315563\",\"name\":\"Amy Peters\",\"image\":{\"@type\":\"ImageObject\",\"inLanguage\":\"es\",\"@id\":\"https:\\\/\\\/secure.gravatar.com\\\/avatar\\\/a306a7d05d32e4bb468c29a02ee46509c9da34f6dc6095577ca52ef4205e373d?s=96&d=mm&r=g\",\"url\":\"https:\\\/\\\/secure.gravatar.com\\\/avatar\\\/a306a7d05d32e4bb468c29a02ee46509c9da34f6dc6095577ca52ef4205e373d?s=96&d=mm&r=g\",\"contentUrl\":\"https:\\\/\\\/secure.gravatar.com\\\/avatar\\\/a306a7d05d32e4bb468c29a02ee46509c9da34f6dc6095577ca52ef4205e373d?s=96&d=mm&r=g\",\"caption\":\"Amy Peters\"}}]}<\/script>\n<!-- \/ Yoast SEO plugin. -->","yoast_head_json":{"title":"C\u00f3mo gestionar reclamaciones por p\u00e9rdida salarial tras un accidente de coche en Washington","description":"Las lesiones por accidente de coche pueden dificultar el regreso al trabajo o el buen desempe\u00f1o laboral. Las reclamaciones por p\u00e9rdida salarial pueden compensar el tiempo de trabajo perdido.","robots":{"index":"index","follow":"follow","max-snippet":"max-snippet:-1","max-image-preview":"max-image-preview:large","max-video-preview":"max-video-preview:-1"},"canonical":"https:\/\/abeytanelson.com\/es\/ha-perdido-dias-de-trabajo-debido-a-un-accidente\/","og_locale":"es_ES","og_type":"article","og_title":"C\u00f3mo gestionar reclamaciones por p\u00e9rdida salarial tras un accidente de coche en Washington","og_description":"Las lesiones por accidente de coche pueden dificultar el regreso al trabajo o el buen desempe\u00f1o laboral. Las reclamaciones por p\u00e9rdida salarial pueden compensar el tiempo de trabajo perdido.","og_url":"https:\/\/abeytanelson.com\/es\/ha-perdido-dias-de-trabajo-debido-a-un-accidente\/","og_site_name":"Abeyta Nelson Injury Law","article_publisher":"https:\/\/www.facebook.com\/people\/Abeyta-Nelson-Injury-Law\/100063503115654\/","article_published_time":"2024-03-20T02:53:13+00:00","article_modified_time":"2026-03-11T00:52:25+00:00","og_image":[{"width":1024,"height":683,"url":"https:\/\/abeytanelson.com\/wp-content\/uploads\/2026\/02\/ConstructionWorker-1024x683.jpg","type":"image\/jpeg"}],"author":"Amy Peters","twitter_card":"summary_large_image","twitter_misc":{"Escrito por":"Amy Peters","Tiempo de lectura":"4 minutos"},"schema":{"@context":"https:\/\/schema.org","@graph":[{"@type":"Article","@id":"https:\/\/abeytanelson.com\/es\/ha-perdido-dias-de-trabajo-debido-a-un-accidente\/#article","isPartOf":{"@id":"https:\/\/abeytanelson.com\/es\/ha-perdido-dias-de-trabajo-debido-a-un-accidente\/"},"author":{"name":"Amy Peters","@id":"https:\/\/abeytanelson.com\/es\/#\/schema\/person\/f55d812d44d5e145ccb6cdb56c315563"},"headline":"\u00bfHa perdido d\u00edas de trabajo debido a un accidente?","datePublished":"2024-03-20T02:53:13+00:00","dateModified":"2026-03-11T00:52:25+00:00","mainEntityOfPage":{"@id":"https:\/\/abeytanelson.com\/es\/ha-perdido-dias-de-trabajo-debido-a-un-accidente\/"},"wordCount":782,"commentCount":0,"publisher":{"@id":"https:\/\/abeytanelson.com\/es\/#organization"},"image":{"@id":"https:\/\/abeytanelson.com\/es\/ha-perdido-dias-de-trabajo-debido-a-un-accidente\/#primaryimage"},"thumbnailUrl":"https:\/\/abeytanelson.com\/wp-content\/uploads\/2026\/02\/ConstructionWorker.jpg","keywords":["P\u00e9rdida de capacidad laboral","Protecci\u00f3n contra lesiones personales (PIP)","Reclamaciones por p\u00e9rdida salarial","Tiempo de trabajo perdido"],"articleSection":["Accidentes de coche, cami\u00f3n y motocicleta","Lesiones personales","Seguros"],"inLanguage":"es","potentialAction":[{"@type":"CommentAction","name":"Comment","target":["https:\/\/abeytanelson.com\/es\/ha-perdido-dias-de-trabajo-debido-a-un-accidente\/#respond"]}]},{"@type":"WebPage","@id":"https:\/\/abeytanelson.com\/es\/ha-perdido-dias-de-trabajo-debido-a-un-accidente\/","url":"https:\/\/abeytanelson.com\/es\/ha-perdido-dias-de-trabajo-debido-a-un-accidente\/","name":"C\u00f3mo gestionar reclamaciones por p\u00e9rdida salarial tras un accidente de coche en Washington","isPartOf":{"@id":"https:\/\/abeytanelson.com\/es\/#website"},"primaryImageOfPage":{"@id":"https:\/\/abeytanelson.com\/es\/ha-perdido-dias-de-trabajo-debido-a-un-accidente\/#primaryimage"},"image":{"@id":"https:\/\/abeytanelson.com\/es\/ha-perdido-dias-de-trabajo-debido-a-un-accidente\/#primaryimage"},"thumbnailUrl":"https:\/\/abeytanelson.com\/wp-content\/uploads\/2026\/02\/ConstructionWorker.jpg","datePublished":"2024-03-20T02:53:13+00:00","dateModified":"2026-03-11T00:52:25+00:00","description":"Las lesiones por accidente de coche pueden dificultar el regreso al trabajo o el buen desempe\u00f1o laboral. Las reclamaciones por p\u00e9rdida salarial pueden compensar el tiempo de trabajo perdido.","breadcrumb":{"@id":"https:\/\/abeytanelson.com\/es\/ha-perdido-dias-de-trabajo-debido-a-un-accidente\/#breadcrumb"},"inLanguage":"es","potentialAction":[{"@type":"ReadAction","target":["https:\/\/abeytanelson.com\/es\/ha-perdido-dias-de-trabajo-debido-a-un-accidente\/"]}]},{"@type":"ImageObject","inLanguage":"es","@id":"https:\/\/abeytanelson.com\/es\/ha-perdido-dias-de-trabajo-debido-a-un-accidente\/#primaryimage","url":"https:\/\/abeytanelson.com\/wp-content\/uploads\/2026\/02\/ConstructionWorker.jpg","contentUrl":"https:\/\/abeytanelson.com\/wp-content\/uploads\/2026\/02\/ConstructionWorker.jpg","width":1575,"height":1050,"caption":"\u00bfC\u00f3mo afectar\u00e1n sus lesiones relacionadas con un accidente de coche a su capacidad para trabajar? Abeyta Nelson puede ayudarle."},{"@type":"BreadcrumbList","@id":"https:\/\/abeytanelson.com\/es\/ha-perdido-dias-de-trabajo-debido-a-un-accidente\/#breadcrumb","itemListElement":[{"@type":"ListItem","position":1,"name":"Home","item":"https:\/\/abeytanelson.com\/es\/inicio\/"},{"@type":"ListItem","position":2,"name":"\u00bfHa perdido d\u00edas de trabajo debido a un accidente?"}]},{"@type":"WebSite","@id":"https:\/\/abeytanelson.com\/es\/#website","url":"https:\/\/abeytanelson.com\/es\/","name":"Abeyta Nelson Injury Law","description":"","publisher":{"@id":"https:\/\/abeytanelson.com\/es\/#organization"},"potentialAction":[{"@type":"SearchAction","target":{"@type":"EntryPoint","urlTemplate":"https:\/\/abeytanelson.com\/es\/?s={search_term_string}"},"query-input":{"@type":"PropertyValueSpecification","valueRequired":true,"valueName":"search_term_string"}}],"inLanguage":"es"},{"@type":"Organization","@id":"https:\/\/abeytanelson.com\/es\/#organization","name":"Abeyta Nelson Injury Law","url":"https:\/\/abeytanelson.com\/es\/","logo":{"@type":"ImageObject","inLanguage":"es","@id":"https:\/\/abeytanelson.com\/es\/#\/schema\/logo\/image\/","url":"https:\/\/abeytanelson.com\/wp-content\/uploads\/2020\/02\/new-Logo-container.svg","contentUrl":"https:\/\/abeytanelson.com\/wp-content\/uploads\/2020\/02\/new-Logo-container.svg","width":214,"height":67,"caption":"Abeyta Nelson Injury Law"},"image":{"@id":"https:\/\/abeytanelson.com\/es\/#\/schema\/logo\/image\/"},"sameAs":["https:\/\/www.facebook.com\/people\/Abeyta-Nelson-Injury-Law\/100063503115654\/","https:\/\/www.yelp.com\/biz\/abeyta-nelson-injury-law-yakima?osq=abeyta nelson injury law","https:\/\/www.instagram.com\/abeytanelsoninjurylaw\/","https:\/\/www.linkedin.com\/company\/abeyta-nelson-injury-law\/"]},{"@type":"Person","@id":"https:\/\/abeytanelson.com\/es\/#\/schema\/person\/f55d812d44d5e145ccb6cdb56c315563","name":"Amy Peters","image":{"@type":"ImageObject","inLanguage":"es","@id":"https:\/\/secure.gravatar.com\/avatar\/a306a7d05d32e4bb468c29a02ee46509c9da34f6dc6095577ca52ef4205e373d?s=96&d=mm&r=g","url":"https:\/\/secure.gravatar.com\/avatar\/a306a7d05d32e4bb468c29a02ee46509c9da34f6dc6095577ca52ef4205e373d?s=96&d=mm&r=g","contentUrl":"https:\/\/secure.gravatar.com\/avatar\/a306a7d05d32e4bb468c29a02ee46509c9da34f6dc6095577ca52ef4205e373d?s=96&d=mm&r=g","caption":"Amy Peters"}}]}},"_links":{"self":[{"href":"https:\/\/abeytanelson.com\/es\/wp-json\/wp\/v2\/posts\/10169","targetHints":{"allow":["GET"]}}],"collection":[{"href":"https:\/\/abeytanelson.com\/es\/wp-json\/wp\/v2\/posts"}],"about":[{"href":"https:\/\/abeytanelson.com\/es\/wp-json\/wp\/v2\/types\/post"}],"author":[{"embeddable":true,"href":"https:\/\/abeytanelson.com\/es\/wp-json\/wp\/v2\/users\/5"}],"replies":[{"embeddable":true,"href":"https:\/\/abeytanelson.com\/es\/wp-json\/wp\/v2\/comments?post=10169"}],"version-history":[{"count":1,"href":"https:\/\/abeytanelson.com\/es\/wp-json\/wp\/v2\/posts\/10169\/revisions"}],"predecessor-version":[{"id":10171,"href":"https:\/\/abeytanelson.com\/es\/wp-json\/wp\/v2\/posts\/10169\/revisions\/10171"}],"wp:featuredmedia":[{"embeddable":true,"href":"https:\/\/abeytanelson.com\/es\/wp-json\/wp\/v2\/media\/10170"}],"wp:attachment":[{"href":"https:\/\/abeytanelson.com\/es\/wp-json\/wp\/v2\/media?parent=10169"}],"wp:term":[{"taxonomy":"category","embeddable":true,"href":"https:\/\/abeytanelson.com\/es\/wp-json\/wp\/v2\/categories?post=10169"},{"taxonomy":"post_tag","embeddable":true,"href":"https:\/\/abeytanelson.com\/es\/wp-json\/wp\/v2\/tags?post=10169"}],"curies":[{"name":"wp","href":"https:\/\/api.w.org\/{rel}","templated":true}]}}