{"id":10201,"date":"2021-06-25T19:06:55","date_gmt":"2021-06-26T00:06:55","guid":{"rendered":"http:\/\/abeytanelson.com\/se-avecina-una-dificil-temporada-de-incendios-forestales-este-verano\/"},"modified":"2026-03-10T21:33:39","modified_gmt":"2026-03-11T02:33:39","slug":"se-avecina-una-dificil-temporada-de-incendios-forestales-este-verano","status":"publish","type":"post","link":"https:\/\/abeytanelson.com\/es\/se-avecina-una-dificil-temporada-de-incendios-forestales-este-verano\/","title":{"rendered":"Se avecina una dif\u00edcil temporada de incendios forestales este verano"},"content":{"rendered":"\n<p class=\"p1\" style=\"text-align: left;\"><img fetchpriority=\"high\" decoding=\"async\" class=\"alignright wp-image-7899 size-thumbnail\" src=\"https:\/\/abeytanelson.com\/wp-content\/uploads\/2026\/02\/fire-2-scaled-e1624580276202.jpg\" alt=\"\" width=\"300\" height=\"300\">Tanto la duraci\u00f3n como la gravedad de las temporadas de incendios en el estado de Washington siguen aumentando. Todav\u00eda en la d\u00e9cada de 1990, se quemaban en el estado de Washington unas 85.000 acres de terreno al a\u00f1o. La media actual de los \u00faltimos cinco a\u00f1os es de 488.000 acres, y en 2020 ardieron m\u00e1s de 812.000 acres.  <\/p>\n<p class=\"p1\" style=\"text-align: left;\">Peor a\u00fan, la temporada de incendios comienza ya en abril y no termina hasta mediados de octubre. A fecha de junio de 2021, ya se han producido varios incendios a lo largo del corredor de la I-82. <span class=\"Apple-converted-space\">  <\/span>Las malas pr\u00e1cticas de gesti\u00f3n forestal, as\u00ed como el cambio clim\u00e1tico, est\u00e1n contribuyendo a este aumento.<\/p>\n\n<h2>C\u00f3mo responde Washington a los incendios forestales<\/h2>\n<p class=\"p1\" style=\"text-align: left;\">En respuesta al aumento de incendios catastr\u00f3ficos en el estado de Washington, la Legislatura del estado de Washington asign\u00f3 <a href=\"https:\/\/crosscut.com\/politics\/2021\/04\/inside-washingtons-328m-push-prevent-disastrous-wildfires\">125 millones de d\u00f3lares para la prevenci\u00f3n y la extinci\u00f3n de incendios forestales cada dos a\u00f1os<\/a> a partir de 2021. Esto financiar\u00e1 100 bomberos adicionales, as\u00ed como la actualizaci\u00f3n de la flota de aeronaves destinada a la extinci\u00f3n de incendios. <\/p>\n<p class=\"p1\" style=\"text-align: left;\">Los departamentos de bomberos locales desempe\u00f1an un papel importante en la extinci\u00f3n de incendios, pero la carga de combatir los incendios forestales recae en el <a href=\"https:\/\/www.dnr.wa.gov\/\">Departamento de Recursos Naturales<\/a>. La comisionada de Tierras Estatales, Hilary Franz, supervisa el DNR y <a href=\"https:\/\/abeytanelson.com\/preparing-for-washington-wildfire-season-yakima-wildland-fire-attorneys\/\" data-wpil-monitor-id=\"126\">los esfuerzos de extinci\u00f3n y prevenci\u00f3n de incendios en el estado de Washington<\/a>. <\/p>\n<p class=\"p1\" style=\"text-align: left;\">Aunque es de esperar que la financiaci\u00f3n adicional ayude a reducir el n\u00famero de incendios y su gravedad, no resolver\u00e1 el problema en un futuro pr\u00f3ximo.<span class=\"Apple-converted-space\">  <\/span>Seg\u00fan la comisionada Franz, \u00abHemos tardado entre 50 y 100 a\u00f1os en meternos en este l\u00edo; no vamos a salir de \u00e9l de inmediato\u00bb, afirm\u00f3.<\/p>\n<p class=\"p1\" style=\"text-align: left;\">Por tanto, la prevenci\u00f3n de incendios es fundamental.<span class=\"Apple-converted-space\">  <\/span>Aunque algunos incendios son causados por rayos, la mayor\u00eda son provocados por el ser humano. Todo el mundo debe poner de su parte para prevenir los incendios provocados por el ser humano. Muchos incendios son causados por l\u00edneas el\u00e9ctricas ca\u00eddas.  <span class=\"Apple-converted-space\">  <\/span>Las compa\u00f1\u00edas de servicios p\u00fablicos, en respuesta a reclamaciones presentadas contra ellas, han empezado a hacer un esfuerzo adicional para retirar la vegetaci\u00f3n y los \u00e1rboles cerca de las l\u00edneas el\u00e9ctricas. La ca\u00edda de \u00e1rboles sobre l\u00edneas el\u00e9ctricas es una causa frecuente de incendios forestales. Estas mismas compa\u00f1\u00edas han implantado programas para cortar el suministro el\u00e9ctrico durante periodos de alto riesgo de incendio.  <\/p>\n<p class=\"p1\" style=\"text-align: left;\">Otros incendios son causados por personas que no vigilan las hogueras o permiten que cosas como las cadenas de remolque arrastren por el pavimento. El p\u00fablico debe estar m\u00e1s vigilante, especialmente en los d\u00edas con aviso de bandera roja, cuando las condiciones son calurosas, secas y ventosas. <\/p>\n<p class=\"p1\" style=\"text-align: left;\"><a href=\"https:\/\/abeytanelson.com\/beaulauriers-25-year-career-part-abeyta-nelson-success\/\" data-wpil-monitor-id=\"127\">Abeyta Nelson anima a todo el mundo a poner de su parte<\/a> para prevenir estos incendios devastadores.<span class=\"Apple-converted-space\">  <\/span>Y no olvide dar las gracias a los bomberos que se juegan la vida para combatirlos.<\/p>\n<p class=\"p1\" style=\"text-align: left;\"><a href=\"https:\/\/abeytanelson.com\/abeyta-nelson-injury-law-voted-best-law-firm-in-yakima-washington\/\" data-wpil-monitor-id=\"128\">Abeyta Nelson<\/a> ha representado a m\u00e1s de 300 v\u00edctimas de incendios en la \u00faltima d\u00e9cada y actualmente representa a 350 clientes adicionales. Nuestro bufete ha obtenido <a href=\"https:\/\/abeytanelson.com\/best-results-car-accidents-personal-injury\/\">m\u00e1s de 25 millones de d\u00f3lares hasta la fecha para estas v\u00edctimas<\/a>. Estas cantidades representan una indemnizaci\u00f3n por p\u00e9rdida de madera, da\u00f1os en tierras agr\u00edcolas, p\u00e9rdida de estructuras, p\u00e9rdida de bienes y el sufrimiento emocional que supone huir de un incendio y las p\u00e9rdidas que ocasiona.  <\/p>\n\n<h2>Contratar a un abogado de lesiones personales en Yakima<\/h2>\n<p class=\"p1\" style=\"text-align: left;\">Si ha sufrido da\u00f1os por un <a class=\"wpil_keyword_link\" href=\"https:\/\/abeytanelson.com\/navigating-wa-wildfire-claims-a-personal-injury-attorneys-take\/\" target=\"_blank\" rel=\"noopener\" title=\"incendio forestal\" data-wpil-keyword-link=\"linked\" data-wpil-monitor-id=\"994\">incendio forestal<\/a>, ll\u00e1menos.<span class=\"Apple-converted-space\">  <\/span>Evaluaremos su reclamaci\u00f3n sin coste alguno para usted, y no hay honorarios de <a href=\"https:\/\/abeytanelson.com\/our-attorneys-yakima-ellensburg-sunnyside\/\" data-wpil-monitor-id=\"129\">abogado<\/a> a menos que ganemos su caso.<\/p>\n\n<ul>\n \t<li style=\"text-align: left;\"><em>entrada del blog escrita por el <a href=\"https:\/\/abeytanelson.com\/central-washington-personal-injury-attorneys-celebrate-35-years\/\" data-wpil-monitor-id=\"130\">abogado Rod Nelson<\/a>, Abeyta Nelson Injury Law<\/em><\/li>\n<\/ul>\n","protected":false},"excerpt":{"rendered":"<p>Tanto la duraci\u00f3n como la gravedad de las temporadas de incendios en el estado de Washington siguen aumentando. Todav\u00eda en la d\u00e9cada de 1990, se quemaban en el estado de Washington unas 85.000 acres de terreno al a\u00f1o. La media actual de los \u00faltimos cinco a\u00f1os es de 488.000 acres, y en 2020 ardieron m\u00e1s [&hellip;]<\/p>\n","protected":false},"author":5,"featured_media":10202,"comment_status":"open","ping_status":"open","sticky":false,"template":"","format":"standard","meta":{"_acf_changed":false,"footnotes":""},"categories":[436],"tags":[579,580,581,582],"class_list":["post-10201","post","type-post","status-publish","format-standard","has-post-thumbnail","hentry","category-incendios-forestales","tag-abeyta-nelson-obtiene-25-m-para-las-victimas-de-incendios-forestales","tag-incendios-forestales-en-el-estado-de-washington-2","tag-prevencion-de-incendios-forestales","tag-temporada-de-incendios-forestales-2021"],"acf":[],"yoast_head":"<!-- This site is optimized with the Yoast SEO plugin v27.3 - https:\/\/yoast.com\/product\/yoast-seo-wordpress\/ -->\n<title>C\u00f3mo afectan los incendios forestales de Washington a las demandas por lesiones personales<\/title>\n<meta name=\"description\" content=\"Tanto la duraci\u00f3n como la gravedad de las temporadas de incendios en el estado de Washington siguen aumentando. Abeyta Nelson anima a todo el mundo a poner de su parte para prevenir estos incendios devastadores.\" \/>\n<meta name=\"robots\" content=\"index, follow, max-snippet:-1, max-image-preview:large, max-video-preview:-1\" \/>\n<link rel=\"canonical\" href=\"https:\/\/abeytanelson.com\/es\/se-avecina-una-dificil-temporada-de-incendios-forestales-este-verano\/\" \/>\n<meta property=\"og:locale\" content=\"es_ES\" \/>\n<meta property=\"og:type\" content=\"article\" \/>\n<meta property=\"og:title\" content=\"C\u00f3mo afectan los incendios forestales de Washington a las demandas por lesiones personales\" \/>\n<meta property=\"og:description\" content=\"Tanto la duraci\u00f3n como la gravedad de las temporadas de incendios en el estado de Washington siguen aumentando. Abeyta Nelson anima a todo el mundo a poner de su parte para prevenir estos incendios devastadores.\" \/>\n<meta property=\"og:url\" content=\"https:\/\/abeytanelson.com\/es\/se-avecina-una-dificil-temporada-de-incendios-forestales-este-verano\/\" \/>\n<meta property=\"og:site_name\" content=\"Abeyta Nelson Injury Law\" \/>\n<meta property=\"article:publisher\" content=\"https:\/\/www.facebook.com\/people\/Abeyta-Nelson-Injury-Law\/100063503115654\/\" \/>\n<meta property=\"article:published_time\" content=\"2021-06-26T00:06:55+00:00\" \/>\n<meta property=\"article:modified_time\" content=\"2026-03-11T02:33:39+00:00\" \/>\n<meta name=\"author\" content=\"Amy Peters\" \/>\n<meta name=\"twitter:card\" content=\"summary_large_image\" \/>\n<meta name=\"twitter:label1\" content=\"Escrito por\" \/>\n\t<meta name=\"twitter:data1\" content=\"Amy Peters\" \/>\n\t<meta name=\"twitter:label2\" content=\"Tiempo de lectura\" \/>\n\t<meta name=\"twitter:data2\" content=\"3 minutos\" \/>\n<script type=\"application\/ld+json\" class=\"yoast-schema-graph\">{\"@context\":\"https:\\\/\\\/schema.org\",\"@graph\":[{\"@type\":\"Article\",\"@id\":\"https:\\\/\\\/abeytanelson.com\\\/es\\\/se-avecina-una-dificil-temporada-de-incendios-forestales-este-verano\\\/#article\",\"isPartOf\":{\"@id\":\"https:\\\/\\\/abeytanelson.com\\\/es\\\/se-avecina-una-dificil-temporada-de-incendios-forestales-este-verano\\\/\"},\"author\":{\"name\":\"Amy Peters\",\"@id\":\"https:\\\/\\\/abeytanelson.com\\\/es\\\/#\\\/schema\\\/person\\\/f55d812d44d5e145ccb6cdb56c315563\"},\"headline\":\"Se avecina una dif\u00edcil temporada de incendios forestales este verano\",\"datePublished\":\"2021-06-26T00:06:55+00:00\",\"dateModified\":\"2026-03-11T02:33:39+00:00\",\"mainEntityOfPage\":{\"@id\":\"https:\\\/\\\/abeytanelson.com\\\/es\\\/se-avecina-una-dificil-temporada-de-incendios-forestales-este-verano\\\/\"},\"wordCount\":655,\"commentCount\":0,\"publisher\":{\"@id\":\"https:\\\/\\\/abeytanelson.com\\\/es\\\/#organization\"},\"image\":{\"@id\":\"https:\\\/\\\/abeytanelson.com\\\/es\\\/se-avecina-una-dificil-temporada-de-incendios-forestales-este-verano\\\/#primaryimage\"},\"thumbnailUrl\":\"https:\\\/\\\/abeytanelson.com\\\/wp-content\\\/uploads\\\/2026\\\/02\\\/washington-wildfire-injury-jpg.avif\",\"keywords\":[\"Abeyta Nelson obtiene 25 M$ para las v\u00edctimas de incendios forestales\",\"Incendios forestales en el estado de Washington\",\"Prevenci\u00f3n de incendios forestales\",\"Temporada de incendios forestales 2021\"],\"articleSection\":[\"Incendios forestales\"],\"inLanguage\":\"es\",\"potentialAction\":[{\"@type\":\"CommentAction\",\"name\":\"Comment\",\"target\":[\"https:\\\/\\\/abeytanelson.com\\\/es\\\/se-avecina-una-dificil-temporada-de-incendios-forestales-este-verano\\\/#respond\"]}]},{\"@type\":\"WebPage\",\"@id\":\"https:\\\/\\\/abeytanelson.com\\\/es\\\/se-avecina-una-dificil-temporada-de-incendios-forestales-este-verano\\\/\",\"url\":\"https:\\\/\\\/abeytanelson.com\\\/es\\\/se-avecina-una-dificil-temporada-de-incendios-forestales-este-verano\\\/\",\"name\":\"C\u00f3mo afectan los incendios forestales de Washington a las demandas por lesiones personales\",\"isPartOf\":{\"@id\":\"https:\\\/\\\/abeytanelson.com\\\/es\\\/#website\"},\"primaryImageOfPage\":{\"@id\":\"https:\\\/\\\/abeytanelson.com\\\/es\\\/se-avecina-una-dificil-temporada-de-incendios-forestales-este-verano\\\/#primaryimage\"},\"image\":{\"@id\":\"https:\\\/\\\/abeytanelson.com\\\/es\\\/se-avecina-una-dificil-temporada-de-incendios-forestales-este-verano\\\/#primaryimage\"},\"thumbnailUrl\":\"https:\\\/\\\/abeytanelson.com\\\/wp-content\\\/uploads\\\/2026\\\/02\\\/washington-wildfire-injury-jpg.avif\",\"datePublished\":\"2021-06-26T00:06:55+00:00\",\"dateModified\":\"2026-03-11T02:33:39+00:00\",\"description\":\"Tanto la duraci\u00f3n como la gravedad de las temporadas de incendios en el estado de Washington siguen aumentando. Abeyta Nelson anima a todo el mundo a poner de su parte para prevenir estos incendios devastadores.\",\"breadcrumb\":{\"@id\":\"https:\\\/\\\/abeytanelson.com\\\/es\\\/se-avecina-una-dificil-temporada-de-incendios-forestales-este-verano\\\/#breadcrumb\"},\"inLanguage\":\"es\",\"potentialAction\":[{\"@type\":\"ReadAction\",\"target\":[\"https:\\\/\\\/abeytanelson.com\\\/es\\\/se-avecina-una-dificil-temporada-de-incendios-forestales-este-verano\\\/\"]}]},{\"@type\":\"ImageObject\",\"inLanguage\":\"es\",\"@id\":\"https:\\\/\\\/abeytanelson.com\\\/es\\\/se-avecina-una-dificil-temporada-de-incendios-forestales-este-verano\\\/#primaryimage\",\"url\":\"https:\\\/\\\/abeytanelson.com\\\/wp-content\\\/uploads\\\/2026\\\/02\\\/washington-wildfire-injury-jpg.avif\",\"contentUrl\":\"https:\\\/\\\/abeytanelson.com\\\/wp-content\\\/uploads\\\/2026\\\/02\\\/washington-wildfire-injury-jpg.avif\",\"width\":1920,\"height\":1080,\"caption\":\"lesiones por incendios forestales en Washington\"},{\"@type\":\"BreadcrumbList\",\"@id\":\"https:\\\/\\\/abeytanelson.com\\\/es\\\/se-avecina-una-dificil-temporada-de-incendios-forestales-este-verano\\\/#breadcrumb\",\"itemListElement\":[{\"@type\":\"ListItem\",\"position\":1,\"name\":\"Home\",\"item\":\"https:\\\/\\\/abeytanelson.com\\\/es\\\/inicio\\\/\"},{\"@type\":\"ListItem\",\"position\":2,\"name\":\"Se avecina una dif\u00edcil temporada de incendios forestales este verano\"}]},{\"@type\":\"WebSite\",\"@id\":\"https:\\\/\\\/abeytanelson.com\\\/es\\\/#website\",\"url\":\"https:\\\/\\\/abeytanelson.com\\\/es\\\/\",\"name\":\"Abeyta Nelson Injury Law\",\"description\":\"\",\"publisher\":{\"@id\":\"https:\\\/\\\/abeytanelson.com\\\/es\\\/#organization\"},\"potentialAction\":[{\"@type\":\"SearchAction\",\"target\":{\"@type\":\"EntryPoint\",\"urlTemplate\":\"https:\\\/\\\/abeytanelson.com\\\/es\\\/?s={search_term_string}\"},\"query-input\":{\"@type\":\"PropertyValueSpecification\",\"valueRequired\":true,\"valueName\":\"search_term_string\"}}],\"inLanguage\":\"es\"},{\"@type\":\"Organization\",\"@id\":\"https:\\\/\\\/abeytanelson.com\\\/es\\\/#organization\",\"name\":\"Abeyta Nelson Injury Law\",\"url\":\"https:\\\/\\\/abeytanelson.com\\\/es\\\/\",\"logo\":{\"@type\":\"ImageObject\",\"inLanguage\":\"es\",\"@id\":\"https:\\\/\\\/abeytanelson.com\\\/es\\\/#\\\/schema\\\/logo\\\/image\\\/\",\"url\":\"https:\\\/\\\/abeytanelson.com\\\/wp-content\\\/uploads\\\/2020\\\/02\\\/new-Logo-container.svg\",\"contentUrl\":\"https:\\\/\\\/abeytanelson.com\\\/wp-content\\\/uploads\\\/2020\\\/02\\\/new-Logo-container.svg\",\"width\":214,\"height\":67,\"caption\":\"Abeyta Nelson Injury Law\"},\"image\":{\"@id\":\"https:\\\/\\\/abeytanelson.com\\\/es\\\/#\\\/schema\\\/logo\\\/image\\\/\"},\"sameAs\":[\"https:\\\/\\\/www.facebook.com\\\/people\\\/Abeyta-Nelson-Injury-Law\\\/100063503115654\\\/\",\"https:\\\/\\\/www.yelp.com\\\/biz\\\/abeyta-nelson-injury-law-yakima?osq=abeyta nelson injury law\",\"https:\\\/\\\/www.instagram.com\\\/abeytanelsoninjurylaw\\\/\",\"https:\\\/\\\/www.linkedin.com\\\/company\\\/abeyta-nelson-injury-law\\\/\"]},{\"@type\":\"Person\",\"@id\":\"https:\\\/\\\/abeytanelson.com\\\/es\\\/#\\\/schema\\\/person\\\/f55d812d44d5e145ccb6cdb56c315563\",\"name\":\"Amy Peters\",\"image\":{\"@type\":\"ImageObject\",\"inLanguage\":\"es\",\"@id\":\"https:\\\/\\\/secure.gravatar.com\\\/avatar\\\/a306a7d05d32e4bb468c29a02ee46509c9da34f6dc6095577ca52ef4205e373d?s=96&d=mm&r=g\",\"url\":\"https:\\\/\\\/secure.gravatar.com\\\/avatar\\\/a306a7d05d32e4bb468c29a02ee46509c9da34f6dc6095577ca52ef4205e373d?s=96&d=mm&r=g\",\"contentUrl\":\"https:\\\/\\\/secure.gravatar.com\\\/avatar\\\/a306a7d05d32e4bb468c29a02ee46509c9da34f6dc6095577ca52ef4205e373d?s=96&d=mm&r=g\",\"caption\":\"Amy Peters\"}}]}<\/script>\n<!-- \/ Yoast SEO plugin. -->","yoast_head_json":{"title":"C\u00f3mo afectan los incendios forestales de Washington a las demandas por lesiones personales","description":"Tanto la duraci\u00f3n como la gravedad de las temporadas de incendios en el estado de Washington siguen aumentando. Abeyta Nelson anima a todo el mundo a poner de su parte para prevenir estos incendios devastadores.","robots":{"index":"index","follow":"follow","max-snippet":"max-snippet:-1","max-image-preview":"max-image-preview:large","max-video-preview":"max-video-preview:-1"},"canonical":"https:\/\/abeytanelson.com\/es\/se-avecina-una-dificil-temporada-de-incendios-forestales-este-verano\/","og_locale":"es_ES","og_type":"article","og_title":"C\u00f3mo afectan los incendios forestales de Washington a las demandas por lesiones personales","og_description":"Tanto la duraci\u00f3n como la gravedad de las temporadas de incendios en el estado de Washington siguen aumentando. Abeyta Nelson anima a todo el mundo a poner de su parte para prevenir estos incendios devastadores.","og_url":"https:\/\/abeytanelson.com\/es\/se-avecina-una-dificil-temporada-de-incendios-forestales-este-verano\/","og_site_name":"Abeyta Nelson Injury Law","article_publisher":"https:\/\/www.facebook.com\/people\/Abeyta-Nelson-Injury-Law\/100063503115654\/","article_published_time":"2021-06-26T00:06:55+00:00","article_modified_time":"2026-03-11T02:33:39+00:00","author":"Amy Peters","twitter_card":"summary_large_image","twitter_misc":{"Escrito por":"Amy Peters","Tiempo de lectura":"3 minutos"},"schema":{"@context":"https:\/\/schema.org","@graph":[{"@type":"Article","@id":"https:\/\/abeytanelson.com\/es\/se-avecina-una-dificil-temporada-de-incendios-forestales-este-verano\/#article","isPartOf":{"@id":"https:\/\/abeytanelson.com\/es\/se-avecina-una-dificil-temporada-de-incendios-forestales-este-verano\/"},"author":{"name":"Amy Peters","@id":"https:\/\/abeytanelson.com\/es\/#\/schema\/person\/f55d812d44d5e145ccb6cdb56c315563"},"headline":"Se avecina una dif\u00edcil temporada de incendios forestales este verano","datePublished":"2021-06-26T00:06:55+00:00","dateModified":"2026-03-11T02:33:39+00:00","mainEntityOfPage":{"@id":"https:\/\/abeytanelson.com\/es\/se-avecina-una-dificil-temporada-de-incendios-forestales-este-verano\/"},"wordCount":655,"commentCount":0,"publisher":{"@id":"https:\/\/abeytanelson.com\/es\/#organization"},"image":{"@id":"https:\/\/abeytanelson.com\/es\/se-avecina-una-dificil-temporada-de-incendios-forestales-este-verano\/#primaryimage"},"thumbnailUrl":"https:\/\/abeytanelson.com\/wp-content\/uploads\/2026\/02\/washington-wildfire-injury-jpg.avif","keywords":["Abeyta Nelson obtiene 25 M$ para las v\u00edctimas de incendios forestales","Incendios forestales en el estado de Washington","Prevenci\u00f3n de incendios forestales","Temporada de incendios forestales 2021"],"articleSection":["Incendios forestales"],"inLanguage":"es","potentialAction":[{"@type":"CommentAction","name":"Comment","target":["https:\/\/abeytanelson.com\/es\/se-avecina-una-dificil-temporada-de-incendios-forestales-este-verano\/#respond"]}]},{"@type":"WebPage","@id":"https:\/\/abeytanelson.com\/es\/se-avecina-una-dificil-temporada-de-incendios-forestales-este-verano\/","url":"https:\/\/abeytanelson.com\/es\/se-avecina-una-dificil-temporada-de-incendios-forestales-este-verano\/","name":"C\u00f3mo afectan los incendios forestales de Washington a las demandas por lesiones personales","isPartOf":{"@id":"https:\/\/abeytanelson.com\/es\/#website"},"primaryImageOfPage":{"@id":"https:\/\/abeytanelson.com\/es\/se-avecina-una-dificil-temporada-de-incendios-forestales-este-verano\/#primaryimage"},"image":{"@id":"https:\/\/abeytanelson.com\/es\/se-avecina-una-dificil-temporada-de-incendios-forestales-este-verano\/#primaryimage"},"thumbnailUrl":"https:\/\/abeytanelson.com\/wp-content\/uploads\/2026\/02\/washington-wildfire-injury-jpg.avif","datePublished":"2021-06-26T00:06:55+00:00","dateModified":"2026-03-11T02:33:39+00:00","description":"Tanto la duraci\u00f3n como la gravedad de las temporadas de incendios en el estado de Washington siguen aumentando. Abeyta Nelson anima a todo el mundo a poner de su parte para prevenir estos incendios devastadores.","breadcrumb":{"@id":"https:\/\/abeytanelson.com\/es\/se-avecina-una-dificil-temporada-de-incendios-forestales-este-verano\/#breadcrumb"},"inLanguage":"es","potentialAction":[{"@type":"ReadAction","target":["https:\/\/abeytanelson.com\/es\/se-avecina-una-dificil-temporada-de-incendios-forestales-este-verano\/"]}]},{"@type":"ImageObject","inLanguage":"es","@id":"https:\/\/abeytanelson.com\/es\/se-avecina-una-dificil-temporada-de-incendios-forestales-este-verano\/#primaryimage","url":"https:\/\/abeytanelson.com\/wp-content\/uploads\/2026\/02\/washington-wildfire-injury-jpg.avif","contentUrl":"https:\/\/abeytanelson.com\/wp-content\/uploads\/2026\/02\/washington-wildfire-injury-jpg.avif","width":1920,"height":1080,"caption":"lesiones por incendios forestales en Washington"},{"@type":"BreadcrumbList","@id":"https:\/\/abeytanelson.com\/es\/se-avecina-una-dificil-temporada-de-incendios-forestales-este-verano\/#breadcrumb","itemListElement":[{"@type":"ListItem","position":1,"name":"Home","item":"https:\/\/abeytanelson.com\/es\/inicio\/"},{"@type":"ListItem","position":2,"name":"Se avecina una dif\u00edcil temporada de incendios forestales este verano"}]},{"@type":"WebSite","@id":"https:\/\/abeytanelson.com\/es\/#website","url":"https:\/\/abeytanelson.com\/es\/","name":"Abeyta Nelson Injury Law","description":"","publisher":{"@id":"https:\/\/abeytanelson.com\/es\/#organization"},"potentialAction":[{"@type":"SearchAction","target":{"@type":"EntryPoint","urlTemplate":"https:\/\/abeytanelson.com\/es\/?s={search_term_string}"},"query-input":{"@type":"PropertyValueSpecification","valueRequired":true,"valueName":"search_term_string"}}],"inLanguage":"es"},{"@type":"Organization","@id":"https:\/\/abeytanelson.com\/es\/#organization","name":"Abeyta Nelson Injury Law","url":"https:\/\/abeytanelson.com\/es\/","logo":{"@type":"ImageObject","inLanguage":"es","@id":"https:\/\/abeytanelson.com\/es\/#\/schema\/logo\/image\/","url":"https:\/\/abeytanelson.com\/wp-content\/uploads\/2020\/02\/new-Logo-container.svg","contentUrl":"https:\/\/abeytanelson.com\/wp-content\/uploads\/2020\/02\/new-Logo-container.svg","width":214,"height":67,"caption":"Abeyta Nelson Injury Law"},"image":{"@id":"https:\/\/abeytanelson.com\/es\/#\/schema\/logo\/image\/"},"sameAs":["https:\/\/www.facebook.com\/people\/Abeyta-Nelson-Injury-Law\/100063503115654\/","https:\/\/www.yelp.com\/biz\/abeyta-nelson-injury-law-yakima?osq=abeyta nelson injury law","https:\/\/www.instagram.com\/abeytanelsoninjurylaw\/","https:\/\/www.linkedin.com\/company\/abeyta-nelson-injury-law\/"]},{"@type":"Person","@id":"https:\/\/abeytanelson.com\/es\/#\/schema\/person\/f55d812d44d5e145ccb6cdb56c315563","name":"Amy Peters","image":{"@type":"ImageObject","inLanguage":"es","@id":"https:\/\/secure.gravatar.com\/avatar\/a306a7d05d32e4bb468c29a02ee46509c9da34f6dc6095577ca52ef4205e373d?s=96&d=mm&r=g","url":"https:\/\/secure.gravatar.com\/avatar\/a306a7d05d32e4bb468c29a02ee46509c9da34f6dc6095577ca52ef4205e373d?s=96&d=mm&r=g","contentUrl":"https:\/\/secure.gravatar.com\/avatar\/a306a7d05d32e4bb468c29a02ee46509c9da34f6dc6095577ca52ef4205e373d?s=96&d=mm&r=g","caption":"Amy Peters"}}]}},"_links":{"self":[{"href":"https:\/\/abeytanelson.com\/es\/wp-json\/wp\/v2\/posts\/10201","targetHints":{"allow":["GET"]}}],"collection":[{"href":"https:\/\/abeytanelson.com\/es\/wp-json\/wp\/v2\/posts"}],"about":[{"href":"https:\/\/abeytanelson.com\/es\/wp-json\/wp\/v2\/types\/post"}],"author":[{"embeddable":true,"href":"https:\/\/abeytanelson.com\/es\/wp-json\/wp\/v2\/users\/5"}],"replies":[{"embeddable":true,"href":"https:\/\/abeytanelson.com\/es\/wp-json\/wp\/v2\/comments?post=10201"}],"version-history":[{"count":1,"href":"https:\/\/abeytanelson.com\/es\/wp-json\/wp\/v2\/posts\/10201\/revisions"}],"predecessor-version":[{"id":10203,"href":"https:\/\/abeytanelson.com\/es\/wp-json\/wp\/v2\/posts\/10201\/revisions\/10203"}],"wp:featuredmedia":[{"embeddable":true,"href":"https:\/\/abeytanelson.com\/es\/wp-json\/wp\/v2\/media\/10202"}],"wp:attachment":[{"href":"https:\/\/abeytanelson.com\/es\/wp-json\/wp\/v2\/media?parent=10201"}],"wp:term":[{"taxonomy":"category","embeddable":true,"href":"https:\/\/abeytanelson.com\/es\/wp-json\/wp\/v2\/categories?post=10201"},{"taxonomy":"post_tag","embeddable":true,"href":"https:\/\/abeytanelson.com\/es\/wp-json\/wp\/v2\/tags?post=10201"}],"curies":[{"name":"wp","href":"https:\/\/api.w.org\/{rel}","templated":true}]}}