{"id":10226,"date":"2021-08-02T20:49:55","date_gmt":"2021-08-03T01:49:55","guid":{"rendered":"http:\/\/abeytanelson.com\/proteger-a-los-trabajadores-de-carreteras-es-responsabilidad-de-todos\/"},"modified":"2026-03-10T21:34:31","modified_gmt":"2026-03-11T02:34:31","slug":"proteger-a-los-trabajadores-de-carreteras-es-responsabilidad-de-todos","status":"publish","type":"post","link":"https:\/\/abeytanelson.com\/es\/proteger-a-los-trabajadores-de-carreteras-es-responsabilidad-de-todos\/","title":{"rendered":"Proteger a los trabajadores de carreteras es responsabilidad de todos"},"content":{"rendered":"\n<figure id=\"attachment_7928\" aria-describedby=\"caption-attachment-7928\" style=\"width: 300px\" class=\"wp-caption alignright\"><img fetchpriority=\"high\" decoding=\"async\" class=\"wp-image-7928 size-thumbnail\" src=\"https:\/\/abeytanelson.com\/wp-content\/uploads\/2026\/02\/Damage-to-attenuator-truck4x4.jpg\" alt=\"Da\u00f1os en el atenuador tras accidente de cami\u00f3n en carretera\" width=\"300\" height=\"300\"><figcaption id=\"caption-attachment-7928\" class=\"wp-caption-text\">Se produjeron da\u00f1os significativos en el atenuador de un equipo de trabajo tras un accidente de cami\u00f3n en carretera en el que estuvo involucrado un cliente de Abeyta Nelson Injury Law.<\/figcaption><\/figure>\n<p class=\"p1\" style=\"text-align: left;\"><span class=\"s1\">L<\/span>as autopistas como la Interestatal 90 son lugares muy transitados.<span class=\"Apple-converted-space\">  <\/span>Esta importante autopista este-oeste transporta decenas de miles de veh\u00edculos cada d\u00eda.<span class=\"Apple-converted-space\">  <\/span>Esta carga pesada pasa factura a la autopista. Desafortunadamente, trabajar en la autopista tambi\u00e9n puede ser peligroso, especialmente cuando los conductores ignoran las se\u00f1ales de advertencia. <\/p>\n\n<h2 style=\"text-align: left;\">El trabajo en carreteras es de alto riesgo y peligroso<\/h2>\n<p class=\"p1\" style=\"text-align: left;\">El <a href=\"https:\/\/wsdot.wa.gov\/\">Departamento de Transporte de Washington (DOT)<\/a> tiene la responsabilidad de mantener en buen estado la I-90, una de las autopistas m\u00e1s transitadas del estado, y los hombres y mujeres que trabajan en ella tienen empleos peligrosos.<span class=\"Apple-converted-space\">  <\/span>El gran volumen de tr\u00e1fico, el tr\u00e1fico pesado de camiones y un l\u00edmite de velocidad de 70 mph que muchos conductores superan, todo ello crea un entorno de trabajo de alto riesgo.<\/p>\n<p class=\"p1\" style=\"text-align: left;\">Nuestro cliente era un hombre de 72 a\u00f1os de Ellensburg que comenz\u00f3 a trabajar para el DOT despu\u00e9s de una carrera en el transporte de camiones. Estaba trabajando con un \u00abequipo de botones\u00bb reemplazando los reflectores entre los carriles en la I-90 en direcci\u00f3n oeste cerca de North Bend. <\/p>\n<p class=\"p1\" style=\"text-align: left;\">El DOT tiene un plan de seguridad para cada trabajo de mantenimiento de carreteras.<span class=\"Apple-converted-space\">  <\/span>En este trabajo, el plan de seguridad del DOT inclu\u00eda una gran se\u00f1al electr\u00f3nica sobre la autopista aproximadamente a 10 millas al este de su equipo informando a los automovilistas de que el carril derecho estaba cerrado m\u00e1s adelante y que deb\u00edan moverse a la izquierda.<span class=\"Apple-converted-space\">  <\/span>M\u00e1s cerca de donde trabajaba el equipo, el plan de seguridad coloc\u00f3 dos veh\u00edculos del DOT en el arc\u00e9n con grandes se\u00f1ales electr\u00f3nicas montadas en ellos con flechas intermitentes, indicando a los conductores que se movieran a la izquierda.<\/p>\n<p class=\"p1\" style=\"text-align: left;\">El trabajo de nuestro cliente era operar un cami\u00f3n volquete con un \u00abatenuador\u00bb en la parte trasera.<span class=\"Apple-converted-space\">  <\/span>El atenuador era la \u00faltima l\u00ednea de defensa para el equipo que reemplazaba los reflectores.<span class=\"Apple-converted-space\">  <\/span>Un atenuador es un remolque con material de absorci\u00f3n de impactos dise\u00f1ado para proteger las vidas de los trabajadores en la carretera delante de \u00e9l y evitar da\u00f1os al equipo que se est\u00e1 operando.<\/p>\n<p class=\"p1\" style=\"text-align: left;\">El 18 de julio de 2017, el trabajo de nuestro cliente era proteger a sus compa\u00f1eros de trabajo conduciendo el cami\u00f3n volquete con un atenuador.<span class=\"Apple-converted-space\">  <\/span>Ten\u00eda las luces intermitentes encendidas, una se\u00f1al de rayas amarillas y negras brillantes en la parte trasera del remolque atenuador y una se\u00f1al electr\u00f3nica montada en la parte superior de su cami\u00f3n volquete con una flecha intermitente apuntando a la izquierda.<\/p>\n\n<h2 style=\"text-align: left;\">Extreme las precauciones y reduzca la velocidad cerca de las zonas de trabajo en carreteras<\/h2>\n<p class=\"p1\" style=\"text-align: left;\">Un cami\u00f3n semirremolque de 18 ruedas que tiraba de un remolque se aproximaba en direcci\u00f3n oeste por el carril exterior.<span class=\"Apple-converted-space\">  <\/span>La conductora del cami\u00f3n afirm\u00f3 no haber visto nunca la se\u00f1al electr\u00f3nica sobre su carril, los dos veh\u00edculos del DOT con flechas direccionales hacia la izquierda, ni las luces intermitentes y la se\u00f1al direccional en el cami\u00f3n volquete.<\/p>\n<p class=\"p1\" style=\"text-align: left;\">Vio el cami\u00f3n de nuestro cliente en el \u00faltimo segundo y gir\u00f3 bruscamente a la izquierda, pero la parte trasera de su remolque se estrell\u00f3 contra el atenuador, empuj\u00e1ndolo hacia adelante junto con el cami\u00f3n volquete de nuestro cliente, y lanzando a nuestro cliente hacia la izquierda contra la puerta del conductor.<span class=\"Apple-converted-space\">  <\/span>Nuestro cliente sufri\u00f3 un agravamiento de cambios degenerativos relacionados con la edad en su cadera izquierda que nunca le hab\u00edan causado ning\u00fan problema antes de la colisi\u00f3n.<span class=\"Apple-converted-space\">  <\/span>Finalmente se someti\u00f3 a una cirug\u00eda de reemplazo total de cadera.<span class=\"Apple-converted-space\">  <\/span>Sus gastos m\u00e9dicos pasados totalizaron $64.750.<span class=\"Apple-converted-space\">  <\/span>No pudo volver a trabajar conduciendo para el DOT.<\/p>\n<p class=\"p1\" style=\"text-align: left;\">La conductora de la empresa de transporte canadiense afirm\u00f3 no solo que no vio ninguna se\u00f1al de advertencia, sino que nuestro conductor se incorpor\u00f3 desde el arc\u00e9n delante de ella.<span class=\"Apple-converted-space\">  <\/span>Todos los testigos lo vieron de otra manera.<span class=\"Apple-converted-space\">  <\/span><a href=\"https:\/\/www.wsp.wa.gov\/\">La Patrulla Estatal de Washington<\/a> cit\u00f3 a la conductora del semirremolque.<span class=\"Apple-converted-space\">  <\/span>Cuando su compa\u00f1\u00eda de seguros neg\u00f3 la responsabilidad, presentamos una demanda.<\/p>\n<p class=\"p1\" style=\"text-align: left;\">Despu\u00e9s de que se tomaran las declaraciones de la conductora del semirremolque, nuestro cliente, su esposa y su familia, la compa\u00f1\u00eda de seguros sugiri\u00f3 una mediaci\u00f3n poco antes del juicio.<span class=\"Apple-converted-space\">  <\/span>El caso se resolvi\u00f3 en mediaci\u00f3n por $500.000.<span class=\"Apple-converted-space\">  <\/span>Como parte del acuerdo, se reembols\u00f3 al <a href=\"https:\/\/www.lni.wa.gov\/\">Departamento de Trabajo e Industrias<\/a> estatal los gastos m\u00e9dicos y la p\u00e9rdida salarial que hab\u00eda pagado.<\/p>\n\n<h2 style=\"text-align: left;\">Contrate siempre a un abogado con experiencia en accidentes de camiones<\/h2>\n<p class=\"p1\" style=\"text-align: left;\">La pr\u00f3xima vez que vea un equipo de carreteras del DOT, agradezca a los trabajadores que arriesgan sus vidas y su salud cada d\u00eda para proporcionarle carreteras seguras.<span class=\"Apple-converted-space\">  <\/span>Si usted o un ser querido resulta lesionado como resultado de una colisi\u00f3n con un semirremolque, <a href=\"https:\/\/abeytanelson.com\/contact-yakima-injury-lawyer\/\">llame a Abeyta Nelson Injury Law<\/a>.<span class=\"Apple-converted-space\">  <\/span>Hemos manejado muchos casos de camiones, conocemos las regulaciones para los grandes camiones y no tenemos miedo de ir a los tribunales para conseguirle lo que se merece.<span class=\"Apple-converted-space\">  <\/span>Como siempre, nunca hay honorarios de abogado a menos que gane su caso.<\/p>\n<p style=\"text-align: left;\"><em>-art\u00edculo escrito por el abogado Terry Abeyta, Abeyta Nelson Injury Law<\/em><\/p>\n<p style=\"text-align: left;\"><\/p>\n","protected":false},"excerpt":{"rendered":"<p>Las autopistas como la Interestatal 90 son lugares muy transitados. Esta importante autopista este-oeste transporta decenas de miles de veh\u00edculos cada d\u00eda. Esta carga pesada pasa factura a la autopista. Desafortunadamente, trabajar en la autopista tambi\u00e9n puede ser peligroso, especialmente cuando los conductores ignoran las se\u00f1ales de advertencia. El trabajo en carreteras es de alto [&hellip;]<\/p>\n","protected":false},"author":5,"featured_media":10227,"comment_status":"open","ping_status":"open","sticky":false,"template":"","format":"standard","meta":{"_acf_changed":false,"footnotes":""},"categories":[408,386],"tags":[445,421,592,593],"class_list":["post-10226","post","type-post","status-publish","format-standard","has-post-thumbnail","hentry","category-accidentes-de-coche-camion-y-motocicleta","category-sin-categorizar","tag-accidentes-de-camion","tag-accidentes-de-camiones","tag-departamento-de-transporte","tag-trabajadores-de-carreteras"],"acf":[],"yoast_head":"<!-- This site is optimized with the Yoast SEO plugin v27.3 - https:\/\/yoast.com\/product\/yoast-seo-wordpress\/ -->\n<title>Trabajador de carreteras gana $500.000 en accidente de cami\u00f3n en la I-90<\/title>\n<meta name=\"description\" content=\"Los trabajadores de carreteras tienen empleos peligrosos. El gran volumen de tr\u00e1fico, el tr\u00e1fico pesado de camiones y un l\u00edmite de velocidad de 70 mph que muchos conductores superan, todo ello crea un entorno de trabajo de alto riesgo.\" \/>\n<meta name=\"robots\" content=\"index, follow, max-snippet:-1, max-image-preview:large, max-video-preview:-1\" \/>\n<link rel=\"canonical\" href=\"https:\/\/abeytanelson.com\/es\/proteger-a-los-trabajadores-de-carreteras-es-responsabilidad-de-todos\/\" \/>\n<meta property=\"og:locale\" content=\"es_ES\" \/>\n<meta property=\"og:type\" content=\"article\" \/>\n<meta property=\"og:title\" content=\"Trabajador de carreteras gana $500.000 en accidente de cami\u00f3n en la I-90\" \/>\n<meta property=\"og:description\" content=\"Los trabajadores de carreteras tienen empleos peligrosos. El gran volumen de tr\u00e1fico, el tr\u00e1fico pesado de camiones y un l\u00edmite de velocidad de 70 mph que muchos conductores superan, todo ello crea un entorno de trabajo de alto riesgo.\" \/>\n<meta property=\"og:url\" content=\"https:\/\/abeytanelson.com\/es\/proteger-a-los-trabajadores-de-carreteras-es-responsabilidad-de-todos\/\" \/>\n<meta property=\"og:site_name\" content=\"Abeyta Nelson Injury Law\" \/>\n<meta property=\"article:publisher\" content=\"https:\/\/www.facebook.com\/people\/Abeyta-Nelson-Injury-Law\/100063503115654\/\" \/>\n<meta property=\"article:published_time\" content=\"2021-08-03T01:49:55+00:00\" \/>\n<meta property=\"article:modified_time\" content=\"2026-03-11T02:34:31+00:00\" \/>\n<meta property=\"og:image\" content=\"https:\/\/abeytanelson.com\/wp-content\/uploads\/2026\/02\/Damage-to-attenuator-truck4x4.jpg\" \/>\n\t<meta property=\"og:image:width\" content=\"1200\" \/>\n\t<meta property=\"og:image:height\" content=\"1200\" \/>\n\t<meta property=\"og:image:type\" content=\"image\/jpeg\" \/>\n<meta name=\"author\" content=\"Amy Peters\" \/>\n<meta name=\"twitter:card\" content=\"summary_large_image\" \/>\n<meta name=\"twitter:label1\" content=\"Escrito por\" \/>\n\t<meta name=\"twitter:data1\" content=\"Amy Peters\" \/>\n\t<meta name=\"twitter:label2\" content=\"Tiempo de lectura\" \/>\n\t<meta name=\"twitter:data2\" content=\"5 minutos\" \/>\n<script type=\"application\/ld+json\" class=\"yoast-schema-graph\">{\"@context\":\"https:\\\/\\\/schema.org\",\"@graph\":[{\"@type\":\"Article\",\"@id\":\"https:\\\/\\\/abeytanelson.com\\\/es\\\/proteger-a-los-trabajadores-de-carreteras-es-responsabilidad-de-todos\\\/#article\",\"isPartOf\":{\"@id\":\"https:\\\/\\\/abeytanelson.com\\\/es\\\/proteger-a-los-trabajadores-de-carreteras-es-responsabilidad-de-todos\\\/\"},\"author\":{\"name\":\"Amy Peters\",\"@id\":\"https:\\\/\\\/abeytanelson.com\\\/es\\\/#\\\/schema\\\/person\\\/f55d812d44d5e145ccb6cdb56c315563\"},\"headline\":\"Proteger a los trabajadores de carreteras es responsabilidad de todos\",\"datePublished\":\"2021-08-03T01:49:55+00:00\",\"dateModified\":\"2026-03-11T02:34:31+00:00\",\"mainEntityOfPage\":{\"@id\":\"https:\\\/\\\/abeytanelson.com\\\/es\\\/proteger-a-los-trabajadores-de-carreteras-es-responsabilidad-de-todos\\\/\"},\"wordCount\":923,\"commentCount\":0,\"publisher\":{\"@id\":\"https:\\\/\\\/abeytanelson.com\\\/es\\\/#organization\"},\"image\":{\"@id\":\"https:\\\/\\\/abeytanelson.com\\\/es\\\/proteger-a-los-trabajadores-de-carreteras-es-responsabilidad-de-todos\\\/#primaryimage\"},\"thumbnailUrl\":\"https:\\\/\\\/abeytanelson.com\\\/wp-content\\\/uploads\\\/2026\\\/02\\\/Damage-to-attenuator-truck4x4.jpg\",\"keywords\":[\"Accidentes de cami\u00f3n\",\"Accidentes de camiones\",\"Departamento de Transporte\",\"trabajadores de carreteras\"],\"articleSection\":[\"Accidentes de coche, cami\u00f3n y motocicleta\",\"Sin categorizar\"],\"inLanguage\":\"es\",\"potentialAction\":[{\"@type\":\"CommentAction\",\"name\":\"Comment\",\"target\":[\"https:\\\/\\\/abeytanelson.com\\\/es\\\/proteger-a-los-trabajadores-de-carreteras-es-responsabilidad-de-todos\\\/#respond\"]}]},{\"@type\":\"WebPage\",\"@id\":\"https:\\\/\\\/abeytanelson.com\\\/es\\\/proteger-a-los-trabajadores-de-carreteras-es-responsabilidad-de-todos\\\/\",\"url\":\"https:\\\/\\\/abeytanelson.com\\\/es\\\/proteger-a-los-trabajadores-de-carreteras-es-responsabilidad-de-todos\\\/\",\"name\":\"Trabajador de carreteras gana $500.000 en accidente de cami\u00f3n en la I-90\",\"isPartOf\":{\"@id\":\"https:\\\/\\\/abeytanelson.com\\\/es\\\/#website\"},\"primaryImageOfPage\":{\"@id\":\"https:\\\/\\\/abeytanelson.com\\\/es\\\/proteger-a-los-trabajadores-de-carreteras-es-responsabilidad-de-todos\\\/#primaryimage\"},\"image\":{\"@id\":\"https:\\\/\\\/abeytanelson.com\\\/es\\\/proteger-a-los-trabajadores-de-carreteras-es-responsabilidad-de-todos\\\/#primaryimage\"},\"thumbnailUrl\":\"https:\\\/\\\/abeytanelson.com\\\/wp-content\\\/uploads\\\/2026\\\/02\\\/Damage-to-attenuator-truck4x4.jpg\",\"datePublished\":\"2021-08-03T01:49:55+00:00\",\"dateModified\":\"2026-03-11T02:34:31+00:00\",\"description\":\"Los trabajadores de carreteras tienen empleos peligrosos. El gran volumen de tr\u00e1fico, el tr\u00e1fico pesado de camiones y un l\u00edmite de velocidad de 70 mph que muchos conductores superan, todo ello crea un entorno de trabajo de alto riesgo.\",\"breadcrumb\":{\"@id\":\"https:\\\/\\\/abeytanelson.com\\\/es\\\/proteger-a-los-trabajadores-de-carreteras-es-responsabilidad-de-todos\\\/#breadcrumb\"},\"inLanguage\":\"es\",\"potentialAction\":[{\"@type\":\"ReadAction\",\"target\":[\"https:\\\/\\\/abeytanelson.com\\\/es\\\/proteger-a-los-trabajadores-de-carreteras-es-responsabilidad-de-todos\\\/\"]}]},{\"@type\":\"ImageObject\",\"inLanguage\":\"es\",\"@id\":\"https:\\\/\\\/abeytanelson.com\\\/es\\\/proteger-a-los-trabajadores-de-carreteras-es-responsabilidad-de-todos\\\/#primaryimage\",\"url\":\"https:\\\/\\\/abeytanelson.com\\\/wp-content\\\/uploads\\\/2026\\\/02\\\/Damage-to-attenuator-truck4x4.jpg\",\"contentUrl\":\"https:\\\/\\\/abeytanelson.com\\\/wp-content\\\/uploads\\\/2026\\\/02\\\/Damage-to-attenuator-truck4x4.jpg\",\"width\":1200,\"height\":1200,\"caption\":\"Un primer plano de un atenuador de impacto amarillo da\u00f1ado conectado a la parte trasera de un cami\u00f3n, situado al borde de la carretera con \u00e1rboles al fondo.\"},{\"@type\":\"BreadcrumbList\",\"@id\":\"https:\\\/\\\/abeytanelson.com\\\/es\\\/proteger-a-los-trabajadores-de-carreteras-es-responsabilidad-de-todos\\\/#breadcrumb\",\"itemListElement\":[{\"@type\":\"ListItem\",\"position\":1,\"name\":\"Home\",\"item\":\"https:\\\/\\\/abeytanelson.com\\\/es\\\/inicio\\\/\"},{\"@type\":\"ListItem\",\"position\":2,\"name\":\"Proteger a los trabajadores de carreteras es responsabilidad de todos\"}]},{\"@type\":\"WebSite\",\"@id\":\"https:\\\/\\\/abeytanelson.com\\\/es\\\/#website\",\"url\":\"https:\\\/\\\/abeytanelson.com\\\/es\\\/\",\"name\":\"Abeyta Nelson Injury Law\",\"description\":\"\",\"publisher\":{\"@id\":\"https:\\\/\\\/abeytanelson.com\\\/es\\\/#organization\"},\"potentialAction\":[{\"@type\":\"SearchAction\",\"target\":{\"@type\":\"EntryPoint\",\"urlTemplate\":\"https:\\\/\\\/abeytanelson.com\\\/es\\\/?s={search_term_string}\"},\"query-input\":{\"@type\":\"PropertyValueSpecification\",\"valueRequired\":true,\"valueName\":\"search_term_string\"}}],\"inLanguage\":\"es\"},{\"@type\":\"Organization\",\"@id\":\"https:\\\/\\\/abeytanelson.com\\\/es\\\/#organization\",\"name\":\"Abeyta Nelson Injury Law\",\"url\":\"https:\\\/\\\/abeytanelson.com\\\/es\\\/\",\"logo\":{\"@type\":\"ImageObject\",\"inLanguage\":\"es\",\"@id\":\"https:\\\/\\\/abeytanelson.com\\\/es\\\/#\\\/schema\\\/logo\\\/image\\\/\",\"url\":\"https:\\\/\\\/abeytanelson.com\\\/wp-content\\\/uploads\\\/2020\\\/02\\\/new-Logo-container.svg\",\"contentUrl\":\"https:\\\/\\\/abeytanelson.com\\\/wp-content\\\/uploads\\\/2020\\\/02\\\/new-Logo-container.svg\",\"width\":214,\"height\":67,\"caption\":\"Abeyta Nelson Injury Law\"},\"image\":{\"@id\":\"https:\\\/\\\/abeytanelson.com\\\/es\\\/#\\\/schema\\\/logo\\\/image\\\/\"},\"sameAs\":[\"https:\\\/\\\/www.facebook.com\\\/people\\\/Abeyta-Nelson-Injury-Law\\\/100063503115654\\\/\",\"https:\\\/\\\/www.yelp.com\\\/biz\\\/abeyta-nelson-injury-law-yakima?osq=abeyta nelson injury law\",\"https:\\\/\\\/www.instagram.com\\\/abeytanelsoninjurylaw\\\/\",\"https:\\\/\\\/www.linkedin.com\\\/company\\\/abeyta-nelson-injury-law\\\/\"]},{\"@type\":\"Person\",\"@id\":\"https:\\\/\\\/abeytanelson.com\\\/es\\\/#\\\/schema\\\/person\\\/f55d812d44d5e145ccb6cdb56c315563\",\"name\":\"Amy Peters\",\"image\":{\"@type\":\"ImageObject\",\"inLanguage\":\"es\",\"@id\":\"https:\\\/\\\/secure.gravatar.com\\\/avatar\\\/a306a7d05d32e4bb468c29a02ee46509c9da34f6dc6095577ca52ef4205e373d?s=96&d=mm&r=g\",\"url\":\"https:\\\/\\\/secure.gravatar.com\\\/avatar\\\/a306a7d05d32e4bb468c29a02ee46509c9da34f6dc6095577ca52ef4205e373d?s=96&d=mm&r=g\",\"contentUrl\":\"https:\\\/\\\/secure.gravatar.com\\\/avatar\\\/a306a7d05d32e4bb468c29a02ee46509c9da34f6dc6095577ca52ef4205e373d?s=96&d=mm&r=g\",\"caption\":\"Amy Peters\"}}]}<\/script>\n<!-- \/ Yoast SEO plugin. -->","yoast_head_json":{"title":"Trabajador de carreteras gana $500.000 en accidente de cami\u00f3n en la I-90","description":"Los trabajadores de carreteras tienen empleos peligrosos. El gran volumen de tr\u00e1fico, el tr\u00e1fico pesado de camiones y un l\u00edmite de velocidad de 70 mph que muchos conductores superan, todo ello crea un entorno de trabajo de alto riesgo.","robots":{"index":"index","follow":"follow","max-snippet":"max-snippet:-1","max-image-preview":"max-image-preview:large","max-video-preview":"max-video-preview:-1"},"canonical":"https:\/\/abeytanelson.com\/es\/proteger-a-los-trabajadores-de-carreteras-es-responsabilidad-de-todos\/","og_locale":"es_ES","og_type":"article","og_title":"Trabajador de carreteras gana $500.000 en accidente de cami\u00f3n en la I-90","og_description":"Los trabajadores de carreteras tienen empleos peligrosos. El gran volumen de tr\u00e1fico, el tr\u00e1fico pesado de camiones y un l\u00edmite de velocidad de 70 mph que muchos conductores superan, todo ello crea un entorno de trabajo de alto riesgo.","og_url":"https:\/\/abeytanelson.com\/es\/proteger-a-los-trabajadores-de-carreteras-es-responsabilidad-de-todos\/","og_site_name":"Abeyta Nelson Injury Law","article_publisher":"https:\/\/www.facebook.com\/people\/Abeyta-Nelson-Injury-Law\/100063503115654\/","article_published_time":"2021-08-03T01:49:55+00:00","article_modified_time":"2026-03-11T02:34:31+00:00","og_image":[{"width":1200,"height":1200,"url":"https:\/\/abeytanelson.com\/wp-content\/uploads\/2026\/02\/Damage-to-attenuator-truck4x4.jpg","type":"image\/jpeg"}],"author":"Amy Peters","twitter_card":"summary_large_image","twitter_misc":{"Escrito por":"Amy Peters","Tiempo de lectura":"5 minutos"},"schema":{"@context":"https:\/\/schema.org","@graph":[{"@type":"Article","@id":"https:\/\/abeytanelson.com\/es\/proteger-a-los-trabajadores-de-carreteras-es-responsabilidad-de-todos\/#article","isPartOf":{"@id":"https:\/\/abeytanelson.com\/es\/proteger-a-los-trabajadores-de-carreteras-es-responsabilidad-de-todos\/"},"author":{"name":"Amy Peters","@id":"https:\/\/abeytanelson.com\/es\/#\/schema\/person\/f55d812d44d5e145ccb6cdb56c315563"},"headline":"Proteger a los trabajadores de carreteras es responsabilidad de todos","datePublished":"2021-08-03T01:49:55+00:00","dateModified":"2026-03-11T02:34:31+00:00","mainEntityOfPage":{"@id":"https:\/\/abeytanelson.com\/es\/proteger-a-los-trabajadores-de-carreteras-es-responsabilidad-de-todos\/"},"wordCount":923,"commentCount":0,"publisher":{"@id":"https:\/\/abeytanelson.com\/es\/#organization"},"image":{"@id":"https:\/\/abeytanelson.com\/es\/proteger-a-los-trabajadores-de-carreteras-es-responsabilidad-de-todos\/#primaryimage"},"thumbnailUrl":"https:\/\/abeytanelson.com\/wp-content\/uploads\/2026\/02\/Damage-to-attenuator-truck4x4.jpg","keywords":["Accidentes de cami\u00f3n","Accidentes de camiones","Departamento de Transporte","trabajadores de carreteras"],"articleSection":["Accidentes de coche, cami\u00f3n y motocicleta","Sin categorizar"],"inLanguage":"es","potentialAction":[{"@type":"CommentAction","name":"Comment","target":["https:\/\/abeytanelson.com\/es\/proteger-a-los-trabajadores-de-carreteras-es-responsabilidad-de-todos\/#respond"]}]},{"@type":"WebPage","@id":"https:\/\/abeytanelson.com\/es\/proteger-a-los-trabajadores-de-carreteras-es-responsabilidad-de-todos\/","url":"https:\/\/abeytanelson.com\/es\/proteger-a-los-trabajadores-de-carreteras-es-responsabilidad-de-todos\/","name":"Trabajador de carreteras gana $500.000 en accidente de cami\u00f3n en la I-90","isPartOf":{"@id":"https:\/\/abeytanelson.com\/es\/#website"},"primaryImageOfPage":{"@id":"https:\/\/abeytanelson.com\/es\/proteger-a-los-trabajadores-de-carreteras-es-responsabilidad-de-todos\/#primaryimage"},"image":{"@id":"https:\/\/abeytanelson.com\/es\/proteger-a-los-trabajadores-de-carreteras-es-responsabilidad-de-todos\/#primaryimage"},"thumbnailUrl":"https:\/\/abeytanelson.com\/wp-content\/uploads\/2026\/02\/Damage-to-attenuator-truck4x4.jpg","datePublished":"2021-08-03T01:49:55+00:00","dateModified":"2026-03-11T02:34:31+00:00","description":"Los trabajadores de carreteras tienen empleos peligrosos. El gran volumen de tr\u00e1fico, el tr\u00e1fico pesado de camiones y un l\u00edmite de velocidad de 70 mph que muchos conductores superan, todo ello crea un entorno de trabajo de alto riesgo.","breadcrumb":{"@id":"https:\/\/abeytanelson.com\/es\/proteger-a-los-trabajadores-de-carreteras-es-responsabilidad-de-todos\/#breadcrumb"},"inLanguage":"es","potentialAction":[{"@type":"ReadAction","target":["https:\/\/abeytanelson.com\/es\/proteger-a-los-trabajadores-de-carreteras-es-responsabilidad-de-todos\/"]}]},{"@type":"ImageObject","inLanguage":"es","@id":"https:\/\/abeytanelson.com\/es\/proteger-a-los-trabajadores-de-carreteras-es-responsabilidad-de-todos\/#primaryimage","url":"https:\/\/abeytanelson.com\/wp-content\/uploads\/2026\/02\/Damage-to-attenuator-truck4x4.jpg","contentUrl":"https:\/\/abeytanelson.com\/wp-content\/uploads\/2026\/02\/Damage-to-attenuator-truck4x4.jpg","width":1200,"height":1200,"caption":"Un primer plano de un atenuador de impacto amarillo da\u00f1ado conectado a la parte trasera de un cami\u00f3n, situado al borde de la carretera con \u00e1rboles al fondo."},{"@type":"BreadcrumbList","@id":"https:\/\/abeytanelson.com\/es\/proteger-a-los-trabajadores-de-carreteras-es-responsabilidad-de-todos\/#breadcrumb","itemListElement":[{"@type":"ListItem","position":1,"name":"Home","item":"https:\/\/abeytanelson.com\/es\/inicio\/"},{"@type":"ListItem","position":2,"name":"Proteger a los trabajadores de carreteras es responsabilidad de todos"}]},{"@type":"WebSite","@id":"https:\/\/abeytanelson.com\/es\/#website","url":"https:\/\/abeytanelson.com\/es\/","name":"Abeyta Nelson Injury Law","description":"","publisher":{"@id":"https:\/\/abeytanelson.com\/es\/#organization"},"potentialAction":[{"@type":"SearchAction","target":{"@type":"EntryPoint","urlTemplate":"https:\/\/abeytanelson.com\/es\/?s={search_term_string}"},"query-input":{"@type":"PropertyValueSpecification","valueRequired":true,"valueName":"search_term_string"}}],"inLanguage":"es"},{"@type":"Organization","@id":"https:\/\/abeytanelson.com\/es\/#organization","name":"Abeyta Nelson Injury Law","url":"https:\/\/abeytanelson.com\/es\/","logo":{"@type":"ImageObject","inLanguage":"es","@id":"https:\/\/abeytanelson.com\/es\/#\/schema\/logo\/image\/","url":"https:\/\/abeytanelson.com\/wp-content\/uploads\/2020\/02\/new-Logo-container.svg","contentUrl":"https:\/\/abeytanelson.com\/wp-content\/uploads\/2020\/02\/new-Logo-container.svg","width":214,"height":67,"caption":"Abeyta Nelson Injury Law"},"image":{"@id":"https:\/\/abeytanelson.com\/es\/#\/schema\/logo\/image\/"},"sameAs":["https:\/\/www.facebook.com\/people\/Abeyta-Nelson-Injury-Law\/100063503115654\/","https:\/\/www.yelp.com\/biz\/abeyta-nelson-injury-law-yakima?osq=abeyta nelson injury law","https:\/\/www.instagram.com\/abeytanelsoninjurylaw\/","https:\/\/www.linkedin.com\/company\/abeyta-nelson-injury-law\/"]},{"@type":"Person","@id":"https:\/\/abeytanelson.com\/es\/#\/schema\/person\/f55d812d44d5e145ccb6cdb56c315563","name":"Amy Peters","image":{"@type":"ImageObject","inLanguage":"es","@id":"https:\/\/secure.gravatar.com\/avatar\/a306a7d05d32e4bb468c29a02ee46509c9da34f6dc6095577ca52ef4205e373d?s=96&d=mm&r=g","url":"https:\/\/secure.gravatar.com\/avatar\/a306a7d05d32e4bb468c29a02ee46509c9da34f6dc6095577ca52ef4205e373d?s=96&d=mm&r=g","contentUrl":"https:\/\/secure.gravatar.com\/avatar\/a306a7d05d32e4bb468c29a02ee46509c9da34f6dc6095577ca52ef4205e373d?s=96&d=mm&r=g","caption":"Amy Peters"}}]}},"_links":{"self":[{"href":"https:\/\/abeytanelson.com\/es\/wp-json\/wp\/v2\/posts\/10226","targetHints":{"allow":["GET"]}}],"collection":[{"href":"https:\/\/abeytanelson.com\/es\/wp-json\/wp\/v2\/posts"}],"about":[{"href":"https:\/\/abeytanelson.com\/es\/wp-json\/wp\/v2\/types\/post"}],"author":[{"embeddable":true,"href":"https:\/\/abeytanelson.com\/es\/wp-json\/wp\/v2\/users\/5"}],"replies":[{"embeddable":true,"href":"https:\/\/abeytanelson.com\/es\/wp-json\/wp\/v2\/comments?post=10226"}],"version-history":[{"count":1,"href":"https:\/\/abeytanelson.com\/es\/wp-json\/wp\/v2\/posts\/10226\/revisions"}],"predecessor-version":[{"id":10228,"href":"https:\/\/abeytanelson.com\/es\/wp-json\/wp\/v2\/posts\/10226\/revisions\/10228"}],"wp:featuredmedia":[{"embeddable":true,"href":"https:\/\/abeytanelson.com\/es\/wp-json\/wp\/v2\/media\/10227"}],"wp:attachment":[{"href":"https:\/\/abeytanelson.com\/es\/wp-json\/wp\/v2\/media?parent=10226"}],"wp:term":[{"taxonomy":"category","embeddable":true,"href":"https:\/\/abeytanelson.com\/es\/wp-json\/wp\/v2\/categories?post=10226"},{"taxonomy":"post_tag","embeddable":true,"href":"https:\/\/abeytanelson.com\/es\/wp-json\/wp\/v2\/tags?post=10226"}],"curies":[{"name":"wp","href":"https:\/\/api.w.org\/{rel}","templated":true}]}}