{"id":10272,"date":"2020-07-06T23:02:59","date_gmt":"2020-07-07T04:02:59","guid":{"rendered":"http:\/\/abeytanelson.com\/como-ha-cambiado-la-covid-19-el-derecho-de-danos-personales\/"},"modified":"2026-03-10T21:36:51","modified_gmt":"2026-03-11T02:36:51","slug":"como-ha-cambiado-la-covid-19-el-derecho-de-danos-personales","status":"publish","type":"post","link":"https:\/\/abeytanelson.com\/es\/como-ha-cambiado-la-covid-19-el-derecho-de-danos-personales\/","title":{"rendered":"\u00bfC\u00f3mo ha cambiado la COVID-19 el derecho de da\u00f1os personales?"},"content":{"rendered":"\n<figure id=\"attachment_7709\" aria-describedby=\"caption-attachment-7709\" style=\"width: 300px\" class=\"wp-caption alignright\"><img fetchpriority=\"high\" decoding=\"async\" class=\"wp-image-7709 size-thumbnail\" src=\"https:\/\/abeytanelson.com\/wp-content\/uploads\/2026\/02\/zoomcall.jpg\" alt=\"\" width=\"300\" height=\"300\"><figcaption id=\"caption-attachment-7709\" class=\"wp-caption-text\">Abeyta Nelson Injury Law ha asumido varios casos nuevos y contin\u00faa brindando un excelente servicio al cliente a pesar de la COVID-19.<\/figcaption><\/figure>\n<p class=\"p1\" style=\"text-align: left;\">La COVID-19 lo ha cambiado todo en los \u00faltimos tres meses. Demasiadas personas han enfermado, han sido hospitalizadas con s\u00edntomas respiratorios potencialmente mortales o han fallecido. <span class=\"Apple-converted-space\">  <\/span>Varios negocios locales han cerrado y otros corren el riesgo de quebrar.<span class=\"Apple-converted-space\">  <\/span>Muchas personas est\u00e1n desempleadas.<span class=\"Apple-converted-space\">  <\/span>Nuestra econom\u00eda se ha visto gravemente afectada.<\/p>\n<p class=\"p1\" style=\"text-align: left;\">Sin embargo, una cosa que no ha cambiado es que Abeyta Nelson Injury Law contin\u00faa prestando servicio a quienes han resultado heridos o han perdido a un ser querido y necesitan una representaci\u00f3n legal de calidad.<span class=\"Apple-converted-space\">  <\/span>S\u00ed, hemos tenido que realizar algunos cambios.<span class=\"Apple-converted-space\">  <\/span>Durante los \u00faltimos meses, con el fin de poner de nuestra parte para que nuestra comunidad supere esta pandemia, nuestras oficinas en Yakima, <a class=\"wpil_keyword_link\" title=\"Ellensburg\" href=\"https:\/\/abeytanelson.com\/personal-injury-attorney-ellensburg\/\" target=\"_blank\" rel=\"noopener\" data-wpil-keyword-link=\"linked\" data-wpil-monitor-id=\"699\">Ellensburg<\/a> y Sunnyside han permanecido cerradas.<span class=\"Apple-converted-space\">  <\/span>No obstante, hemos seguido representando a nuestros clientes al m\u00e1s alto nivel profesional.<span class=\"Apple-converted-space\">  <\/span>Desde que el virus nos afect\u00f3, hemos resuelto muchos casos para que nuestros clientes cobren por las <a href=\"https:\/\/abeytanelson.com\/faqs\/how-will-i-pay-my-medical-bills-following-an-accident-or-injury\/\" target=\"_blank\" rel=\"noopener\" data-wpil-monitor-id=\"701\">facturas m\u00e9dicas<\/a> pasadas y futuras, la p\u00e9rdida de salarios pasada y futura, la discapacidad, el dolor y sufrimiento, y la p\u00e9rdida de la capacidad de disfrutar de la vida. Mientras muchos <a href=\"https:\/\/abeytanelson.com\/faqs\/how-does-abeyta-nelson-injury-law-firm-win-auto-accident-lawsuits\/\" target=\"_blank\" rel=\"noopener\" data-wpil-monitor-id=\"702\">bufetes de abogados<\/a> contin\u00faan trabajando de forma remota por la seguridad de sus clientes y empleados, aqu\u00ed tiene tres reglas por las que guiarse durante la pandemia de COVID-19: <\/p>\n\n<h2 style=\"text-align: left;\">Mantenga un contacto regular con los clientes actuales.<\/h2>\n<p class=\"p1\" style=\"text-align: left;\">En lugar de reunirnos con nuestros clientes en persona \u2014como preferimos hacer\u2014, mantenemos un contacto frecuente con nuestros valiosos clientes a trav\u00e9s de videoconferencias por Zoom, por tel\u00e9fono y por correo electr\u00f3nico. La pandemia de COVID-19 que estamos viviendo ha dejado vulnerables a muchas familias y comunidades, y una buena comunicaci\u00f3n con el cliente es m\u00e1s importante que nunca. El trato personal por el que se conoce a nuestro bufete contin\u00faa como de costumbre, pero por el momento, estamos haciendo todo lo posible para ayudar a nuestra comunidad a salir de la Fase 1.5 y volver a la <a href=\"https:\/\/abeytanelson.com\/business-cyber-attack-safe\/\" target=\"_blank\" rel=\"noopener\" data-wpil-monitor-id=\"703\">actividad comercial<\/a> habitual trabajando de forma remota.  <\/p>\n\n<h2 style=\"text-align: left;\">Contin\u00fae aceptando nuevos clientes.<\/h2>\n<p class=\"p1\" style=\"text-align: left;\"><a href=\"https:\/\/abeytanelson.com\/6042-2\/\" target=\"_blank\" rel=\"noopener\" data-wpil-monitor-id=\"704\">Abeyta Nelson contin\u00faa recordando a nuestra comunidad<\/a> que estamos listos para consultar con ellos en cualquier momento sobre su caso y, durante toda la COVID-19, hemos seguido aceptando nuevos clientes. Las llamadas de posibles nuevos clientes se atienden de inmediato. No hay que esperar d\u00edas para recibir una llamada de vuelta, como ocurre con muchos otros despachos de abogados. Una vez m\u00e1s, las reuniones con nuevos clientes se gestionan ahora a trav\u00e9s de Zoom y por tel\u00e9fono.   <span class=\"Apple-converted-space\">  <\/span>Piense en ello como \u201cteleabogac\u00eda\u201d.<\/p>\n\n<h2 style=\"text-align: left;\">Ofrezca un servicio eficiente, amable y biling\u00fce, las 24 horas, los 7 d\u00edas de la semana.<\/h2>\n<p class=\"p1\" style=\"text-align: left;\">Durante el horario normal, de 8:00 a 17:00 de lunes a jueves, y de 8:00 a 12:00 los viernes, nuestra amable y servicial recepcionista, Aimee, atiende las llamadas de los clientes y las dirige al abogado o <a href=\"https:\/\/abeytanelson.com\/legal-assistant-evolves-technology-22-year-career\/\" target=\"_blank\" rel=\"noopener\" data-wpil-monitor-id=\"705\">asistente legal<\/a> correspondiente. <span class=\"Apple-converted-space\">  <\/span>Nuestra coordinadora de reclamaciones, Carrie, tambi\u00e9n est\u00e1 disponible para responder preguntas a las <a href=\"https:\/\/abeytanelson.com\/why-dont-people-call-a-lawyer-when-they-need-one\/\" target=\"_blank\" rel=\"noopener\" data-wpil-monitor-id=\"706\">personas que nos llaman<\/a> para que las representemos.<span class=\"Apple-converted-space\">  <\/span>Tanto Aimee como Carrie son biling\u00fces.<span class=\"Apple-converted-space\">  <\/span>Nuestra experimentada coordinadora m\u00e9dica, Kimm, tambi\u00e9n est\u00e1 disponible para aportar su experiencia a nuestros clientes.<\/p>\n<p class=\"p1\" style=\"text-align: left;\">Nuestros cinco <a href=\"https:\/\/abeytanelson.com\/our-attorneys-yakima-ellensburg-sunnyside\/\" target=\"_blank\" rel=\"noopener\" data-wpil-monitor-id=\"707\">abogados<\/a> y 10 asistentes legales, cuatro de los cuales son biling\u00fces, contin\u00faan trabajando de forma remota a tiempo completo desde nuestras oficinas en casa.<span class=\"Apple-converted-space\"> <\/span>Tambi\u00e9n hemos a\u00f1adido una forma para que nuestros clientes actuales y potenciales se conecten con nosotros en cualquier momento del d\u00eda.<span class=\"Apple-converted-space\"> <\/span>Respondemos a sus preguntas fuera del horario comercial habitual y durante los fines de semana y festivos a trav\u00e9s de una funci\u00f3n de chat 24\/7 en abeytanelson.com.<\/p>\n<p class=\"p1\" style=\"text-align: left;\">Sabemos que algunas cosas no pueden esperar. Siempre que necesite ayuda, estamos aqu\u00ed para brind\u00e1rsela. <span class=\"Apple-converted-space\">  <\/span>Esperamos poder reanudar pronto las reuniones cara a cara con nuestros clientes.<span class=\"Apple-converted-space\">  <\/span>Queremos poder volver a ofrecer reuniones en hospitales, residencias de ancianos y en el hogar para los nuevos clientes que no puedan desplazarse a nuestra oficina.<\/p>\n<p class=\"p1\" style=\"text-align: left;\">Si usted o un ser querido han resultado heridos, o si ha perdido a un ser querido en un accidente, seleccionar al abogado adecuado para ayudarle a navegar por un sistema legal complejo y a menudo confuso, as\u00ed como para ayudarle a recibir una compensaci\u00f3n justa por su p\u00e9rdida, es fundamental. Entendemos que las personas que necesitan ayuda con una reclamaci\u00f3n por da\u00f1os personales o <a class=\"wpil_keyword_link\" title=\"muerte por negligencia\" href=\"https:\/\/abeytanelson.com\/practice\/wrongful-death-lawyers-yakima\/\" target=\"_blank\" rel=\"noopener\" data-wpil-keyword-link=\"linked\" data-wpil-monitor-id=\"700\">muerte por negligencia<\/a> tienen opciones. <span class=\"Apple-converted-space\">  <\/span>Si no est\u00e1 seguro de a qui\u00e9n llamar, pregunte a su familia, amigos y vecinos.<span class=\"Apple-converted-space\">  <\/span>Creemos que escuchar\u00e1 el nombre de <a href=\"https:\/\/abeytanelson.com\/\">Abeyta Nelson Injury Law<\/a> de parte de aquellos en quienes conf\u00eda.<\/p>\n\n<h2>Contrate a un abogado de lesiones personales en Yakima<\/h2>\n<p class=\"p1\" style=\"text-align: left;\">Hemos estado aqu\u00ed para nuestros amigos y vecinos en <a href=\"https:\/\/abeytanelson.com\/april-wildfire-season-begins-central-washington\/\" target=\"_blank\" rel=\"noopener\" data-wpil-monitor-id=\"708\">Washington Central<\/a> desde 1981, y seguiremos estando aqu\u00ed para usted en el futuro.<span class=\"Apple-converted-space\"> <a href=\"https:\/\/abeytanelson.com\/contact-yakima-injury-lawyer\/\">Cont\u00e1ctenos hoy mismo<\/a> para concertar una consulta gratuita y sin compromiso con uno de nuestros cinco abogados. <\/span>Recuerde que nunca hay que pagar una tarifa por hablar de su caso con nosotros y no hay honorarios de abogado a menos que gane. Como siempre, nos tomamos su <a href=\"https:\/\/abeytanelson.com\/5-questions-to-ask-when-choosing-a-personal-injury-attorney\/\" target=\"_blank\" rel=\"noopener\" data-wpil-monitor-id=\"709\">lesi\u00f3n de forma personal<\/a>. <\/p>\n<p style=\"text-align: left;\"><em>-blog escrito por el abogado Terry Abeyta, Abeyta Nelson Injury Law<\/em><\/p>\n<p style=\"text-align: left;\"><\/p>\n","protected":false},"excerpt":{"rendered":"<p>La COVID-19 lo ha cambiado todo en los \u00faltimos tres meses. Demasiadas personas han enfermado, han sido hospitalizadas con s\u00edntomas respiratorios potencialmente mortales o han fallecido. Varios negocios locales han cerrado y otros corren el riesgo de quebrar. Muchas personas est\u00e1n desempleadas. Nuestra econom\u00eda se ha visto gravemente afectada. Sin embargo, una cosa que no [&hellip;]<\/p>\n","protected":false},"author":5,"featured_media":10273,"comment_status":"open","ping_status":"open","sticky":false,"template":"","format":"standard","meta":{"_acf_changed":false,"footnotes":""},"categories":[398,405],"tags":[628,629],"class_list":["post-10272","post","type-post","status-publish","format-standard","has-post-thumbnail","hentry","category-como-gestionamos-su-caso","category-lesiones-personales","tag-bufetes-de-abogados-adaptandose-a-la-covid-19","tag-teleabogacia-y-covid-19"],"acf":[],"yoast_head":"<!-- This site is optimized with the Yoast SEO plugin v27.3 - https:\/\/yoast.com\/product\/yoast-seo-wordpress\/ -->\n<title>\u00bfC\u00f3mo ha cambiado la COVID-19 el derecho de da\u00f1os personales?<\/title>\n<meta name=\"description\" content=\"A pesar del cierre temporal de los bufetes debido a la COVID-19, los despachos de abogados de da\u00f1os personales como Abeyta Nelson Injury Law se est\u00e1n adaptando a las necesidades de los clientes mediante conferencias telef\u00f3nicas, Zoom y chat las 24 horas, los 7 d\u00edas de la semana.\" \/>\n<meta name=\"robots\" content=\"index, follow, max-snippet:-1, max-image-preview:large, max-video-preview:-1\" \/>\n<link rel=\"canonical\" href=\"https:\/\/abeytanelson.com\/es\/como-ha-cambiado-la-covid-19-el-derecho-de-danos-personales\/\" \/>\n<meta property=\"og:locale\" content=\"es_ES\" \/>\n<meta property=\"og:type\" content=\"article\" \/>\n<meta property=\"og:title\" content=\"\u00bfC\u00f3mo ha cambiado la COVID-19 el derecho de da\u00f1os personales?\" \/>\n<meta property=\"og:description\" content=\"A pesar del cierre temporal de los bufetes debido a la COVID-19, los despachos de abogados de da\u00f1os personales como Abeyta Nelson Injury Law se est\u00e1n adaptando a las necesidades de los clientes mediante conferencias telef\u00f3nicas, Zoom y chat las 24 horas, los 7 d\u00edas de la semana.\" \/>\n<meta property=\"og:url\" content=\"https:\/\/abeytanelson.com\/es\/como-ha-cambiado-la-covid-19-el-derecho-de-danos-personales\/\" \/>\n<meta property=\"og:site_name\" content=\"Abeyta Nelson Injury Law\" \/>\n<meta property=\"article:publisher\" content=\"https:\/\/www.facebook.com\/people\/Abeyta-Nelson-Injury-Law\/100063503115654\/\" \/>\n<meta property=\"article:published_time\" content=\"2020-07-07T04:02:59+00:00\" \/>\n<meta property=\"article:modified_time\" content=\"2026-03-11T02:36:51+00:00\" \/>\n<meta property=\"og:image\" content=\"https:\/\/abeytanelson.com\/wp-content\/uploads\/2026\/02\/zoomcall.jpg\" \/>\n\t<meta property=\"og:image:width\" content=\"1275\" \/>\n\t<meta property=\"og:image:height\" content=\"850\" \/>\n\t<meta property=\"og:image:type\" content=\"image\/jpeg\" \/>\n<meta name=\"author\" content=\"Amy Peters\" \/>\n<meta name=\"twitter:card\" content=\"summary_large_image\" \/>\n<meta name=\"twitter:label1\" content=\"Escrito por\" \/>\n\t<meta name=\"twitter:data1\" content=\"Amy Peters\" \/>\n\t<meta name=\"twitter:label2\" content=\"Tiempo de lectura\" \/>\n\t<meta name=\"twitter:data2\" content=\"4 minutos\" \/>\n<script type=\"application\/ld+json\" class=\"yoast-schema-graph\">{\"@context\":\"https:\\\/\\\/schema.org\",\"@graph\":[{\"@type\":\"Article\",\"@id\":\"https:\\\/\\\/abeytanelson.com\\\/es\\\/como-ha-cambiado-la-covid-19-el-derecho-de-danos-personales\\\/#article\",\"isPartOf\":{\"@id\":\"https:\\\/\\\/abeytanelson.com\\\/es\\\/como-ha-cambiado-la-covid-19-el-derecho-de-danos-personales\\\/\"},\"author\":{\"name\":\"Amy Peters\",\"@id\":\"https:\\\/\\\/abeytanelson.com\\\/es\\\/#\\\/schema\\\/person\\\/f55d812d44d5e145ccb6cdb56c315563\"},\"headline\":\"\u00bfC\u00f3mo ha cambiado la COVID-19 el derecho de da\u00f1os personales?\",\"datePublished\":\"2020-07-07T04:02:59+00:00\",\"dateModified\":\"2026-03-11T02:36:51+00:00\",\"mainEntityOfPage\":{\"@id\":\"https:\\\/\\\/abeytanelson.com\\\/es\\\/como-ha-cambiado-la-covid-19-el-derecho-de-danos-personales\\\/\"},\"wordCount\":908,\"commentCount\":0,\"publisher\":{\"@id\":\"https:\\\/\\\/abeytanelson.com\\\/es\\\/#organization\"},\"image\":{\"@id\":\"https:\\\/\\\/abeytanelson.com\\\/es\\\/como-ha-cambiado-la-covid-19-el-derecho-de-danos-personales\\\/#primaryimage\"},\"thumbnailUrl\":\"https:\\\/\\\/abeytanelson.com\\\/wp-content\\\/uploads\\\/2026\\\/02\\\/zoomcall.jpg\",\"keywords\":[\"Bufetes de abogados adapt\u00e1ndose a la COVID-19\",\"Teleabogac\u00eda y COVID-19\"],\"articleSection\":[\"C\u00f3mo gestionamos su caso\",\"Lesiones personales\"],\"inLanguage\":\"es\",\"potentialAction\":[{\"@type\":\"CommentAction\",\"name\":\"Comment\",\"target\":[\"https:\\\/\\\/abeytanelson.com\\\/es\\\/como-ha-cambiado-la-covid-19-el-derecho-de-danos-personales\\\/#respond\"]}]},{\"@type\":\"WebPage\",\"@id\":\"https:\\\/\\\/abeytanelson.com\\\/es\\\/como-ha-cambiado-la-covid-19-el-derecho-de-danos-personales\\\/\",\"url\":\"https:\\\/\\\/abeytanelson.com\\\/es\\\/como-ha-cambiado-la-covid-19-el-derecho-de-danos-personales\\\/\",\"name\":\"\u00bfC\u00f3mo ha cambiado la COVID-19 el derecho de da\u00f1os personales?\",\"isPartOf\":{\"@id\":\"https:\\\/\\\/abeytanelson.com\\\/es\\\/#website\"},\"primaryImageOfPage\":{\"@id\":\"https:\\\/\\\/abeytanelson.com\\\/es\\\/como-ha-cambiado-la-covid-19-el-derecho-de-danos-personales\\\/#primaryimage\"},\"image\":{\"@id\":\"https:\\\/\\\/abeytanelson.com\\\/es\\\/como-ha-cambiado-la-covid-19-el-derecho-de-danos-personales\\\/#primaryimage\"},\"thumbnailUrl\":\"https:\\\/\\\/abeytanelson.com\\\/wp-content\\\/uploads\\\/2026\\\/02\\\/zoomcall.jpg\",\"datePublished\":\"2020-07-07T04:02:59+00:00\",\"dateModified\":\"2026-03-11T02:36:51+00:00\",\"description\":\"A pesar del cierre temporal de los bufetes debido a la COVID-19, los despachos de abogados de da\u00f1os personales como Abeyta Nelson Injury Law se est\u00e1n adaptando a las necesidades de los clientes mediante conferencias telef\u00f3nicas, Zoom y chat las 24 horas, los 7 d\u00edas de la semana.\",\"breadcrumb\":{\"@id\":\"https:\\\/\\\/abeytanelson.com\\\/es\\\/como-ha-cambiado-la-covid-19-el-derecho-de-danos-personales\\\/#breadcrumb\"},\"inLanguage\":\"es\",\"potentialAction\":[{\"@type\":\"ReadAction\",\"target\":[\"https:\\\/\\\/abeytanelson.com\\\/es\\\/como-ha-cambiado-la-covid-19-el-derecho-de-danos-personales\\\/\"]}]},{\"@type\":\"ImageObject\",\"inLanguage\":\"es\",\"@id\":\"https:\\\/\\\/abeytanelson.com\\\/es\\\/como-ha-cambiado-la-covid-19-el-derecho-de-danos-personales\\\/#primaryimage\",\"url\":\"https:\\\/\\\/abeytanelson.com\\\/wp-content\\\/uploads\\\/2026\\\/02\\\/zoomcall.jpg\",\"contentUrl\":\"https:\\\/\\\/abeytanelson.com\\\/wp-content\\\/uploads\\\/2026\\\/02\\\/zoomcall.jpg\",\"width\":1275,\"height\":850,\"caption\":\"Persona participando en una videoconferencia en un ordenador port\u00e1til con cuatro personas visibles en la pantalla, cada una en ventanas separadas.\"},{\"@type\":\"BreadcrumbList\",\"@id\":\"https:\\\/\\\/abeytanelson.com\\\/es\\\/como-ha-cambiado-la-covid-19-el-derecho-de-danos-personales\\\/#breadcrumb\",\"itemListElement\":[{\"@type\":\"ListItem\",\"position\":1,\"name\":\"Home\",\"item\":\"https:\\\/\\\/abeytanelson.com\\\/es\\\/inicio\\\/\"},{\"@type\":\"ListItem\",\"position\":2,\"name\":\"\u00bfC\u00f3mo ha cambiado la COVID-19 el derecho de da\u00f1os personales?\"}]},{\"@type\":\"WebSite\",\"@id\":\"https:\\\/\\\/abeytanelson.com\\\/es\\\/#website\",\"url\":\"https:\\\/\\\/abeytanelson.com\\\/es\\\/\",\"name\":\"Abeyta Nelson Injury Law\",\"description\":\"\",\"publisher\":{\"@id\":\"https:\\\/\\\/abeytanelson.com\\\/es\\\/#organization\"},\"potentialAction\":[{\"@type\":\"SearchAction\",\"target\":{\"@type\":\"EntryPoint\",\"urlTemplate\":\"https:\\\/\\\/abeytanelson.com\\\/es\\\/?s={search_term_string}\"},\"query-input\":{\"@type\":\"PropertyValueSpecification\",\"valueRequired\":true,\"valueName\":\"search_term_string\"}}],\"inLanguage\":\"es\"},{\"@type\":\"Organization\",\"@id\":\"https:\\\/\\\/abeytanelson.com\\\/es\\\/#organization\",\"name\":\"Abeyta Nelson Injury Law\",\"url\":\"https:\\\/\\\/abeytanelson.com\\\/es\\\/\",\"logo\":{\"@type\":\"ImageObject\",\"inLanguage\":\"es\",\"@id\":\"https:\\\/\\\/abeytanelson.com\\\/es\\\/#\\\/schema\\\/logo\\\/image\\\/\",\"url\":\"https:\\\/\\\/abeytanelson.com\\\/wp-content\\\/uploads\\\/2020\\\/02\\\/new-Logo-container.svg\",\"contentUrl\":\"https:\\\/\\\/abeytanelson.com\\\/wp-content\\\/uploads\\\/2020\\\/02\\\/new-Logo-container.svg\",\"width\":214,\"height\":67,\"caption\":\"Abeyta Nelson Injury Law\"},\"image\":{\"@id\":\"https:\\\/\\\/abeytanelson.com\\\/es\\\/#\\\/schema\\\/logo\\\/image\\\/\"},\"sameAs\":[\"https:\\\/\\\/www.facebook.com\\\/people\\\/Abeyta-Nelson-Injury-Law\\\/100063503115654\\\/\",\"https:\\\/\\\/www.yelp.com\\\/biz\\\/abeyta-nelson-injury-law-yakima?osq=abeyta nelson injury law\",\"https:\\\/\\\/www.instagram.com\\\/abeytanelsoninjurylaw\\\/\",\"https:\\\/\\\/www.linkedin.com\\\/company\\\/abeyta-nelson-injury-law\\\/\"]},{\"@type\":\"Person\",\"@id\":\"https:\\\/\\\/abeytanelson.com\\\/es\\\/#\\\/schema\\\/person\\\/f55d812d44d5e145ccb6cdb56c315563\",\"name\":\"Amy Peters\",\"image\":{\"@type\":\"ImageObject\",\"inLanguage\":\"es\",\"@id\":\"https:\\\/\\\/secure.gravatar.com\\\/avatar\\\/a306a7d05d32e4bb468c29a02ee46509c9da34f6dc6095577ca52ef4205e373d?s=96&d=mm&r=g\",\"url\":\"https:\\\/\\\/secure.gravatar.com\\\/avatar\\\/a306a7d05d32e4bb468c29a02ee46509c9da34f6dc6095577ca52ef4205e373d?s=96&d=mm&r=g\",\"contentUrl\":\"https:\\\/\\\/secure.gravatar.com\\\/avatar\\\/a306a7d05d32e4bb468c29a02ee46509c9da34f6dc6095577ca52ef4205e373d?s=96&d=mm&r=g\",\"caption\":\"Amy Peters\"}}]}<\/script>\n<!-- \/ Yoast SEO plugin. -->","yoast_head_json":{"title":"\u00bfC\u00f3mo ha cambiado la COVID-19 el derecho de da\u00f1os personales?","description":"A pesar del cierre temporal de los bufetes debido a la COVID-19, los despachos de abogados de da\u00f1os personales como Abeyta Nelson Injury Law se est\u00e1n adaptando a las necesidades de los clientes mediante conferencias telef\u00f3nicas, Zoom y chat las 24 horas, los 7 d\u00edas de la semana.","robots":{"index":"index","follow":"follow","max-snippet":"max-snippet:-1","max-image-preview":"max-image-preview:large","max-video-preview":"max-video-preview:-1"},"canonical":"https:\/\/abeytanelson.com\/es\/como-ha-cambiado-la-covid-19-el-derecho-de-danos-personales\/","og_locale":"es_ES","og_type":"article","og_title":"\u00bfC\u00f3mo ha cambiado la COVID-19 el derecho de da\u00f1os personales?","og_description":"A pesar del cierre temporal de los bufetes debido a la COVID-19, los despachos de abogados de da\u00f1os personales como Abeyta Nelson Injury Law se est\u00e1n adaptando a las necesidades de los clientes mediante conferencias telef\u00f3nicas, Zoom y chat las 24 horas, los 7 d\u00edas de la semana.","og_url":"https:\/\/abeytanelson.com\/es\/como-ha-cambiado-la-covid-19-el-derecho-de-danos-personales\/","og_site_name":"Abeyta Nelson Injury Law","article_publisher":"https:\/\/www.facebook.com\/people\/Abeyta-Nelson-Injury-Law\/100063503115654\/","article_published_time":"2020-07-07T04:02:59+00:00","article_modified_time":"2026-03-11T02:36:51+00:00","og_image":[{"width":1275,"height":850,"url":"https:\/\/abeytanelson.com\/wp-content\/uploads\/2026\/02\/zoomcall.jpg","type":"image\/jpeg"}],"author":"Amy Peters","twitter_card":"summary_large_image","twitter_misc":{"Escrito por":"Amy Peters","Tiempo de lectura":"4 minutos"},"schema":{"@context":"https:\/\/schema.org","@graph":[{"@type":"Article","@id":"https:\/\/abeytanelson.com\/es\/como-ha-cambiado-la-covid-19-el-derecho-de-danos-personales\/#article","isPartOf":{"@id":"https:\/\/abeytanelson.com\/es\/como-ha-cambiado-la-covid-19-el-derecho-de-danos-personales\/"},"author":{"name":"Amy Peters","@id":"https:\/\/abeytanelson.com\/es\/#\/schema\/person\/f55d812d44d5e145ccb6cdb56c315563"},"headline":"\u00bfC\u00f3mo ha cambiado la COVID-19 el derecho de da\u00f1os personales?","datePublished":"2020-07-07T04:02:59+00:00","dateModified":"2026-03-11T02:36:51+00:00","mainEntityOfPage":{"@id":"https:\/\/abeytanelson.com\/es\/como-ha-cambiado-la-covid-19-el-derecho-de-danos-personales\/"},"wordCount":908,"commentCount":0,"publisher":{"@id":"https:\/\/abeytanelson.com\/es\/#organization"},"image":{"@id":"https:\/\/abeytanelson.com\/es\/como-ha-cambiado-la-covid-19-el-derecho-de-danos-personales\/#primaryimage"},"thumbnailUrl":"https:\/\/abeytanelson.com\/wp-content\/uploads\/2026\/02\/zoomcall.jpg","keywords":["Bufetes de abogados adapt\u00e1ndose a la COVID-19","Teleabogac\u00eda y COVID-19"],"articleSection":["C\u00f3mo gestionamos su caso","Lesiones personales"],"inLanguage":"es","potentialAction":[{"@type":"CommentAction","name":"Comment","target":["https:\/\/abeytanelson.com\/es\/como-ha-cambiado-la-covid-19-el-derecho-de-danos-personales\/#respond"]}]},{"@type":"WebPage","@id":"https:\/\/abeytanelson.com\/es\/como-ha-cambiado-la-covid-19-el-derecho-de-danos-personales\/","url":"https:\/\/abeytanelson.com\/es\/como-ha-cambiado-la-covid-19-el-derecho-de-danos-personales\/","name":"\u00bfC\u00f3mo ha cambiado la COVID-19 el derecho de da\u00f1os personales?","isPartOf":{"@id":"https:\/\/abeytanelson.com\/es\/#website"},"primaryImageOfPage":{"@id":"https:\/\/abeytanelson.com\/es\/como-ha-cambiado-la-covid-19-el-derecho-de-danos-personales\/#primaryimage"},"image":{"@id":"https:\/\/abeytanelson.com\/es\/como-ha-cambiado-la-covid-19-el-derecho-de-danos-personales\/#primaryimage"},"thumbnailUrl":"https:\/\/abeytanelson.com\/wp-content\/uploads\/2026\/02\/zoomcall.jpg","datePublished":"2020-07-07T04:02:59+00:00","dateModified":"2026-03-11T02:36:51+00:00","description":"A pesar del cierre temporal de los bufetes debido a la COVID-19, los despachos de abogados de da\u00f1os personales como Abeyta Nelson Injury Law se est\u00e1n adaptando a las necesidades de los clientes mediante conferencias telef\u00f3nicas, Zoom y chat las 24 horas, los 7 d\u00edas de la semana.","breadcrumb":{"@id":"https:\/\/abeytanelson.com\/es\/como-ha-cambiado-la-covid-19-el-derecho-de-danos-personales\/#breadcrumb"},"inLanguage":"es","potentialAction":[{"@type":"ReadAction","target":["https:\/\/abeytanelson.com\/es\/como-ha-cambiado-la-covid-19-el-derecho-de-danos-personales\/"]}]},{"@type":"ImageObject","inLanguage":"es","@id":"https:\/\/abeytanelson.com\/es\/como-ha-cambiado-la-covid-19-el-derecho-de-danos-personales\/#primaryimage","url":"https:\/\/abeytanelson.com\/wp-content\/uploads\/2026\/02\/zoomcall.jpg","contentUrl":"https:\/\/abeytanelson.com\/wp-content\/uploads\/2026\/02\/zoomcall.jpg","width":1275,"height":850,"caption":"Persona participando en una videoconferencia en un ordenador port\u00e1til con cuatro personas visibles en la pantalla, cada una en ventanas separadas."},{"@type":"BreadcrumbList","@id":"https:\/\/abeytanelson.com\/es\/como-ha-cambiado-la-covid-19-el-derecho-de-danos-personales\/#breadcrumb","itemListElement":[{"@type":"ListItem","position":1,"name":"Home","item":"https:\/\/abeytanelson.com\/es\/inicio\/"},{"@type":"ListItem","position":2,"name":"\u00bfC\u00f3mo ha cambiado la COVID-19 el derecho de da\u00f1os personales?"}]},{"@type":"WebSite","@id":"https:\/\/abeytanelson.com\/es\/#website","url":"https:\/\/abeytanelson.com\/es\/","name":"Abeyta Nelson Injury Law","description":"","publisher":{"@id":"https:\/\/abeytanelson.com\/es\/#organization"},"potentialAction":[{"@type":"SearchAction","target":{"@type":"EntryPoint","urlTemplate":"https:\/\/abeytanelson.com\/es\/?s={search_term_string}"},"query-input":{"@type":"PropertyValueSpecification","valueRequired":true,"valueName":"search_term_string"}}],"inLanguage":"es"},{"@type":"Organization","@id":"https:\/\/abeytanelson.com\/es\/#organization","name":"Abeyta Nelson Injury Law","url":"https:\/\/abeytanelson.com\/es\/","logo":{"@type":"ImageObject","inLanguage":"es","@id":"https:\/\/abeytanelson.com\/es\/#\/schema\/logo\/image\/","url":"https:\/\/abeytanelson.com\/wp-content\/uploads\/2020\/02\/new-Logo-container.svg","contentUrl":"https:\/\/abeytanelson.com\/wp-content\/uploads\/2020\/02\/new-Logo-container.svg","width":214,"height":67,"caption":"Abeyta Nelson Injury Law"},"image":{"@id":"https:\/\/abeytanelson.com\/es\/#\/schema\/logo\/image\/"},"sameAs":["https:\/\/www.facebook.com\/people\/Abeyta-Nelson-Injury-Law\/100063503115654\/","https:\/\/www.yelp.com\/biz\/abeyta-nelson-injury-law-yakima?osq=abeyta nelson injury law","https:\/\/www.instagram.com\/abeytanelsoninjurylaw\/","https:\/\/www.linkedin.com\/company\/abeyta-nelson-injury-law\/"]},{"@type":"Person","@id":"https:\/\/abeytanelson.com\/es\/#\/schema\/person\/f55d812d44d5e145ccb6cdb56c315563","name":"Amy Peters","image":{"@type":"ImageObject","inLanguage":"es","@id":"https:\/\/secure.gravatar.com\/avatar\/a306a7d05d32e4bb468c29a02ee46509c9da34f6dc6095577ca52ef4205e373d?s=96&d=mm&r=g","url":"https:\/\/secure.gravatar.com\/avatar\/a306a7d05d32e4bb468c29a02ee46509c9da34f6dc6095577ca52ef4205e373d?s=96&d=mm&r=g","contentUrl":"https:\/\/secure.gravatar.com\/avatar\/a306a7d05d32e4bb468c29a02ee46509c9da34f6dc6095577ca52ef4205e373d?s=96&d=mm&r=g","caption":"Amy Peters"}}]}},"_links":{"self":[{"href":"https:\/\/abeytanelson.com\/es\/wp-json\/wp\/v2\/posts\/10272","targetHints":{"allow":["GET"]}}],"collection":[{"href":"https:\/\/abeytanelson.com\/es\/wp-json\/wp\/v2\/posts"}],"about":[{"href":"https:\/\/abeytanelson.com\/es\/wp-json\/wp\/v2\/types\/post"}],"author":[{"embeddable":true,"href":"https:\/\/abeytanelson.com\/es\/wp-json\/wp\/v2\/users\/5"}],"replies":[{"embeddable":true,"href":"https:\/\/abeytanelson.com\/es\/wp-json\/wp\/v2\/comments?post=10272"}],"version-history":[{"count":1,"href":"https:\/\/abeytanelson.com\/es\/wp-json\/wp\/v2\/posts\/10272\/revisions"}],"predecessor-version":[{"id":10274,"href":"https:\/\/abeytanelson.com\/es\/wp-json\/wp\/v2\/posts\/10272\/revisions\/10274"}],"wp:featuredmedia":[{"embeddable":true,"href":"https:\/\/abeytanelson.com\/es\/wp-json\/wp\/v2\/media\/10273"}],"wp:attachment":[{"href":"https:\/\/abeytanelson.com\/es\/wp-json\/wp\/v2\/media?parent=10272"}],"wp:term":[{"taxonomy":"category","embeddable":true,"href":"https:\/\/abeytanelson.com\/es\/wp-json\/wp\/v2\/categories?post=10272"},{"taxonomy":"post_tag","embeddable":true,"href":"https:\/\/abeytanelson.com\/es\/wp-json\/wp\/v2\/tags?post=10272"}],"curies":[{"name":"wp","href":"https:\/\/api.w.org\/{rel}","templated":true}]}}