{"id":10286,"date":"2019-12-05T19:02:39","date_gmt":"2019-12-06T01:02:39","guid":{"rendered":"http:\/\/abeytanelson.com\/abeyta-nelson-resuelve-un-caso-de-accidente-de-coche-con-indemnizacion-record-de-625-m\/"},"modified":"2026-03-10T21:38:07","modified_gmt":"2026-03-11T02:38:07","slug":"abeyta-nelson-resuelve-un-caso-de-accidente-de-coche-con-indemnizacion-record-de-625-m","status":"publish","type":"post","link":"https:\/\/abeytanelson.com\/es\/abeyta-nelson-resuelve-un-caso-de-accidente-de-coche-con-indemnizacion-record-de-625-m\/","title":{"rendered":"Abeyta Nelson resuelve un caso de accidente de coche con indemnizaci\u00f3n r\u00e9cord de 6,25 M$"},"content":{"rendered":"\n<p style=\"text-align: left;\">La vida de una persona puede ponerse patas arriba en un solo instante.<\/p>\n\n\n<figure id=\"attachment_7488\" aria-describedby=\"caption-attachment-7488\" style=\"width: 300px\" class=\"wp-caption alignright\"><img fetchpriority=\"high\" decoding=\"async\" class=\"size-thumbnail wp-image-7488\" src=\"https:\/\/abeytanelson.com\/wp-content\/uploads\/2026\/02\/fam-portrait2-scaled.jpg\" alt=\"Abeyta Nelson Injury Law obtuvo la indemnizaci\u00f3n m\u00e1s alta de la historia del condado de Franklin para el cliente Shawn Clary y su familia.\" width=\"300\" height=\"300\"><figcaption id=\"caption-attachment-7488\" class=\"wp-caption-text\">Abeyta Nelson Injury Law obtuvo la indemnizaci\u00f3n m\u00e1s alta de la historia del condado de Franklin \u20146,25 M$\u2014 para el cliente Shawn Clary y su familia.<\/figcaption><\/figure>\n<p style=\"text-align: left;\">Nuestro cliente, Shawn Clary, de 46 a\u00f1os, vive en una peque\u00f1a finca cerca de Eltopia, un peque\u00f1o pueblo a las afueras de Pasco (Washington), con su esposa desde hace 16 a\u00f1os y su hijo adolescente. Hab\u00eda trabajado como electricista cualificado en The Tri-Cities durante 12 a\u00f1os. Su esposa, Tricia, trabaja como maestra de primaria.  <\/p>\n<p style=\"text-align: left;\">Sus vidas cambiaron en la madrugada del 6 de diciembre de 2016.<\/p>\n<p style=\"text-align: left;\">Nuestro cliente se dirig\u00eda al trabajo sobre las 6:30 a. m. Circulaba en direcci\u00f3n sur por la State Route 395 conduciendo un Ford Sport Trek de 2010 a la velocidad m\u00e1xima permitida de 60 mph. Todav\u00eda era de noche. <\/p>\n<p style=\"text-align: left;\">Al mismo tiempo, un <a class=\"wpil_keyword_link\" href=\"https:\/\/abeytanelson.com\/practice\/yakima-work-injury-lawyer\/\" target=\"_blank\" rel=\"noopener\" title=\"empleado\" data-wpil-keyword-link=\"linked\" data-wpil-monitor-id=\"915\">empleado<\/a> de una gran corporaci\u00f3n agr\u00edcola conduc\u00eda un cami\u00f3n cosechador de patatas que arrastraba un remolque de plataforma y circulaba hacia el este por una carretera del condado. El desempa\u00f1ador del parabrisas del cami\u00f3n no funcionaba. En lugar de limpiar la escarcha de las ventanillas, el conductor decidi\u00f3 intentar llegar al taller aunque no ve\u00eda bien a trav\u00e9s de las ventanillas.  <\/p>\n<p style=\"text-align: left;\">El conductor del cami\u00f3n se detuvo ante una se\u00f1al de stop en el cruce, mir\u00f3 para ver si ven\u00eda tr\u00e1fico por su izquierda, pero no pod\u00eda ver a trav\u00e9s del parabrisas muy escarchado. Se incorpor\u00f3 delante del coche de nuestro cliente. Nuestro cliente no tuvo tiempo de realizar ninguna maniobra evasiva.  <\/p>\n<p style=\"text-align: left;\"><a href=\"https:\/\/www.tri-cityherald.com\/news\/local\/crime\/article119301528.html\">Seg\u00fan inform\u00f3 el Tri-Cities Herald, se produjo una colisi\u00f3n terrible<\/a> cuando el coche compacto de nuestro cliente se estrell\u00f3 contra el lado del conductor del cami\u00f3n de patatas. El impacto impuls\u00f3 el coche de nuestro cliente a trav\u00e9s de dos carriles de tr\u00e1fico, cuesta abajo por un terrapl\u00e9n y hasta un campo. Su veh\u00edculo recorri\u00f3 m\u00e1s de 550 pies \u2014casi la longitud de dos campos de f\u00fatbol\u2014 desde el impacto antes de detenerse.  <\/p>\n<p style=\"text-align: left;\">Nuestro cliente qued\u00f3 atrapado dentro del metal aplastado de su coche. No pod\u00eda mover las piernas. Apenas pod\u00eda respirar. Los servicios de emergencia tuvieron que usar las mand\u00edbulas de la vida para sacarlo del amasijo de metal que antes era su coche. Milagrosamente, sobrevivi\u00f3.    <\/p>\n<p style=\"text-align: left;\">Una investigaci\u00f3n de la <a href=\"https:\/\/www.wsp.wa.gov\/\">Washington State Patrol<\/a> concluy\u00f3 que la causa de la colisi\u00f3n fue que el conductor del cami\u00f3n no cedi\u00f3 el paso. Fue sancionado por conducci\u00f3n negligente en segundo grado. Seg\u00fan la ley de Washington, su empleador era legalmente responsable de la negligencia del conductor, ya que estaba trabajando y dentro del \u00e1mbito de su empleo cuando se produjo la colisi\u00f3n.  <\/p>\n<p style=\"text-align: left;\">Nuestro cliente sufri\u00f3 m\u00faltiples lesiones que pusieron en peligro su vida, de la cabeza a los pies. Sus lesiones inclu\u00edan una lesi\u00f3n cerebral <a class=\"wpil_keyword_link\" href=\"https:\/\/abeytanelson.com\/practice\/brain-injury-lawyer-yakima\/\" target=\"_blank\" rel=\"noopener\" title=\"traum\u00e1tica\" data-wpil-keyword-link=\"linked\" data-wpil-monitor-id=\"905\">traum\u00e1tica<\/a>, seis fracturas de v\u00e9rtebras en la parte superior de la espalda, da\u00f1o nervioso que provoc\u00f3 ca\u00edda del pie izquierdo, fracturas en la mand\u00edbula inferior, en el hombro derecho dominante, en la rodilla derecha, en las costillas derechas, una perforaci\u00f3n intestinal y trastorno de estr\u00e9s postraum\u00e1tico. <\/p>\n<p style=\"text-align: left;\">El calvario m\u00e9dico de nuestro cliente incluy\u00f3 cirug\u00edas para colocar placas en la parte superior de la espalda y reparar el intestino desgarrado. Lamentablemente, desarroll\u00f3 una infecci\u00f3n tras la cirug\u00eda intestinal y tuvo que someterse a m\u00faltiples intervenciones para limpiar la infecci\u00f3n. <\/p>\n<p style=\"text-align: left;\">En total, estuvo hospitalizado 36 d\u00edas, se someti\u00f3 a 11 cirug\u00edas y tuvo que pasar 14 d\u00edas en rehabilitaci\u00f3n con ingreso.<\/p>\n<p style=\"text-align: left;\">A pesar de una atenci\u00f3n m\u00e9dica excelente, nuestro cliente qued\u00f3 con cierta p\u00e9rdida residual de sensibilidad por debajo de la l\u00ednea de los pezones, dolor cr\u00f3nico en la parte superior de la espalda, disminuci\u00f3n de la funci\u00f3n en la pierna izquierda y una ca\u00edda permanente del pie en el lado izquierdo, lo que requiere el uso de un bast\u00f3n de cuatro puntos y una ortesis de tobillo\/pie.<\/p>\n<p style=\"text-align: left;\">Sus gastos m\u00e9dicos anteriores superaron los 840.000 $, y necesitar\u00e1 un tratamiento futuro importante. Perdi\u00f3 muchos a\u00f1os de ingresos de m\u00e1s de 87.000 $ al a\u00f1o. <\/p>\n<p style=\"text-align: left;\">Lamentablemente, no pudo volver a trabajar como electricista sindical, pero espera mantenerse lo m\u00e1s activo posible en la peque\u00f1a granja familiar.<\/p>\n<p style=\"text-align: left;\">A pesar de todo, nuestro cliente est\u00e1 feliz de seguir con vida. Est\u00e1 inmensamente agradecido por la atenci\u00f3n m\u00e9dica que le permiti\u00f3 sobrevivir, por el amor y el apoyo de su esposa e hijo, de su familia y amigos, y por la gracia de poder disfrutar de las partes m\u00e1s valiosas de la vida y de cada d\u00eda tal como viene. <\/p>\n<p style=\"text-align: left;\">Nuestro cliente fue remitido a nosotros por un administrador escolar a quien su esposa conoc\u00eda y en quien confiaba. Pudimos conseguir para ellos un acuerdo que cubrir\u00e1 toda una vida de necesidades m\u00e9dicas futuras, reemplazar\u00e1 sus ingresos perdidos y proporcionar\u00e1 seguridad financiera para \u00e9l y su esposa. <\/p>\n<p style=\"text-align: left;\">El acuerdo es la indemnizaci\u00f3n por lesiones personales m\u00e1s alta en la historia del condado de Franklin. Trabajamos con la familia para garantizar que el acuerdo que recibieron les acompa\u00f1e durante toda su vida. <\/p>\n<p style=\"text-align: left;\">Mi equipo y yo nos sentimos inspirados por la enorme fortaleza de nuestro cliente y su familia. Les deseamos todo lo mejor. Fue un honor conocerles y ayudarles a atravesar un periodo tan dif\u00edcil de su vida.  <\/p>\n<p style=\"text-align: left;\"><a href=\"https:\/\/abeytanelson.com\/contact-yakima-injury-lawyer\/\">Si usted o un familiar ha sufrido lesiones catastr\u00f3ficas y necesita ayuda legal, ll\u00e1menos<\/a>. Hemos logrado las indemnizaciones por lesiones personales m\u00e1s altas en la historia de los condados de Yakima, Kittitas, Grant, Klickitat y, ahora, Franklin, ayudando a quienes m\u00e1s lo necesitan a retomar el rumbo de sus vidas. Nunca cobramos por hablar sobre su caso con Abeyta Nelson Injury Law, y no hay honorarios de abogado a menos que obtengamos una compensaci\u00f3n para usted.  <\/p>\n<p style=\"text-align: left;\"><em>-blog escrito por el abogado Terry Abeyta, Abeyta Nelson Injury Law<\/em><\/p>\n","protected":false},"excerpt":{"rendered":"<p>La vida de una persona puede ponerse patas arriba en un solo instante. Nuestro cliente, Shawn Clary, de 46 a\u00f1os, vive en una peque\u00f1a finca cerca de Eltopia, un peque\u00f1o pueblo a las afueras de Pasco (Washington), con su esposa desde hace 16 a\u00f1os y su hijo adolescente. Hab\u00eda trabajado como electricista cualificado en The [&hellip;]<\/p>\n","protected":false},"author":5,"featured_media":10287,"comment_status":"open","ping_status":"open","sticky":false,"template":"","format":"standard","meta":{"_acf_changed":false,"footnotes":""},"categories":[408],"tags":[644,421,642,641,643],"class_list":["post-10286","post","type-post","status-publish","format-standard","has-post-thumbnail","hentry","category-accidentes-de-coche-camion-y-motocicleta","tag-accidentes-con-camion-y-remolque","tag-accidentes-de-camiones","tag-colision-coche-camion","tag-indemnizacion-record-de-625-m","tag-la-indemnizacion-por-lesiones-personales-mas-alta-del-condado-de-franklin"],"acf":[],"yoast_head":"<!-- This site is optimized with the Yoast SEO plugin v27.3 - https:\/\/yoast.com\/product\/yoast-seo-wordpress\/ -->\n<title>\u00bfCu\u00e1nto vale un caso de accidente de coche en Washington?<\/title>\n<meta name=\"description\" content=\"Shawn Clary habla de su accidente de coche que puso en peligro su vida y de c\u00f3mo Abeyta Nelson Injury Law resolvi\u00f3 las complejas cuestiones de este caso r\u00e9cord.\" \/>\n<meta name=\"robots\" content=\"index, follow, max-snippet:-1, max-image-preview:large, max-video-preview:-1\" \/>\n<link rel=\"canonical\" href=\"https:\/\/abeytanelson.com\/es\/abeyta-nelson-resuelve-un-caso-de-accidente-de-coche-con-indemnizacion-record-de-625-m\/\" \/>\n<meta property=\"og:locale\" content=\"es_ES\" \/>\n<meta property=\"og:type\" content=\"article\" \/>\n<meta property=\"og:title\" content=\"\u00bfCu\u00e1nto vale un caso de accidente de coche en Washington?\" \/>\n<meta property=\"og:description\" content=\"Shawn Clary habla de su accidente de coche que puso en peligro su vida y de c\u00f3mo Abeyta Nelson Injury Law resolvi\u00f3 las complejas cuestiones de este caso r\u00e9cord.\" \/>\n<meta property=\"og:url\" content=\"https:\/\/abeytanelson.com\/es\/abeyta-nelson-resuelve-un-caso-de-accidente-de-coche-con-indemnizacion-record-de-625-m\/\" \/>\n<meta property=\"og:site_name\" content=\"Abeyta Nelson Injury Law\" \/>\n<meta property=\"article:publisher\" content=\"https:\/\/www.facebook.com\/people\/Abeyta-Nelson-Injury-Law\/100063503115654\/\" \/>\n<meta property=\"article:published_time\" content=\"2019-12-06T01:02:39+00:00\" \/>\n<meta property=\"article:modified_time\" content=\"2026-03-11T02:38:07+00:00\" \/>\n<meta property=\"og:image\" content=\"https:\/\/abeytanelson.com\/wp-content\/uploads\/2026\/02\/fam-portrait2-scaled.jpg\" \/>\n\t<meta property=\"og:image:width\" content=\"2560\" \/>\n\t<meta property=\"og:image:height\" content=\"2418\" \/>\n\t<meta property=\"og:image:type\" content=\"image\/jpeg\" \/>\n<meta name=\"author\" content=\"Amy Peters\" \/>\n<meta name=\"twitter:card\" content=\"summary_large_image\" \/>\n<meta name=\"twitter:label1\" content=\"Escrito por\" \/>\n\t<meta name=\"twitter:data1\" content=\"Amy Peters\" \/>\n\t<meta name=\"twitter:label2\" content=\"Tiempo de lectura\" \/>\n\t<meta name=\"twitter:data2\" content=\"5 minutos\" \/>\n<script type=\"application\/ld+json\" class=\"yoast-schema-graph\">{\"@context\":\"https:\\\/\\\/schema.org\",\"@graph\":[{\"@type\":\"Article\",\"@id\":\"https:\\\/\\\/abeytanelson.com\\\/es\\\/abeyta-nelson-resuelve-un-caso-de-accidente-de-coche-con-indemnizacion-record-de-625-m\\\/#article\",\"isPartOf\":{\"@id\":\"https:\\\/\\\/abeytanelson.com\\\/es\\\/abeyta-nelson-resuelve-un-caso-de-accidente-de-coche-con-indemnizacion-record-de-625-m\\\/\"},\"author\":{\"name\":\"Amy Peters\",\"@id\":\"https:\\\/\\\/abeytanelson.com\\\/es\\\/#\\\/schema\\\/person\\\/f55d812d44d5e145ccb6cdb56c315563\"},\"headline\":\"Abeyta Nelson resuelve un caso de accidente de coche con indemnizaci\u00f3n r\u00e9cord de 6,25 M$\",\"datePublished\":\"2019-12-06T01:02:39+00:00\",\"dateModified\":\"2026-03-11T02:38:07+00:00\",\"mainEntityOfPage\":{\"@id\":\"https:\\\/\\\/abeytanelson.com\\\/es\\\/abeyta-nelson-resuelve-un-caso-de-accidente-de-coche-con-indemnizacion-record-de-625-m\\\/\"},\"wordCount\":1053,\"commentCount\":0,\"publisher\":{\"@id\":\"https:\\\/\\\/abeytanelson.com\\\/es\\\/#organization\"},\"image\":{\"@id\":\"https:\\\/\\\/abeytanelson.com\\\/es\\\/abeyta-nelson-resuelve-un-caso-de-accidente-de-coche-con-indemnizacion-record-de-625-m\\\/#primaryimage\"},\"thumbnailUrl\":\"https:\\\/\\\/abeytanelson.com\\\/wp-content\\\/uploads\\\/2026\\\/02\\\/fam-portrait2-scaled.jpg\",\"keywords\":[\"accidentes con cami\u00f3n y remolque\",\"Accidentes de camiones\",\"colisi\u00f3n coche-cami\u00f3n\",\"Indemnizaci\u00f3n r\u00e9cord de 6,25 M$\",\"la indemnizaci\u00f3n por lesiones personales m\u00e1s alta del condado de Franklin\"],\"articleSection\":[\"Accidentes de coche, cami\u00f3n y motocicleta\"],\"inLanguage\":\"es\",\"potentialAction\":[{\"@type\":\"CommentAction\",\"name\":\"Comment\",\"target\":[\"https:\\\/\\\/abeytanelson.com\\\/es\\\/abeyta-nelson-resuelve-un-caso-de-accidente-de-coche-con-indemnizacion-record-de-625-m\\\/#respond\"]}]},{\"@type\":\"WebPage\",\"@id\":\"https:\\\/\\\/abeytanelson.com\\\/es\\\/abeyta-nelson-resuelve-un-caso-de-accidente-de-coche-con-indemnizacion-record-de-625-m\\\/\",\"url\":\"https:\\\/\\\/abeytanelson.com\\\/es\\\/abeyta-nelson-resuelve-un-caso-de-accidente-de-coche-con-indemnizacion-record-de-625-m\\\/\",\"name\":\"\u00bfCu\u00e1nto vale un caso de accidente de coche en Washington?\",\"isPartOf\":{\"@id\":\"https:\\\/\\\/abeytanelson.com\\\/es\\\/#website\"},\"primaryImageOfPage\":{\"@id\":\"https:\\\/\\\/abeytanelson.com\\\/es\\\/abeyta-nelson-resuelve-un-caso-de-accidente-de-coche-con-indemnizacion-record-de-625-m\\\/#primaryimage\"},\"image\":{\"@id\":\"https:\\\/\\\/abeytanelson.com\\\/es\\\/abeyta-nelson-resuelve-un-caso-de-accidente-de-coche-con-indemnizacion-record-de-625-m\\\/#primaryimage\"},\"thumbnailUrl\":\"https:\\\/\\\/abeytanelson.com\\\/wp-content\\\/uploads\\\/2026\\\/02\\\/fam-portrait2-scaled.jpg\",\"datePublished\":\"2019-12-06T01:02:39+00:00\",\"dateModified\":\"2026-03-11T02:38:07+00:00\",\"description\":\"Shawn Clary habla de su accidente de coche que puso en peligro su vida y de c\u00f3mo Abeyta Nelson Injury Law resolvi\u00f3 las complejas cuestiones de este caso r\u00e9cord.\",\"breadcrumb\":{\"@id\":\"https:\\\/\\\/abeytanelson.com\\\/es\\\/abeyta-nelson-resuelve-un-caso-de-accidente-de-coche-con-indemnizacion-record-de-625-m\\\/#breadcrumb\"},\"inLanguage\":\"es\",\"potentialAction\":[{\"@type\":\"ReadAction\",\"target\":[\"https:\\\/\\\/abeytanelson.com\\\/es\\\/abeyta-nelson-resuelve-un-caso-de-accidente-de-coche-con-indemnizacion-record-de-625-m\\\/\"]}]},{\"@type\":\"ImageObject\",\"inLanguage\":\"es\",\"@id\":\"https:\\\/\\\/abeytanelson.com\\\/es\\\/abeyta-nelson-resuelve-un-caso-de-accidente-de-coche-con-indemnizacion-record-de-625-m\\\/#primaryimage\",\"url\":\"https:\\\/\\\/abeytanelson.com\\\/wp-content\\\/uploads\\\/2026\\\/02\\\/fam-portrait2-scaled.jpg\",\"contentUrl\":\"https:\\\/\\\/abeytanelson.com\\\/wp-content\\\/uploads\\\/2026\\\/02\\\/fam-portrait2-scaled.jpg\",\"width\":2560,\"height\":2418,\"caption\":\"Tres personas est\u00e1n al aire libre sosteniendo un cartel que dice: \u00abSe le ha asignado esta monta\u00f1a para mostrar a otros que se puede mover\u00bb, simbolizando la resiliencia tras una colisi\u00f3n coche-cami\u00f3n.\"},{\"@type\":\"BreadcrumbList\",\"@id\":\"https:\\\/\\\/abeytanelson.com\\\/es\\\/abeyta-nelson-resuelve-un-caso-de-accidente-de-coche-con-indemnizacion-record-de-625-m\\\/#breadcrumb\",\"itemListElement\":[{\"@type\":\"ListItem\",\"position\":1,\"name\":\"Home\",\"item\":\"https:\\\/\\\/abeytanelson.com\\\/es\\\/inicio\\\/\"},{\"@type\":\"ListItem\",\"position\":2,\"name\":\"Abeyta Nelson resuelve un caso de accidente de coche con indemnizaci\u00f3n r\u00e9cord de 6,25 M$\"}]},{\"@type\":\"WebSite\",\"@id\":\"https:\\\/\\\/abeytanelson.com\\\/es\\\/#website\",\"url\":\"https:\\\/\\\/abeytanelson.com\\\/es\\\/\",\"name\":\"Abeyta Nelson Injury Law\",\"description\":\"\",\"publisher\":{\"@id\":\"https:\\\/\\\/abeytanelson.com\\\/es\\\/#organization\"},\"potentialAction\":[{\"@type\":\"SearchAction\",\"target\":{\"@type\":\"EntryPoint\",\"urlTemplate\":\"https:\\\/\\\/abeytanelson.com\\\/es\\\/?s={search_term_string}\"},\"query-input\":{\"@type\":\"PropertyValueSpecification\",\"valueRequired\":true,\"valueName\":\"search_term_string\"}}],\"inLanguage\":\"es\"},{\"@type\":\"Organization\",\"@id\":\"https:\\\/\\\/abeytanelson.com\\\/es\\\/#organization\",\"name\":\"Abeyta Nelson Injury Law\",\"url\":\"https:\\\/\\\/abeytanelson.com\\\/es\\\/\",\"logo\":{\"@type\":\"ImageObject\",\"inLanguage\":\"es\",\"@id\":\"https:\\\/\\\/abeytanelson.com\\\/es\\\/#\\\/schema\\\/logo\\\/image\\\/\",\"url\":\"https:\\\/\\\/abeytanelson.com\\\/wp-content\\\/uploads\\\/2020\\\/02\\\/new-Logo-container.svg\",\"contentUrl\":\"https:\\\/\\\/abeytanelson.com\\\/wp-content\\\/uploads\\\/2020\\\/02\\\/new-Logo-container.svg\",\"width\":214,\"height\":67,\"caption\":\"Abeyta Nelson Injury Law\"},\"image\":{\"@id\":\"https:\\\/\\\/abeytanelson.com\\\/es\\\/#\\\/schema\\\/logo\\\/image\\\/\"},\"sameAs\":[\"https:\\\/\\\/www.facebook.com\\\/people\\\/Abeyta-Nelson-Injury-Law\\\/100063503115654\\\/\",\"https:\\\/\\\/www.yelp.com\\\/biz\\\/abeyta-nelson-injury-law-yakima?osq=abeyta nelson injury law\",\"https:\\\/\\\/www.instagram.com\\\/abeytanelsoninjurylaw\\\/\",\"https:\\\/\\\/www.linkedin.com\\\/company\\\/abeyta-nelson-injury-law\\\/\"]},{\"@type\":\"Person\",\"@id\":\"https:\\\/\\\/abeytanelson.com\\\/es\\\/#\\\/schema\\\/person\\\/f55d812d44d5e145ccb6cdb56c315563\",\"name\":\"Amy Peters\",\"image\":{\"@type\":\"ImageObject\",\"inLanguage\":\"es\",\"@id\":\"https:\\\/\\\/secure.gravatar.com\\\/avatar\\\/a306a7d05d32e4bb468c29a02ee46509c9da34f6dc6095577ca52ef4205e373d?s=96&d=mm&r=g\",\"url\":\"https:\\\/\\\/secure.gravatar.com\\\/avatar\\\/a306a7d05d32e4bb468c29a02ee46509c9da34f6dc6095577ca52ef4205e373d?s=96&d=mm&r=g\",\"contentUrl\":\"https:\\\/\\\/secure.gravatar.com\\\/avatar\\\/a306a7d05d32e4bb468c29a02ee46509c9da34f6dc6095577ca52ef4205e373d?s=96&d=mm&r=g\",\"caption\":\"Amy Peters\"}}]}<\/script>\n<!-- \/ Yoast SEO plugin. -->","yoast_head_json":{"title":"\u00bfCu\u00e1nto vale un caso de accidente de coche en Washington?","description":"Shawn Clary habla de su accidente de coche que puso en peligro su vida y de c\u00f3mo Abeyta Nelson Injury Law resolvi\u00f3 las complejas cuestiones de este caso r\u00e9cord.","robots":{"index":"index","follow":"follow","max-snippet":"max-snippet:-1","max-image-preview":"max-image-preview:large","max-video-preview":"max-video-preview:-1"},"canonical":"https:\/\/abeytanelson.com\/es\/abeyta-nelson-resuelve-un-caso-de-accidente-de-coche-con-indemnizacion-record-de-625-m\/","og_locale":"es_ES","og_type":"article","og_title":"\u00bfCu\u00e1nto vale un caso de accidente de coche en Washington?","og_description":"Shawn Clary habla de su accidente de coche que puso en peligro su vida y de c\u00f3mo Abeyta Nelson Injury Law resolvi\u00f3 las complejas cuestiones de este caso r\u00e9cord.","og_url":"https:\/\/abeytanelson.com\/es\/abeyta-nelson-resuelve-un-caso-de-accidente-de-coche-con-indemnizacion-record-de-625-m\/","og_site_name":"Abeyta Nelson Injury Law","article_publisher":"https:\/\/www.facebook.com\/people\/Abeyta-Nelson-Injury-Law\/100063503115654\/","article_published_time":"2019-12-06T01:02:39+00:00","article_modified_time":"2026-03-11T02:38:07+00:00","og_image":[{"width":2560,"height":2418,"url":"https:\/\/abeytanelson.com\/wp-content\/uploads\/2026\/02\/fam-portrait2-scaled.jpg","type":"image\/jpeg"}],"author":"Amy Peters","twitter_card":"summary_large_image","twitter_misc":{"Escrito por":"Amy Peters","Tiempo de lectura":"5 minutos"},"schema":{"@context":"https:\/\/schema.org","@graph":[{"@type":"Article","@id":"https:\/\/abeytanelson.com\/es\/abeyta-nelson-resuelve-un-caso-de-accidente-de-coche-con-indemnizacion-record-de-625-m\/#article","isPartOf":{"@id":"https:\/\/abeytanelson.com\/es\/abeyta-nelson-resuelve-un-caso-de-accidente-de-coche-con-indemnizacion-record-de-625-m\/"},"author":{"name":"Amy Peters","@id":"https:\/\/abeytanelson.com\/es\/#\/schema\/person\/f55d812d44d5e145ccb6cdb56c315563"},"headline":"Abeyta Nelson resuelve un caso de accidente de coche con indemnizaci\u00f3n r\u00e9cord de 6,25 M$","datePublished":"2019-12-06T01:02:39+00:00","dateModified":"2026-03-11T02:38:07+00:00","mainEntityOfPage":{"@id":"https:\/\/abeytanelson.com\/es\/abeyta-nelson-resuelve-un-caso-de-accidente-de-coche-con-indemnizacion-record-de-625-m\/"},"wordCount":1053,"commentCount":0,"publisher":{"@id":"https:\/\/abeytanelson.com\/es\/#organization"},"image":{"@id":"https:\/\/abeytanelson.com\/es\/abeyta-nelson-resuelve-un-caso-de-accidente-de-coche-con-indemnizacion-record-de-625-m\/#primaryimage"},"thumbnailUrl":"https:\/\/abeytanelson.com\/wp-content\/uploads\/2026\/02\/fam-portrait2-scaled.jpg","keywords":["accidentes con cami\u00f3n y remolque","Accidentes de camiones","colisi\u00f3n coche-cami\u00f3n","Indemnizaci\u00f3n r\u00e9cord de 6,25 M$","la indemnizaci\u00f3n por lesiones personales m\u00e1s alta del condado de Franklin"],"articleSection":["Accidentes de coche, cami\u00f3n y motocicleta"],"inLanguage":"es","potentialAction":[{"@type":"CommentAction","name":"Comment","target":["https:\/\/abeytanelson.com\/es\/abeyta-nelson-resuelve-un-caso-de-accidente-de-coche-con-indemnizacion-record-de-625-m\/#respond"]}]},{"@type":"WebPage","@id":"https:\/\/abeytanelson.com\/es\/abeyta-nelson-resuelve-un-caso-de-accidente-de-coche-con-indemnizacion-record-de-625-m\/","url":"https:\/\/abeytanelson.com\/es\/abeyta-nelson-resuelve-un-caso-de-accidente-de-coche-con-indemnizacion-record-de-625-m\/","name":"\u00bfCu\u00e1nto vale un caso de accidente de coche en Washington?","isPartOf":{"@id":"https:\/\/abeytanelson.com\/es\/#website"},"primaryImageOfPage":{"@id":"https:\/\/abeytanelson.com\/es\/abeyta-nelson-resuelve-un-caso-de-accidente-de-coche-con-indemnizacion-record-de-625-m\/#primaryimage"},"image":{"@id":"https:\/\/abeytanelson.com\/es\/abeyta-nelson-resuelve-un-caso-de-accidente-de-coche-con-indemnizacion-record-de-625-m\/#primaryimage"},"thumbnailUrl":"https:\/\/abeytanelson.com\/wp-content\/uploads\/2026\/02\/fam-portrait2-scaled.jpg","datePublished":"2019-12-06T01:02:39+00:00","dateModified":"2026-03-11T02:38:07+00:00","description":"Shawn Clary habla de su accidente de coche que puso en peligro su vida y de c\u00f3mo Abeyta Nelson Injury Law resolvi\u00f3 las complejas cuestiones de este caso r\u00e9cord.","breadcrumb":{"@id":"https:\/\/abeytanelson.com\/es\/abeyta-nelson-resuelve-un-caso-de-accidente-de-coche-con-indemnizacion-record-de-625-m\/#breadcrumb"},"inLanguage":"es","potentialAction":[{"@type":"ReadAction","target":["https:\/\/abeytanelson.com\/es\/abeyta-nelson-resuelve-un-caso-de-accidente-de-coche-con-indemnizacion-record-de-625-m\/"]}]},{"@type":"ImageObject","inLanguage":"es","@id":"https:\/\/abeytanelson.com\/es\/abeyta-nelson-resuelve-un-caso-de-accidente-de-coche-con-indemnizacion-record-de-625-m\/#primaryimage","url":"https:\/\/abeytanelson.com\/wp-content\/uploads\/2026\/02\/fam-portrait2-scaled.jpg","contentUrl":"https:\/\/abeytanelson.com\/wp-content\/uploads\/2026\/02\/fam-portrait2-scaled.jpg","width":2560,"height":2418,"caption":"Tres personas est\u00e1n al aire libre sosteniendo un cartel que dice: \u00abSe le ha asignado esta monta\u00f1a para mostrar a otros que se puede mover\u00bb, simbolizando la resiliencia tras una colisi\u00f3n coche-cami\u00f3n."},{"@type":"BreadcrumbList","@id":"https:\/\/abeytanelson.com\/es\/abeyta-nelson-resuelve-un-caso-de-accidente-de-coche-con-indemnizacion-record-de-625-m\/#breadcrumb","itemListElement":[{"@type":"ListItem","position":1,"name":"Home","item":"https:\/\/abeytanelson.com\/es\/inicio\/"},{"@type":"ListItem","position":2,"name":"Abeyta Nelson resuelve un caso de accidente de coche con indemnizaci\u00f3n r\u00e9cord de 6,25 M$"}]},{"@type":"WebSite","@id":"https:\/\/abeytanelson.com\/es\/#website","url":"https:\/\/abeytanelson.com\/es\/","name":"Abeyta Nelson Injury Law","description":"","publisher":{"@id":"https:\/\/abeytanelson.com\/es\/#organization"},"potentialAction":[{"@type":"SearchAction","target":{"@type":"EntryPoint","urlTemplate":"https:\/\/abeytanelson.com\/es\/?s={search_term_string}"},"query-input":{"@type":"PropertyValueSpecification","valueRequired":true,"valueName":"search_term_string"}}],"inLanguage":"es"},{"@type":"Organization","@id":"https:\/\/abeytanelson.com\/es\/#organization","name":"Abeyta Nelson Injury Law","url":"https:\/\/abeytanelson.com\/es\/","logo":{"@type":"ImageObject","inLanguage":"es","@id":"https:\/\/abeytanelson.com\/es\/#\/schema\/logo\/image\/","url":"https:\/\/abeytanelson.com\/wp-content\/uploads\/2020\/02\/new-Logo-container.svg","contentUrl":"https:\/\/abeytanelson.com\/wp-content\/uploads\/2020\/02\/new-Logo-container.svg","width":214,"height":67,"caption":"Abeyta Nelson Injury Law"},"image":{"@id":"https:\/\/abeytanelson.com\/es\/#\/schema\/logo\/image\/"},"sameAs":["https:\/\/www.facebook.com\/people\/Abeyta-Nelson-Injury-Law\/100063503115654\/","https:\/\/www.yelp.com\/biz\/abeyta-nelson-injury-law-yakima?osq=abeyta nelson injury law","https:\/\/www.instagram.com\/abeytanelsoninjurylaw\/","https:\/\/www.linkedin.com\/company\/abeyta-nelson-injury-law\/"]},{"@type":"Person","@id":"https:\/\/abeytanelson.com\/es\/#\/schema\/person\/f55d812d44d5e145ccb6cdb56c315563","name":"Amy Peters","image":{"@type":"ImageObject","inLanguage":"es","@id":"https:\/\/secure.gravatar.com\/avatar\/a306a7d05d32e4bb468c29a02ee46509c9da34f6dc6095577ca52ef4205e373d?s=96&d=mm&r=g","url":"https:\/\/secure.gravatar.com\/avatar\/a306a7d05d32e4bb468c29a02ee46509c9da34f6dc6095577ca52ef4205e373d?s=96&d=mm&r=g","contentUrl":"https:\/\/secure.gravatar.com\/avatar\/a306a7d05d32e4bb468c29a02ee46509c9da34f6dc6095577ca52ef4205e373d?s=96&d=mm&r=g","caption":"Amy Peters"}}]}},"_links":{"self":[{"href":"https:\/\/abeytanelson.com\/es\/wp-json\/wp\/v2\/posts\/10286","targetHints":{"allow":["GET"]}}],"collection":[{"href":"https:\/\/abeytanelson.com\/es\/wp-json\/wp\/v2\/posts"}],"about":[{"href":"https:\/\/abeytanelson.com\/es\/wp-json\/wp\/v2\/types\/post"}],"author":[{"embeddable":true,"href":"https:\/\/abeytanelson.com\/es\/wp-json\/wp\/v2\/users\/5"}],"replies":[{"embeddable":true,"href":"https:\/\/abeytanelson.com\/es\/wp-json\/wp\/v2\/comments?post=10286"}],"version-history":[{"count":1,"href":"https:\/\/abeytanelson.com\/es\/wp-json\/wp\/v2\/posts\/10286\/revisions"}],"predecessor-version":[{"id":10288,"href":"https:\/\/abeytanelson.com\/es\/wp-json\/wp\/v2\/posts\/10286\/revisions\/10288"}],"wp:featuredmedia":[{"embeddable":true,"href":"https:\/\/abeytanelson.com\/es\/wp-json\/wp\/v2\/media\/10287"}],"wp:attachment":[{"href":"https:\/\/abeytanelson.com\/es\/wp-json\/wp\/v2\/media?parent=10286"}],"wp:term":[{"taxonomy":"category","embeddable":true,"href":"https:\/\/abeytanelson.com\/es\/wp-json\/wp\/v2\/categories?post=10286"},{"taxonomy":"post_tag","embeddable":true,"href":"https:\/\/abeytanelson.com\/es\/wp-json\/wp\/v2\/tags?post=10286"}],"curies":[{"name":"wp","href":"https:\/\/api.w.org\/{rel}","templated":true}]}}