{"id":10303,"date":"2019-06-10T16:18:20","date_gmt":"2019-06-10T21:18:20","guid":{"rendered":"http:\/\/abeytanelson.com\/otro-verano-con-humo-como-proteger-sus-bienes-durante-la-temporada-de-incendios-forestales\/"},"modified":"2026-03-10T21:39:10","modified_gmt":"2026-03-11T02:39:10","slug":"otro-verano-con-humo-como-proteger-sus-bienes-durante-la-temporada-de-incendios-forestales","status":"publish","type":"post","link":"https:\/\/abeytanelson.com\/es\/otro-verano-con-humo-como-proteger-sus-bienes-durante-la-temporada-de-incendios-forestales\/","title":{"rendered":"\u00bfOtro verano con humo? C\u00f3mo proteger sus bienes durante la temporada de incendios forestales"},"content":{"rendered":"\n<p style=\"text-align: left;\">Los incendios forestales son ya habituales en Washington, comenzando tan pronto como en abril y prolong\u00e1ndose hasta mediados de octubre. Muchos bomberos se sorprendieron cuando <a href=\"https:\/\/crosscut.com\/2019\/04\/wa-already-burning-and-could-mean-another-smoky-summer\">este a\u00f1o se declararon m\u00e1s de 50 incendios forestales en marzo<\/a> en el normalmente h\u00famedo oeste de Washington. Aunque muchos de los incendios se producen en terrenos p\u00fablicos, nuestro estado est\u00e1 experimentando m\u00e1s incendios que tambi\u00e9n afectan a propiedades privadas. M\u00e1s terrenos y propietarios han visto sus bienes destruidos o gravemente da\u00f1ados por el fuego. Algunos de estos incendios tienen causas naturales, como los rayos. Sin embargo, muchos de los incendios son provocados por el ser humano. Los propietarios que hayan sufrido da\u00f1os por incendios provocados por el ser humano pueden tener reclamaciones viables contra los responsables de iniciarlos. <a href=\"https:\/\/abeytanelson.com\/practice\/wildfire-lawyer-central-washington\/\">Abeyta Nelson Injury Law<\/a> ha representado con \u00e9xito a m\u00e1s de 250 propietarios para obtener una indemnizaci\u00f3n por los da\u00f1os causados por incendios forestales provocados por el ser humano.      <\/p>\n<p style=\"text-align: left;\">Un propietario cuya propiedad haya resultado da\u00f1ada por un incendio forestal tiene derecho a reclamar sus p\u00e9rdidas. Esto incluir\u00eda los <a class=\"wpil_keyword_link\" href=\"https:\/\/abeytanelson.com\/types-damages-can-recovered-personal-injury-suit\/\" target=\"_blank\" rel=\"noopener\" title=\"da\u00f1os\" data-wpil-keyword-link=\"linked\" data-wpil-monitor-id=\"955\">da\u00f1os<\/a> en cualquier estructura de su propiedad, como viviendas, garajes, graneros y otras construcciones auxiliares. Cuando un propietario no tiene seguro sobre las estructuras destruidas por el fuego, el propietario tiene derecho a reclamar el valor justo de mercado de la estructura. Si la estructura est\u00e1 da\u00f1ada, pero no destruida por el fuego, el propietario tiene derecho a reclamar el coste de reparaci\u00f3n de la estructura. Cuando un propietario tiene un <a href=\"https:\/\/abeytanelson.com\/if-youre-hurt-due-to-the-fault-of-a-family-member\/\" data-wpil-monitor-id=\"521\">seguro<\/a> insuficiente sobre una estructura da\u00f1ada por el fuego, el propietario tiene derecho a reclamar la diferencia entre el valor justo de mercado de la estructura y el importe realmente cubierto por la compa\u00f1\u00eda aseguradora del propietario. El valor justo de mercado de una estructura puede determinarlo un tasador. Esto se logra examinando fotograf\u00edas de la estructura antes del incendio, revisando documentaci\u00f3n sobre el tama\u00f1o y la calidad de la estructura, considerando la antig\u00fcedad de la estructura y buscando precios de venta de estructuras comparables en el mismo mercado. El valor fiscal de la estructura no es el valor definitivo, aunque puede ser un factor que un tasador tenga en cuenta.       <\/p>\n<p style=\"text-align: left;\">Los incendios destruyen no solo las viviendas, sino tambi\u00e9n su contenido. Los incendios destruyen no solo los garajes, sino tambi\u00e9n su contenido. Las v\u00edctimas de <a href=\"https:\/\/abeytanelson.com\/preparing-for-washington-wildfire-season-yakima-wildland-fire-attorneys\/\" data-wpil-monitor-id=\"522\">incendios forestales<\/a> tienen derecho a reclamar por la p\u00e9rdida de sus bienes en sus viviendas y garajes. Si se trata de una p\u00e9rdida total, entonces el propietario tiene derecho a reclamar el valor justo de mercado del contenido de sus viviendas y garajes. Esto no es necesariamente el coste de reposici\u00f3n de los bienes, aunque el coste de reposici\u00f3n puede ser un punto de partida para valorar la p\u00e9rdida de estos bienes. Una de las tareas m\u00e1s importantes asignadas a las v\u00edctimas de incendios es preparar una lista de todo el contenido de sus viviendas o garajes. Si vive en una zona propensa a incendios forestales, puede ayudarse enormemente en esta tarea tomando fotograf\u00edas de cada habitaci\u00f3n, armario y caj\u00f3n de su vivienda y garaje. Esto no solo documenta lo que hay en su vivienda, sino que tambi\u00e9n ayuda a las v\u00edctimas a recordar cada art\u00edculo que se ha perdido. A veces es necesario <a href=\"https:\/\/abeytanelson.com\/employment-yakima-ellensburg-sunnyside\/\" data-wpil-monitor-id=\"523\">contratar<\/a> tasadores p\u00fablicos para asignar un valor a cada bien perdido en una vivienda o garaje. Si hay antig\u00fcedades, se puede contratar a un anticuario para que revise fotograf\u00edas y descripciones de los bienes perdidos a fin de determinar su valor.         <\/p>\n<p style=\"text-align: left;\">Uno de los tipos de bienes m\u00e1s dif\u00edciles de valorar es la p\u00e9rdida de art\u00edculos con un valor especial para el propietario, como reliquias familiares, fotograf\u00edas familiares y recuerdos. Estos art\u00edculos no tienen un valor justo de mercado y no son reemplazables. Seg\u00fan la legislaci\u00f3n de Washington, el propietario no tiene derecho a un valor caprichoso, pero s\u00ed a un valor razonable de estos art\u00edculos especiales, dado su significado para el propietario y el valor que otras personas de la comunidad podr\u00edan atribuir a dichos art\u00edculos.  <\/p>\n<p style=\"text-align: left;\">Adem\u00e1s de la p\u00e9rdida de estructuras y bienes, con frecuencia se producen da\u00f1os en zonas boscosas y praderas. Seg\u00fan la <a href=\"https:\/\/app.leg.wa.gov\/RCW\/default.aspx?cite=4.24.630\">legislaci\u00f3n de Washington<\/a>, una v\u00edctima de un incendio tiene derecho a (1) la disminuci\u00f3n del valor de su inmueble causada por el incendio, o (2) el coste de restauraci\u00f3n de su propiedad. En el caso de los bosques, esto puede ser con frecuencia la mayor parte de la reclamaci\u00f3n de una v\u00edctima de incendio. A menudo es necesario contratar a arboristas para documentar el tipo y la cantidad de \u00e1rboles perdidos y determinar el coste de replantaci\u00f3n y restauraci\u00f3n del bosque. En el caso de las praderas, con frecuencia es necesario contratar a un experto para determinar el coste de resiembra y restauraci\u00f3n de las praderas, incluido el coste de erradicaci\u00f3n de malas hierbas invasoras. <a href=\"https:\/\/abeytanelson.com\/memories-taylor-bridge-fire-still-burn-cle-elum-couple\/\" data-wpil-monitor-id=\"524\">Los incendios tambi\u00e9n pueden arder<\/a> con tanta intensidad que el terreno queda expuesto a una erosi\u00f3n significativa antes de que pueda llevarse a cabo la replantaci\u00f3n y la resiembra. Esto es especialmente cierto si hay cursos de agua en el terreno. Las actividades de extinci\u00f3n en el terreno tambi\u00e9n pueden destruir la cobertura y exponer el terreno a una erosi\u00f3n futura. Una vez m\u00e1s, es necesario contratar a un experto para determinar el coste de las medidas necesarias para mitigar la erosi\u00f3n causada por el incendio.       <\/p>\n<p style=\"text-align: left;\">Por \u00faltimo, es importante no olvidar el potencialmente devastador <a href=\"https:\/\/abeytanelson.com\/its-all-in-your-head-the-emotional-impact-of-car-accidents\/\" data-wpil-monitor-id=\"525\">impacto emocional<\/a> que los incendios pueden tener en las personas. La legislaci\u00f3n de Washington permite reclamar da\u00f1os por angustia emocional en algunos supuestos, especialmente cuando el propietario ha vivido el incendio de primera mano y ha estado personalmente en peligro por ello. <\/p>\n\n<h2>Contrate a nuestros abogados de lesiones personales en Yakima<\/h2>\n<p style=\"text-align: left;\"><a href=\"https:\/\/abeytanelson.com\/faqs\/why-abeyta-nelson\/\" data-wpil-monitor-id=\"526\">Abeyta Nelson<\/a> ha contratado a numerosos expertos en sus esfuerzos por lograr una recuperaci\u00f3n \u00edntegra para las v\u00edctimas de da\u00f1os por incendios, y hemos trabajado con esos expertos para obtener descripciones completas de las p\u00e9rdidas por incendio y una indemnizaci\u00f3n adecuada por dichas p\u00e9rdidas. <a href=\"https:\/\/abeytanelson.com\/contact-yakima-injury-lawyer\/\">Llame hoy a nuestra oficina<\/a> para hablar sobre su caso de incendio forestal.<\/p>\n<p style=\"text-align: left;\"><em>-blog escrito por el <a href=\"https:\/\/abeytanelson.com\/our-attorneys-yakima-ellensburg-sunnyside\/\" data-wpil-monitor-id=\"527\">abogado<\/a> Rod Nelson, Abeyta Nelson Injury Law<\/em><\/p>\n","protected":false},"excerpt":{"rendered":"<p>Los incendios forestales son ya habituales en Washington, comenzando tan pronto como en abril y prolong\u00e1ndose hasta mediados de octubre. Muchos bomberos se sorprendieron cuando este a\u00f1o se declararon m\u00e1s de 50 incendios forestales en marzo en el normalmente h\u00famedo oeste de Washington. Aunque muchos de los incendios se producen en terrenos p\u00fablicos, nuestro estado [&hellip;]<\/p>\n","protected":false},"author":5,"featured_media":10304,"comment_status":"open","ping_status":"open","sticky":false,"template":"","format":"standard","meta":{"_acf_changed":false,"footnotes":""},"categories":[436],"tags":[657,499,498,658],"class_list":["post-10303","post","type-post","status-publish","format-standard","has-post-thumbnail","hentry","category-incendios-forestales","tag-abogados-de-incendios-forestales","tag-abogados-de-incendios-forestales-del-estado-de-washington","tag-incendios-forestales-provocados-por-el-hombre","tag-indemnizacion-por-danos-de-incendios-forestales"],"acf":[],"yoast_head":"<!-- This site is optimized with the Yoast SEO plugin v27.3 - https:\/\/yoast.com\/product\/yoast-seo-wordpress\/ -->\n<title>C\u00f3mo proteger sus bienes durante la temporada de incendios forestales en Washington<\/title>\n<meta name=\"description\" content=\"El abogado Rod Nelson explica c\u00f3mo Abeyta Nelson Injury Law ha representado a 250 propietarios para obtener una indemnizaci\u00f3n por los da\u00f1os causados por incendios forestales provocados por el ser humano.\" \/>\n<meta name=\"robots\" content=\"index, follow, max-snippet:-1, max-image-preview:large, max-video-preview:-1\" \/>\n<link rel=\"canonical\" href=\"https:\/\/abeytanelson.com\/es\/otro-verano-con-humo-como-proteger-sus-bienes-durante-la-temporada-de-incendios-forestales\/\" \/>\n<meta property=\"og:locale\" content=\"es_ES\" \/>\n<meta property=\"og:type\" content=\"article\" \/>\n<meta property=\"og:title\" content=\"C\u00f3mo proteger sus bienes durante la temporada de incendios forestales en Washington\" \/>\n<meta property=\"og:description\" content=\"El abogado Rod Nelson explica c\u00f3mo Abeyta Nelson Injury Law ha representado a 250 propietarios para obtener una indemnizaci\u00f3n por los da\u00f1os causados por incendios forestales provocados por el ser humano.\" \/>\n<meta property=\"og:url\" content=\"https:\/\/abeytanelson.com\/es\/otro-verano-con-humo-como-proteger-sus-bienes-durante-la-temporada-de-incendios-forestales\/\" \/>\n<meta property=\"og:site_name\" content=\"Abeyta Nelson Injury Law\" \/>\n<meta property=\"article:publisher\" content=\"https:\/\/www.facebook.com\/people\/Abeyta-Nelson-Injury-Law\/100063503115654\/\" \/>\n<meta property=\"article:published_time\" content=\"2019-06-10T21:18:20+00:00\" \/>\n<meta property=\"article:modified_time\" content=\"2026-03-11T02:39:10+00:00\" \/>\n<meta name=\"author\" content=\"Amy Peters\" \/>\n<meta name=\"twitter:card\" content=\"summary_large_image\" \/>\n<meta name=\"twitter:label1\" content=\"Escrito por\" \/>\n\t<meta name=\"twitter:data1\" content=\"Amy Peters\" \/>\n\t<meta name=\"twitter:label2\" content=\"Tiempo de lectura\" \/>\n\t<meta name=\"twitter:data2\" content=\"5 minutos\" \/>\n<script type=\"application\/ld+json\" class=\"yoast-schema-graph\">{\"@context\":\"https:\\\/\\\/schema.org\",\"@graph\":[{\"@type\":\"Article\",\"@id\":\"https:\\\/\\\/abeytanelson.com\\\/es\\\/otro-verano-con-humo-como-proteger-sus-bienes-durante-la-temporada-de-incendios-forestales\\\/#article\",\"isPartOf\":{\"@id\":\"https:\\\/\\\/abeytanelson.com\\\/es\\\/otro-verano-con-humo-como-proteger-sus-bienes-durante-la-temporada-de-incendios-forestales\\\/\"},\"author\":{\"name\":\"Amy Peters\",\"@id\":\"https:\\\/\\\/abeytanelson.com\\\/es\\\/#\\\/schema\\\/person\\\/f55d812d44d5e145ccb6cdb56c315563\"},\"headline\":\"\u00bfOtro verano con humo? C\u00f3mo proteger sus bienes durante la temporada de incendios forestales\",\"datePublished\":\"2019-06-10T21:18:20+00:00\",\"dateModified\":\"2026-03-11T02:39:10+00:00\",\"mainEntityOfPage\":{\"@id\":\"https:\\\/\\\/abeytanelson.com\\\/es\\\/otro-verano-con-humo-como-proteger-sus-bienes-durante-la-temporada-de-incendios-forestales\\\/\"},\"wordCount\":1106,\"commentCount\":0,\"publisher\":{\"@id\":\"https:\\\/\\\/abeytanelson.com\\\/es\\\/#organization\"},\"image\":{\"@id\":\"https:\\\/\\\/abeytanelson.com\\\/es\\\/otro-verano-con-humo-como-proteger-sus-bienes-durante-la-temporada-de-incendios-forestales\\\/#primaryimage\"},\"thumbnailUrl\":\"https:\\\/\\\/abeytanelson.com\\\/wp-content\\\/uploads\\\/2026\\\/02\\\/washington-wildfire-personal-injury-7-jpg.avif\",\"keywords\":[\"Abogados de incendios forestales\",\"abogados de incendios forestales del estado de Washington\",\"incendios forestales provocados por el hombre\",\"indemnizaci\u00f3n por da\u00f1os de incendios forestales\"],\"articleSection\":[\"Incendios forestales\"],\"inLanguage\":\"es\",\"potentialAction\":[{\"@type\":\"CommentAction\",\"name\":\"Comment\",\"target\":[\"https:\\\/\\\/abeytanelson.com\\\/es\\\/otro-verano-con-humo-como-proteger-sus-bienes-durante-la-temporada-de-incendios-forestales\\\/#respond\"]}]},{\"@type\":\"WebPage\",\"@id\":\"https:\\\/\\\/abeytanelson.com\\\/es\\\/otro-verano-con-humo-como-proteger-sus-bienes-durante-la-temporada-de-incendios-forestales\\\/\",\"url\":\"https:\\\/\\\/abeytanelson.com\\\/es\\\/otro-verano-con-humo-como-proteger-sus-bienes-durante-la-temporada-de-incendios-forestales\\\/\",\"name\":\"C\u00f3mo proteger sus bienes durante la temporada de incendios forestales en Washington\",\"isPartOf\":{\"@id\":\"https:\\\/\\\/abeytanelson.com\\\/es\\\/#website\"},\"primaryImageOfPage\":{\"@id\":\"https:\\\/\\\/abeytanelson.com\\\/es\\\/otro-verano-con-humo-como-proteger-sus-bienes-durante-la-temporada-de-incendios-forestales\\\/#primaryimage\"},\"image\":{\"@id\":\"https:\\\/\\\/abeytanelson.com\\\/es\\\/otro-verano-con-humo-como-proteger-sus-bienes-durante-la-temporada-de-incendios-forestales\\\/#primaryimage\"},\"thumbnailUrl\":\"https:\\\/\\\/abeytanelson.com\\\/wp-content\\\/uploads\\\/2026\\\/02\\\/washington-wildfire-personal-injury-7-jpg.avif\",\"datePublished\":\"2019-06-10T21:18:20+00:00\",\"dateModified\":\"2026-03-11T02:39:10+00:00\",\"description\":\"El abogado Rod Nelson explica c\u00f3mo Abeyta Nelson Injury Law ha representado a 250 propietarios para obtener una indemnizaci\u00f3n por los da\u00f1os causados por incendios forestales provocados por el ser humano.\",\"breadcrumb\":{\"@id\":\"https:\\\/\\\/abeytanelson.com\\\/es\\\/otro-verano-con-humo-como-proteger-sus-bienes-durante-la-temporada-de-incendios-forestales\\\/#breadcrumb\"},\"inLanguage\":\"es\",\"potentialAction\":[{\"@type\":\"ReadAction\",\"target\":[\"https:\\\/\\\/abeytanelson.com\\\/es\\\/otro-verano-con-humo-como-proteger-sus-bienes-durante-la-temporada-de-incendios-forestales\\\/\"]}]},{\"@type\":\"ImageObject\",\"inLanguage\":\"es\",\"@id\":\"https:\\\/\\\/abeytanelson.com\\\/es\\\/otro-verano-con-humo-como-proteger-sus-bienes-durante-la-temporada-de-incendios-forestales\\\/#primaryimage\",\"url\":\"https:\\\/\\\/abeytanelson.com\\\/wp-content\\\/uploads\\\/2026\\\/02\\\/washington-wildfire-personal-injury-7-jpg.avif\",\"contentUrl\":\"https:\\\/\\\/abeytanelson.com\\\/wp-content\\\/uploads\\\/2026\\\/02\\\/washington-wildfire-personal-injury-7-jpg.avif\",\"width\":1920,\"height\":1080,\"caption\":\"lesiones personales por incendios forestales en Washington (7)\"},{\"@type\":\"BreadcrumbList\",\"@id\":\"https:\\\/\\\/abeytanelson.com\\\/es\\\/otro-verano-con-humo-como-proteger-sus-bienes-durante-la-temporada-de-incendios-forestales\\\/#breadcrumb\",\"itemListElement\":[{\"@type\":\"ListItem\",\"position\":1,\"name\":\"Home\",\"item\":\"https:\\\/\\\/abeytanelson.com\\\/es\\\/inicio\\\/\"},{\"@type\":\"ListItem\",\"position\":2,\"name\":\"\u00bfOtro verano con humo? C\u00f3mo proteger sus bienes durante la temporada de incendios forestales\"}]},{\"@type\":\"WebSite\",\"@id\":\"https:\\\/\\\/abeytanelson.com\\\/es\\\/#website\",\"url\":\"https:\\\/\\\/abeytanelson.com\\\/es\\\/\",\"name\":\"Abeyta Nelson Injury Law\",\"description\":\"\",\"publisher\":{\"@id\":\"https:\\\/\\\/abeytanelson.com\\\/es\\\/#organization\"},\"potentialAction\":[{\"@type\":\"SearchAction\",\"target\":{\"@type\":\"EntryPoint\",\"urlTemplate\":\"https:\\\/\\\/abeytanelson.com\\\/es\\\/?s={search_term_string}\"},\"query-input\":{\"@type\":\"PropertyValueSpecification\",\"valueRequired\":true,\"valueName\":\"search_term_string\"}}],\"inLanguage\":\"es\"},{\"@type\":\"Organization\",\"@id\":\"https:\\\/\\\/abeytanelson.com\\\/es\\\/#organization\",\"name\":\"Abeyta Nelson Injury Law\",\"url\":\"https:\\\/\\\/abeytanelson.com\\\/es\\\/\",\"logo\":{\"@type\":\"ImageObject\",\"inLanguage\":\"es\",\"@id\":\"https:\\\/\\\/abeytanelson.com\\\/es\\\/#\\\/schema\\\/logo\\\/image\\\/\",\"url\":\"https:\\\/\\\/abeytanelson.com\\\/wp-content\\\/uploads\\\/2020\\\/02\\\/new-Logo-container.svg\",\"contentUrl\":\"https:\\\/\\\/abeytanelson.com\\\/wp-content\\\/uploads\\\/2020\\\/02\\\/new-Logo-container.svg\",\"width\":214,\"height\":67,\"caption\":\"Abeyta Nelson Injury Law\"},\"image\":{\"@id\":\"https:\\\/\\\/abeytanelson.com\\\/es\\\/#\\\/schema\\\/logo\\\/image\\\/\"},\"sameAs\":[\"https:\\\/\\\/www.facebook.com\\\/people\\\/Abeyta-Nelson-Injury-Law\\\/100063503115654\\\/\",\"https:\\\/\\\/www.yelp.com\\\/biz\\\/abeyta-nelson-injury-law-yakima?osq=abeyta nelson injury law\",\"https:\\\/\\\/www.instagram.com\\\/abeytanelsoninjurylaw\\\/\",\"https:\\\/\\\/www.linkedin.com\\\/company\\\/abeyta-nelson-injury-law\\\/\"]},{\"@type\":\"Person\",\"@id\":\"https:\\\/\\\/abeytanelson.com\\\/es\\\/#\\\/schema\\\/person\\\/f55d812d44d5e145ccb6cdb56c315563\",\"name\":\"Amy Peters\",\"image\":{\"@type\":\"ImageObject\",\"inLanguage\":\"es\",\"@id\":\"https:\\\/\\\/secure.gravatar.com\\\/avatar\\\/a306a7d05d32e4bb468c29a02ee46509c9da34f6dc6095577ca52ef4205e373d?s=96&d=mm&r=g\",\"url\":\"https:\\\/\\\/secure.gravatar.com\\\/avatar\\\/a306a7d05d32e4bb468c29a02ee46509c9da34f6dc6095577ca52ef4205e373d?s=96&d=mm&r=g\",\"contentUrl\":\"https:\\\/\\\/secure.gravatar.com\\\/avatar\\\/a306a7d05d32e4bb468c29a02ee46509c9da34f6dc6095577ca52ef4205e373d?s=96&d=mm&r=g\",\"caption\":\"Amy Peters\"}}]}<\/script>\n<!-- \/ Yoast SEO plugin. -->","yoast_head_json":{"title":"C\u00f3mo proteger sus bienes durante la temporada de incendios forestales en Washington","description":"El abogado Rod Nelson explica c\u00f3mo Abeyta Nelson Injury Law ha representado a 250 propietarios para obtener una indemnizaci\u00f3n por los da\u00f1os causados por incendios forestales provocados por el ser humano.","robots":{"index":"index","follow":"follow","max-snippet":"max-snippet:-1","max-image-preview":"max-image-preview:large","max-video-preview":"max-video-preview:-1"},"canonical":"https:\/\/abeytanelson.com\/es\/otro-verano-con-humo-como-proteger-sus-bienes-durante-la-temporada-de-incendios-forestales\/","og_locale":"es_ES","og_type":"article","og_title":"C\u00f3mo proteger sus bienes durante la temporada de incendios forestales en Washington","og_description":"El abogado Rod Nelson explica c\u00f3mo Abeyta Nelson Injury Law ha representado a 250 propietarios para obtener una indemnizaci\u00f3n por los da\u00f1os causados por incendios forestales provocados por el ser humano.","og_url":"https:\/\/abeytanelson.com\/es\/otro-verano-con-humo-como-proteger-sus-bienes-durante-la-temporada-de-incendios-forestales\/","og_site_name":"Abeyta Nelson Injury Law","article_publisher":"https:\/\/www.facebook.com\/people\/Abeyta-Nelson-Injury-Law\/100063503115654\/","article_published_time":"2019-06-10T21:18:20+00:00","article_modified_time":"2026-03-11T02:39:10+00:00","author":"Amy Peters","twitter_card":"summary_large_image","twitter_misc":{"Escrito por":"Amy Peters","Tiempo de lectura":"5 minutos"},"schema":{"@context":"https:\/\/schema.org","@graph":[{"@type":"Article","@id":"https:\/\/abeytanelson.com\/es\/otro-verano-con-humo-como-proteger-sus-bienes-durante-la-temporada-de-incendios-forestales\/#article","isPartOf":{"@id":"https:\/\/abeytanelson.com\/es\/otro-verano-con-humo-como-proteger-sus-bienes-durante-la-temporada-de-incendios-forestales\/"},"author":{"name":"Amy Peters","@id":"https:\/\/abeytanelson.com\/es\/#\/schema\/person\/f55d812d44d5e145ccb6cdb56c315563"},"headline":"\u00bfOtro verano con humo? C\u00f3mo proteger sus bienes durante la temporada de incendios forestales","datePublished":"2019-06-10T21:18:20+00:00","dateModified":"2026-03-11T02:39:10+00:00","mainEntityOfPage":{"@id":"https:\/\/abeytanelson.com\/es\/otro-verano-con-humo-como-proteger-sus-bienes-durante-la-temporada-de-incendios-forestales\/"},"wordCount":1106,"commentCount":0,"publisher":{"@id":"https:\/\/abeytanelson.com\/es\/#organization"},"image":{"@id":"https:\/\/abeytanelson.com\/es\/otro-verano-con-humo-como-proteger-sus-bienes-durante-la-temporada-de-incendios-forestales\/#primaryimage"},"thumbnailUrl":"https:\/\/abeytanelson.com\/wp-content\/uploads\/2026\/02\/washington-wildfire-personal-injury-7-jpg.avif","keywords":["Abogados de incendios forestales","abogados de incendios forestales del estado de Washington","incendios forestales provocados por el hombre","indemnizaci\u00f3n por da\u00f1os de incendios forestales"],"articleSection":["Incendios forestales"],"inLanguage":"es","potentialAction":[{"@type":"CommentAction","name":"Comment","target":["https:\/\/abeytanelson.com\/es\/otro-verano-con-humo-como-proteger-sus-bienes-durante-la-temporada-de-incendios-forestales\/#respond"]}]},{"@type":"WebPage","@id":"https:\/\/abeytanelson.com\/es\/otro-verano-con-humo-como-proteger-sus-bienes-durante-la-temporada-de-incendios-forestales\/","url":"https:\/\/abeytanelson.com\/es\/otro-verano-con-humo-como-proteger-sus-bienes-durante-la-temporada-de-incendios-forestales\/","name":"C\u00f3mo proteger sus bienes durante la temporada de incendios forestales en Washington","isPartOf":{"@id":"https:\/\/abeytanelson.com\/es\/#website"},"primaryImageOfPage":{"@id":"https:\/\/abeytanelson.com\/es\/otro-verano-con-humo-como-proteger-sus-bienes-durante-la-temporada-de-incendios-forestales\/#primaryimage"},"image":{"@id":"https:\/\/abeytanelson.com\/es\/otro-verano-con-humo-como-proteger-sus-bienes-durante-la-temporada-de-incendios-forestales\/#primaryimage"},"thumbnailUrl":"https:\/\/abeytanelson.com\/wp-content\/uploads\/2026\/02\/washington-wildfire-personal-injury-7-jpg.avif","datePublished":"2019-06-10T21:18:20+00:00","dateModified":"2026-03-11T02:39:10+00:00","description":"El abogado Rod Nelson explica c\u00f3mo Abeyta Nelson Injury Law ha representado a 250 propietarios para obtener una indemnizaci\u00f3n por los da\u00f1os causados por incendios forestales provocados por el ser humano.","breadcrumb":{"@id":"https:\/\/abeytanelson.com\/es\/otro-verano-con-humo-como-proteger-sus-bienes-durante-la-temporada-de-incendios-forestales\/#breadcrumb"},"inLanguage":"es","potentialAction":[{"@type":"ReadAction","target":["https:\/\/abeytanelson.com\/es\/otro-verano-con-humo-como-proteger-sus-bienes-durante-la-temporada-de-incendios-forestales\/"]}]},{"@type":"ImageObject","inLanguage":"es","@id":"https:\/\/abeytanelson.com\/es\/otro-verano-con-humo-como-proteger-sus-bienes-durante-la-temporada-de-incendios-forestales\/#primaryimage","url":"https:\/\/abeytanelson.com\/wp-content\/uploads\/2026\/02\/washington-wildfire-personal-injury-7-jpg.avif","contentUrl":"https:\/\/abeytanelson.com\/wp-content\/uploads\/2026\/02\/washington-wildfire-personal-injury-7-jpg.avif","width":1920,"height":1080,"caption":"lesiones personales por incendios forestales en Washington (7)"},{"@type":"BreadcrumbList","@id":"https:\/\/abeytanelson.com\/es\/otro-verano-con-humo-como-proteger-sus-bienes-durante-la-temporada-de-incendios-forestales\/#breadcrumb","itemListElement":[{"@type":"ListItem","position":1,"name":"Home","item":"https:\/\/abeytanelson.com\/es\/inicio\/"},{"@type":"ListItem","position":2,"name":"\u00bfOtro verano con humo? C\u00f3mo proteger sus bienes durante la temporada de incendios forestales"}]},{"@type":"WebSite","@id":"https:\/\/abeytanelson.com\/es\/#website","url":"https:\/\/abeytanelson.com\/es\/","name":"Abeyta Nelson Injury Law","description":"","publisher":{"@id":"https:\/\/abeytanelson.com\/es\/#organization"},"potentialAction":[{"@type":"SearchAction","target":{"@type":"EntryPoint","urlTemplate":"https:\/\/abeytanelson.com\/es\/?s={search_term_string}"},"query-input":{"@type":"PropertyValueSpecification","valueRequired":true,"valueName":"search_term_string"}}],"inLanguage":"es"},{"@type":"Organization","@id":"https:\/\/abeytanelson.com\/es\/#organization","name":"Abeyta Nelson Injury Law","url":"https:\/\/abeytanelson.com\/es\/","logo":{"@type":"ImageObject","inLanguage":"es","@id":"https:\/\/abeytanelson.com\/es\/#\/schema\/logo\/image\/","url":"https:\/\/abeytanelson.com\/wp-content\/uploads\/2020\/02\/new-Logo-container.svg","contentUrl":"https:\/\/abeytanelson.com\/wp-content\/uploads\/2020\/02\/new-Logo-container.svg","width":214,"height":67,"caption":"Abeyta Nelson Injury Law"},"image":{"@id":"https:\/\/abeytanelson.com\/es\/#\/schema\/logo\/image\/"},"sameAs":["https:\/\/www.facebook.com\/people\/Abeyta-Nelson-Injury-Law\/100063503115654\/","https:\/\/www.yelp.com\/biz\/abeyta-nelson-injury-law-yakima?osq=abeyta nelson injury law","https:\/\/www.instagram.com\/abeytanelsoninjurylaw\/","https:\/\/www.linkedin.com\/company\/abeyta-nelson-injury-law\/"]},{"@type":"Person","@id":"https:\/\/abeytanelson.com\/es\/#\/schema\/person\/f55d812d44d5e145ccb6cdb56c315563","name":"Amy Peters","image":{"@type":"ImageObject","inLanguage":"es","@id":"https:\/\/secure.gravatar.com\/avatar\/a306a7d05d32e4bb468c29a02ee46509c9da34f6dc6095577ca52ef4205e373d?s=96&d=mm&r=g","url":"https:\/\/secure.gravatar.com\/avatar\/a306a7d05d32e4bb468c29a02ee46509c9da34f6dc6095577ca52ef4205e373d?s=96&d=mm&r=g","contentUrl":"https:\/\/secure.gravatar.com\/avatar\/a306a7d05d32e4bb468c29a02ee46509c9da34f6dc6095577ca52ef4205e373d?s=96&d=mm&r=g","caption":"Amy Peters"}}]}},"_links":{"self":[{"href":"https:\/\/abeytanelson.com\/es\/wp-json\/wp\/v2\/posts\/10303","targetHints":{"allow":["GET"]}}],"collection":[{"href":"https:\/\/abeytanelson.com\/es\/wp-json\/wp\/v2\/posts"}],"about":[{"href":"https:\/\/abeytanelson.com\/es\/wp-json\/wp\/v2\/types\/post"}],"author":[{"embeddable":true,"href":"https:\/\/abeytanelson.com\/es\/wp-json\/wp\/v2\/users\/5"}],"replies":[{"embeddable":true,"href":"https:\/\/abeytanelson.com\/es\/wp-json\/wp\/v2\/comments?post=10303"}],"version-history":[{"count":1,"href":"https:\/\/abeytanelson.com\/es\/wp-json\/wp\/v2\/posts\/10303\/revisions"}],"predecessor-version":[{"id":10305,"href":"https:\/\/abeytanelson.com\/es\/wp-json\/wp\/v2\/posts\/10303\/revisions\/10305"}],"wp:featuredmedia":[{"embeddable":true,"href":"https:\/\/abeytanelson.com\/es\/wp-json\/wp\/v2\/media\/10304"}],"wp:attachment":[{"href":"https:\/\/abeytanelson.com\/es\/wp-json\/wp\/v2\/media?parent=10303"}],"wp:term":[{"taxonomy":"category","embeddable":true,"href":"https:\/\/abeytanelson.com\/es\/wp-json\/wp\/v2\/categories?post=10303"},{"taxonomy":"post_tag","embeddable":true,"href":"https:\/\/abeytanelson.com\/es\/wp-json\/wp\/v2\/tags?post=10303"}],"curies":[{"name":"wp","href":"https:\/\/api.w.org\/{rel}","templated":true}]}}