{"id":10315,"date":"2020-11-03T22:23:14","date_gmt":"2020-11-04T04:23:14","guid":{"rendered":"http:\/\/abeytanelson.com\/exposicion-negligente-a-la-covid-19-usted-podria-tener-un-caso\/"},"modified":"2026-03-10T21:39:49","modified_gmt":"2026-03-11T02:39:49","slug":"exposicion-negligente-a-la-covid-19-usted-podria-tener-un-caso","status":"publish","type":"post","link":"https:\/\/abeytanelson.com\/es\/exposicion-negligente-a-la-covid-19-usted-podria-tener-un-caso\/","title":{"rendered":"\u00bfExposici\u00f3n negligente a la COVID-19? Usted podr\u00eda tener un caso"},"content":{"rendered":"\n<figure id=\"attachment_7805\" aria-describedby=\"caption-attachment-7805\" style=\"width: 284px\" class=\"wp-caption alignright\"><img fetchpriority=\"high\" decoding=\"async\" class=\" wp-image-7805\" src=\"https:\/\/abeytanelson.com\/wp-content\/uploads\/2026\/02\/COVIDvials-scaled.jpg\" alt=\"\u00bfPuedo demandar si contraigo la COVID-19?\" width=\"284\" height=\"284\"><figcaption id=\"caption-attachment-7805\" class=\"wp-caption-text\">\u00bfPuedo demandar si contraigo la COVID-19?<\/figcaption><\/figure>\n<p class=\"p1\" style=\"text-align: left;\"><span class=\"s1\">A<\/span> medida que el condado de Yakima comienza a permitir la reapertura de los negocios, a menudo me han preguntado si una empresa podr\u00eda ser considerada legalmente responsable (culpable) si un cliente o consumidor se expone a la COVID-19 y enferma. La respuesta corta: es complicado. <\/p>\n<p class=\"p1\" style=\"text-align: left;\">En el <a href=\"https:\/\/coronavirus.wa.gov\/information-for\/business\/workplace-safety-guidance\">estado de Washington<\/a>, para que una empresa sea considerada responsable, una persona debe demostrar negligencia, es decir, que la empresa no ejerci\u00f3 un nivel razonable de cuidado para prevenir la propagaci\u00f3n de la COVID-19. Por ejemplo, es posible que un restaurante no exija a sus trabajadores el uso de mascarillas y permita que m\u00e1s clientes coman en el establecimiento seg\u00fan las directrices. Incluso si una empresa ha podido ser negligente, la persona tambi\u00e9n debe demostrar que dicha negligencia caus\u00f3 el da\u00f1o. Desde una perspectiva legal, es dif\u00edcil demostrar que una empresa caus\u00f3 negligentemente la propagaci\u00f3n del virus resultando en enfermedad. Debido a la falta de rastreo de contactos, la naturaleza generalizada del virus y el hecho de que muchas personas acuden a m\u00faltiples establecimientos cada semana, es casi imposible determinar el origen de la enfermedad.    <\/p>\n<p class=\"p1\" style=\"text-align: left;\">Lo que lo hace a\u00fan m\u00e1s dif\u00edcil es el hecho de que <a href=\"https:\/\/www.americanbar.org\/groups\/litigation\/committees\/trial-practice\/articles\/2020\/immunity-from-liability-covid-19-trial-lawyers\/\">muchos estados han aprobado leyes de inmunidad<\/a>. Al menos 12 estados han aprobado leyes que protegen a las empresas de la responsabilidad, a menos que la persona perjudicada pueda demostrar una \u00abnegligencia grave\u00bb: la \u00abfalta de una m\u00ednima diligencia o cuidado\u00bb o \u00abun acto u omisi\u00f3n consciente y voluntario en desprecio temerario de un deber legal y de las consecuencias para otra parte\u00bb. Hasta la fecha, Washington no ha aprobado una ley de este tipo. Se ha hablado de aprobar una ley a nivel federal que proporcionar\u00eda inmunidad a muchas empresas, pero actualmente no existe ninguna para la exposici\u00f3n negligente de los consumidores a la COVID-19.   <\/p>\n<p class=\"p1\" style=\"text-align: left;\">Otro obst\u00e1culo es que muchas empresas \u2014desde residencias de ancianos hasta peluquer\u00edas o escuelas\u2014 intentan eludir su responsabilidad legal mediante el uso de exenciones. Una exenci\u00f3n impide que una persona demande si enferma o muere tras haber estado expuesta a la COVID-19. No est\u00e1 claro si los tribunales de Washington aplicar\u00e1n estas exenciones.  <\/p>\n<p class=\"p1\" style=\"text-align: left;\">Los abogados de Abeyta Nelson esperan ver muchos casos presentados contra residencias de ancianos por no proteger a sus residentes de la COVID-19. Un ejemplo claro es el <a href=\"https:\/\/www.cbsnews.com\/news\/covid-19-outbreak-nursing-facility-kirkland-washington-60-minutes-2020-11-01\/\">Life Care Center en Kirkland, Washington<\/a>, que ocup\u00f3 los primeros titulares durante la pandemia. A mediados de marzo de 2020, 81 de sus 120 residentes dieron positivo en las pruebas del virus, lo que provoc\u00f3 34 muertes. Es inevitable que se presenten demandas contra las residencias de ancianos.   <\/p>\n<p class=\"p1\" style=\"text-align: left;\">Aunque presentar una reclamaci\u00f3n por exposici\u00f3n a la COVID-19 es dif\u00edcil, no es imposible. Los abogados de Abeyta Nelson tienen fama de aceptar y ganar casos dif\u00edciles. Si cree que ha estado expuesto negligentemente a la COVID-19, <a href=\"https:\/\/abeytanelson.com\/contact-yakima-injury-lawyer\/\">llame a Abeyta Nelson Injury Law de inmediato<\/a>. Nunca cobramos por analizar sus dudas con nosotros y no hay honorarios a menos que ganemos su caso. Cuanto antes nos involucremos, m\u00e1s ayuda podremos ofrecerle.    <\/p>\n<p style=\"text-align: left;\"><em>\u2014entrada de blog escrita por el abogado David Abeyta, Abeyta Nelson Injury Law<\/em><\/p>\n","protected":false},"excerpt":{"rendered":"<p>A medida que el condado de Yakima comienza a permitir la reapertura de los negocios, a menudo me han preguntado si una empresa podr\u00eda ser considerada legalmente responsable (culpable) si un cliente o consumidor se expone a la COVID-19 y enferma. La respuesta corta: es complicado. En el estado de Washington, para que una empresa [&hellip;]<\/p>\n","protected":false},"author":5,"featured_media":10316,"comment_status":"open","ping_status":"open","sticky":false,"template":"","format":"standard","meta":{"_acf_changed":false,"footnotes":""},"categories":[510,485,405,386],"tags":[666,667,665],"class_list":["post-10315","post","type-post","status-publish","format-standard","has-post-thumbnail","hentry","category-covid-19","category-instalaciones-inseguras","category-lesiones-personales","category-sin-categorizar","tag-negligencia-y-exposicion-a-la-covid-19","tag-normativa-del-estado-de-washington-sobre-la-covid-19","tag-proteccion-mediante-exencion-de-responsabilidad-por-covid-19-para-empresas-de-washington"],"acf":[],"yoast_head":"<!-- This site is optimized with the Yoast SEO plugin v27.3 - https:\/\/yoast.com\/product\/yoast-seo-wordpress\/ -->\n<title>\u00bfHa sufrido una exposici\u00f3n negligente a la COVID-19?<\/title>\n<meta name=\"description\" content=\"Es dif\u00edcil, aunque no imposible, demostrar que usted, como consumidor, contrajo la COVID-19 como resultado de pr\u00e1cticas comerciales negligentes. P\u00f3ngase en contacto con Abeyta Nelson hoy mismo para analizar su caso.\" \/>\n<meta name=\"robots\" content=\"index, follow, max-snippet:-1, max-image-preview:large, max-video-preview:-1\" \/>\n<link rel=\"canonical\" href=\"https:\/\/abeytanelson.com\/es\/exposicion-negligente-a-la-covid-19-usted-podria-tener-un-caso\/\" \/>\n<meta property=\"og:locale\" content=\"es_ES\" \/>\n<meta property=\"og:type\" content=\"article\" \/>\n<meta property=\"og:title\" content=\"\u00bfHa sufrido una exposici\u00f3n negligente a la COVID-19?\" \/>\n<meta property=\"og:description\" content=\"Es dif\u00edcil, aunque no imposible, demostrar que usted, como consumidor, contrajo la COVID-19 como resultado de pr\u00e1cticas comerciales negligentes. P\u00f3ngase en contacto con Abeyta Nelson hoy mismo para analizar su caso.\" \/>\n<meta property=\"og:url\" content=\"https:\/\/abeytanelson.com\/es\/exposicion-negligente-a-la-covid-19-usted-podria-tener-un-caso\/\" \/>\n<meta property=\"og:site_name\" content=\"Abeyta Nelson Injury Law\" \/>\n<meta property=\"article:publisher\" content=\"https:\/\/www.facebook.com\/people\/Abeyta-Nelson-Injury-Law\/100063503115654\/\" \/>\n<meta property=\"article:published_time\" content=\"2020-11-04T04:23:14+00:00\" \/>\n<meta property=\"article:modified_time\" content=\"2026-03-11T02:39:49+00:00\" \/>\n<meta property=\"og:image\" content=\"https:\/\/abeytanelson.com\/wp-content\/uploads\/2026\/02\/COVIDvials-scaled.jpg\" \/>\n\t<meta property=\"og:image:width\" content=\"2560\" \/>\n\t<meta property=\"og:image:height\" content=\"2233\" \/>\n\t<meta property=\"og:image:type\" content=\"image\/jpeg\" \/>\n<meta name=\"author\" content=\"Amy Peters\" \/>\n<meta name=\"twitter:card\" content=\"summary_large_image\" \/>\n<meta name=\"twitter:label1\" content=\"Escrito por\" \/>\n\t<meta name=\"twitter:data1\" content=\"Amy Peters\" \/>\n\t<meta name=\"twitter:label2\" content=\"Tiempo de lectura\" \/>\n\t<meta name=\"twitter:data2\" content=\"3 minutos\" \/>\n<script type=\"application\/ld+json\" class=\"yoast-schema-graph\">{\"@context\":\"https:\\\/\\\/schema.org\",\"@graph\":[{\"@type\":\"Article\",\"@id\":\"https:\\\/\\\/abeytanelson.com\\\/es\\\/exposicion-negligente-a-la-covid-19-usted-podria-tener-un-caso\\\/#article\",\"isPartOf\":{\"@id\":\"https:\\\/\\\/abeytanelson.com\\\/es\\\/exposicion-negligente-a-la-covid-19-usted-podria-tener-un-caso\\\/\"},\"author\":{\"name\":\"Amy Peters\",\"@id\":\"https:\\\/\\\/abeytanelson.com\\\/es\\\/#\\\/schema\\\/person\\\/f55d812d44d5e145ccb6cdb56c315563\"},\"headline\":\"\u00bfExposici\u00f3n negligente a la COVID-19? Usted podr\u00eda tener un caso\",\"datePublished\":\"2020-11-04T04:23:14+00:00\",\"dateModified\":\"2026-03-11T02:39:49+00:00\",\"mainEntityOfPage\":{\"@id\":\"https:\\\/\\\/abeytanelson.com\\\/es\\\/exposicion-negligente-a-la-covid-19-usted-podria-tener-un-caso\\\/\"},\"wordCount\":559,\"commentCount\":0,\"publisher\":{\"@id\":\"https:\\\/\\\/abeytanelson.com\\\/es\\\/#organization\"},\"image\":{\"@id\":\"https:\\\/\\\/abeytanelson.com\\\/es\\\/exposicion-negligente-a-la-covid-19-usted-podria-tener-un-caso\\\/#primaryimage\"},\"thumbnailUrl\":\"https:\\\/\\\/abeytanelson.com\\\/wp-content\\\/uploads\\\/2026\\\/02\\\/COVIDvials-scaled.jpg\",\"keywords\":[\"Negligencia y exposici\u00f3n a la COVID-19\",\"Normativa del estado de Washington sobre la COVID-19\",\"Protecci\u00f3n mediante exenci\u00f3n de responsabilidad por COVID-19 para empresas de Washington\"],\"articleSection\":[\"COVID-19\",\"Instalaciones inseguras\",\"Lesiones personales\",\"Sin categorizar\"],\"inLanguage\":\"es\",\"potentialAction\":[{\"@type\":\"CommentAction\",\"name\":\"Comment\",\"target\":[\"https:\\\/\\\/abeytanelson.com\\\/es\\\/exposicion-negligente-a-la-covid-19-usted-podria-tener-un-caso\\\/#respond\"]}]},{\"@type\":\"WebPage\",\"@id\":\"https:\\\/\\\/abeytanelson.com\\\/es\\\/exposicion-negligente-a-la-covid-19-usted-podria-tener-un-caso\\\/\",\"url\":\"https:\\\/\\\/abeytanelson.com\\\/es\\\/exposicion-negligente-a-la-covid-19-usted-podria-tener-un-caso\\\/\",\"name\":\"\u00bfHa sufrido una exposici\u00f3n negligente a la COVID-19?\",\"isPartOf\":{\"@id\":\"https:\\\/\\\/abeytanelson.com\\\/es\\\/#website\"},\"primaryImageOfPage\":{\"@id\":\"https:\\\/\\\/abeytanelson.com\\\/es\\\/exposicion-negligente-a-la-covid-19-usted-podria-tener-un-caso\\\/#primaryimage\"},\"image\":{\"@id\":\"https:\\\/\\\/abeytanelson.com\\\/es\\\/exposicion-negligente-a-la-covid-19-usted-podria-tener-un-caso\\\/#primaryimage\"},\"thumbnailUrl\":\"https:\\\/\\\/abeytanelson.com\\\/wp-content\\\/uploads\\\/2026\\\/02\\\/COVIDvials-scaled.jpg\",\"datePublished\":\"2020-11-04T04:23:14+00:00\",\"dateModified\":\"2026-03-11T02:39:49+00:00\",\"description\":\"Es dif\u00edcil, aunque no imposible, demostrar que usted, como consumidor, contrajo la COVID-19 como resultado de pr\u00e1cticas comerciales negligentes. P\u00f3ngase en contacto con Abeyta Nelson hoy mismo para analizar su caso.\",\"breadcrumb\":{\"@id\":\"https:\\\/\\\/abeytanelson.com\\\/es\\\/exposicion-negligente-a-la-covid-19-usted-podria-tener-un-caso\\\/#breadcrumb\"},\"inLanguage\":\"es\",\"potentialAction\":[{\"@type\":\"ReadAction\",\"target\":[\"https:\\\/\\\/abeytanelson.com\\\/es\\\/exposicion-negligente-a-la-covid-19-usted-podria-tener-un-caso\\\/\"]}]},{\"@type\":\"ImageObject\",\"inLanguage\":\"es\",\"@id\":\"https:\\\/\\\/abeytanelson.com\\\/es\\\/exposicion-negligente-a-la-covid-19-usted-podria-tener-un-caso\\\/#primaryimage\",\"url\":\"https:\\\/\\\/abeytanelson.com\\\/wp-content\\\/uploads\\\/2026\\\/02\\\/COVIDvials-scaled.jpg\",\"contentUrl\":\"https:\\\/\\\/abeytanelson.com\\\/wp-content\\\/uploads\\\/2026\\\/02\\\/COVIDvials-scaled.jpg\",\"width\":2560,\"height\":2233,\"caption\":\"Se muestran tres tubos de ensayo de COVID-19 etiquetados con tapones rojos uno al lado del otro, cada uno indicando opciones para resultados positivos o negativos, lo que resalta la importancia de realizar un seguimiento de los resultados a efectos de responsabilidad por COVID-19.\"},{\"@type\":\"BreadcrumbList\",\"@id\":\"https:\\\/\\\/abeytanelson.com\\\/es\\\/exposicion-negligente-a-la-covid-19-usted-podria-tener-un-caso\\\/#breadcrumb\",\"itemListElement\":[{\"@type\":\"ListItem\",\"position\":1,\"name\":\"Home\",\"item\":\"https:\\\/\\\/abeytanelson.com\\\/es\\\/inicio\\\/\"},{\"@type\":\"ListItem\",\"position\":2,\"name\":\"\u00bfExposici\u00f3n negligente a la COVID-19? Usted podr\u00eda tener un caso\"}]},{\"@type\":\"WebSite\",\"@id\":\"https:\\\/\\\/abeytanelson.com\\\/es\\\/#website\",\"url\":\"https:\\\/\\\/abeytanelson.com\\\/es\\\/\",\"name\":\"Abeyta Nelson Injury Law\",\"description\":\"\",\"publisher\":{\"@id\":\"https:\\\/\\\/abeytanelson.com\\\/es\\\/#organization\"},\"potentialAction\":[{\"@type\":\"SearchAction\",\"target\":{\"@type\":\"EntryPoint\",\"urlTemplate\":\"https:\\\/\\\/abeytanelson.com\\\/es\\\/?s={search_term_string}\"},\"query-input\":{\"@type\":\"PropertyValueSpecification\",\"valueRequired\":true,\"valueName\":\"search_term_string\"}}],\"inLanguage\":\"es\"},{\"@type\":\"Organization\",\"@id\":\"https:\\\/\\\/abeytanelson.com\\\/es\\\/#organization\",\"name\":\"Abeyta Nelson Injury Law\",\"url\":\"https:\\\/\\\/abeytanelson.com\\\/es\\\/\",\"logo\":{\"@type\":\"ImageObject\",\"inLanguage\":\"es\",\"@id\":\"https:\\\/\\\/abeytanelson.com\\\/es\\\/#\\\/schema\\\/logo\\\/image\\\/\",\"url\":\"https:\\\/\\\/abeytanelson.com\\\/wp-content\\\/uploads\\\/2020\\\/02\\\/new-Logo-container.svg\",\"contentUrl\":\"https:\\\/\\\/abeytanelson.com\\\/wp-content\\\/uploads\\\/2020\\\/02\\\/new-Logo-container.svg\",\"width\":214,\"height\":67,\"caption\":\"Abeyta Nelson Injury Law\"},\"image\":{\"@id\":\"https:\\\/\\\/abeytanelson.com\\\/es\\\/#\\\/schema\\\/logo\\\/image\\\/\"},\"sameAs\":[\"https:\\\/\\\/www.facebook.com\\\/people\\\/Abeyta-Nelson-Injury-Law\\\/100063503115654\\\/\",\"https:\\\/\\\/www.yelp.com\\\/biz\\\/abeyta-nelson-injury-law-yakima?osq=abeyta nelson injury law\",\"https:\\\/\\\/www.instagram.com\\\/abeytanelsoninjurylaw\\\/\",\"https:\\\/\\\/www.linkedin.com\\\/company\\\/abeyta-nelson-injury-law\\\/\"]},{\"@type\":\"Person\",\"@id\":\"https:\\\/\\\/abeytanelson.com\\\/es\\\/#\\\/schema\\\/person\\\/f55d812d44d5e145ccb6cdb56c315563\",\"name\":\"Amy Peters\",\"image\":{\"@type\":\"ImageObject\",\"inLanguage\":\"es\",\"@id\":\"https:\\\/\\\/secure.gravatar.com\\\/avatar\\\/a306a7d05d32e4bb468c29a02ee46509c9da34f6dc6095577ca52ef4205e373d?s=96&d=mm&r=g\",\"url\":\"https:\\\/\\\/secure.gravatar.com\\\/avatar\\\/a306a7d05d32e4bb468c29a02ee46509c9da34f6dc6095577ca52ef4205e373d?s=96&d=mm&r=g\",\"contentUrl\":\"https:\\\/\\\/secure.gravatar.com\\\/avatar\\\/a306a7d05d32e4bb468c29a02ee46509c9da34f6dc6095577ca52ef4205e373d?s=96&d=mm&r=g\",\"caption\":\"Amy Peters\"}}]}<\/script>\n<!-- \/ Yoast SEO plugin. -->","yoast_head_json":{"title":"\u00bfHa sufrido una exposici\u00f3n negligente a la COVID-19?","description":"Es dif\u00edcil, aunque no imposible, demostrar que usted, como consumidor, contrajo la COVID-19 como resultado de pr\u00e1cticas comerciales negligentes. P\u00f3ngase en contacto con Abeyta Nelson hoy mismo para analizar su caso.","robots":{"index":"index","follow":"follow","max-snippet":"max-snippet:-1","max-image-preview":"max-image-preview:large","max-video-preview":"max-video-preview:-1"},"canonical":"https:\/\/abeytanelson.com\/es\/exposicion-negligente-a-la-covid-19-usted-podria-tener-un-caso\/","og_locale":"es_ES","og_type":"article","og_title":"\u00bfHa sufrido una exposici\u00f3n negligente a la COVID-19?","og_description":"Es dif\u00edcil, aunque no imposible, demostrar que usted, como consumidor, contrajo la COVID-19 como resultado de pr\u00e1cticas comerciales negligentes. P\u00f3ngase en contacto con Abeyta Nelson hoy mismo para analizar su caso.","og_url":"https:\/\/abeytanelson.com\/es\/exposicion-negligente-a-la-covid-19-usted-podria-tener-un-caso\/","og_site_name":"Abeyta Nelson Injury Law","article_publisher":"https:\/\/www.facebook.com\/people\/Abeyta-Nelson-Injury-Law\/100063503115654\/","article_published_time":"2020-11-04T04:23:14+00:00","article_modified_time":"2026-03-11T02:39:49+00:00","og_image":[{"width":2560,"height":2233,"url":"https:\/\/abeytanelson.com\/wp-content\/uploads\/2026\/02\/COVIDvials-scaled.jpg","type":"image\/jpeg"}],"author":"Amy Peters","twitter_card":"summary_large_image","twitter_misc":{"Escrito por":"Amy Peters","Tiempo de lectura":"3 minutos"},"schema":{"@context":"https:\/\/schema.org","@graph":[{"@type":"Article","@id":"https:\/\/abeytanelson.com\/es\/exposicion-negligente-a-la-covid-19-usted-podria-tener-un-caso\/#article","isPartOf":{"@id":"https:\/\/abeytanelson.com\/es\/exposicion-negligente-a-la-covid-19-usted-podria-tener-un-caso\/"},"author":{"name":"Amy Peters","@id":"https:\/\/abeytanelson.com\/es\/#\/schema\/person\/f55d812d44d5e145ccb6cdb56c315563"},"headline":"\u00bfExposici\u00f3n negligente a la COVID-19? Usted podr\u00eda tener un caso","datePublished":"2020-11-04T04:23:14+00:00","dateModified":"2026-03-11T02:39:49+00:00","mainEntityOfPage":{"@id":"https:\/\/abeytanelson.com\/es\/exposicion-negligente-a-la-covid-19-usted-podria-tener-un-caso\/"},"wordCount":559,"commentCount":0,"publisher":{"@id":"https:\/\/abeytanelson.com\/es\/#organization"},"image":{"@id":"https:\/\/abeytanelson.com\/es\/exposicion-negligente-a-la-covid-19-usted-podria-tener-un-caso\/#primaryimage"},"thumbnailUrl":"https:\/\/abeytanelson.com\/wp-content\/uploads\/2026\/02\/COVIDvials-scaled.jpg","keywords":["Negligencia y exposici\u00f3n a la COVID-19","Normativa del estado de Washington sobre la COVID-19","Protecci\u00f3n mediante exenci\u00f3n de responsabilidad por COVID-19 para empresas de Washington"],"articleSection":["COVID-19","Instalaciones inseguras","Lesiones personales","Sin categorizar"],"inLanguage":"es","potentialAction":[{"@type":"CommentAction","name":"Comment","target":["https:\/\/abeytanelson.com\/es\/exposicion-negligente-a-la-covid-19-usted-podria-tener-un-caso\/#respond"]}]},{"@type":"WebPage","@id":"https:\/\/abeytanelson.com\/es\/exposicion-negligente-a-la-covid-19-usted-podria-tener-un-caso\/","url":"https:\/\/abeytanelson.com\/es\/exposicion-negligente-a-la-covid-19-usted-podria-tener-un-caso\/","name":"\u00bfHa sufrido una exposici\u00f3n negligente a la COVID-19?","isPartOf":{"@id":"https:\/\/abeytanelson.com\/es\/#website"},"primaryImageOfPage":{"@id":"https:\/\/abeytanelson.com\/es\/exposicion-negligente-a-la-covid-19-usted-podria-tener-un-caso\/#primaryimage"},"image":{"@id":"https:\/\/abeytanelson.com\/es\/exposicion-negligente-a-la-covid-19-usted-podria-tener-un-caso\/#primaryimage"},"thumbnailUrl":"https:\/\/abeytanelson.com\/wp-content\/uploads\/2026\/02\/COVIDvials-scaled.jpg","datePublished":"2020-11-04T04:23:14+00:00","dateModified":"2026-03-11T02:39:49+00:00","description":"Es dif\u00edcil, aunque no imposible, demostrar que usted, como consumidor, contrajo la COVID-19 como resultado de pr\u00e1cticas comerciales negligentes. P\u00f3ngase en contacto con Abeyta Nelson hoy mismo para analizar su caso.","breadcrumb":{"@id":"https:\/\/abeytanelson.com\/es\/exposicion-negligente-a-la-covid-19-usted-podria-tener-un-caso\/#breadcrumb"},"inLanguage":"es","potentialAction":[{"@type":"ReadAction","target":["https:\/\/abeytanelson.com\/es\/exposicion-negligente-a-la-covid-19-usted-podria-tener-un-caso\/"]}]},{"@type":"ImageObject","inLanguage":"es","@id":"https:\/\/abeytanelson.com\/es\/exposicion-negligente-a-la-covid-19-usted-podria-tener-un-caso\/#primaryimage","url":"https:\/\/abeytanelson.com\/wp-content\/uploads\/2026\/02\/COVIDvials-scaled.jpg","contentUrl":"https:\/\/abeytanelson.com\/wp-content\/uploads\/2026\/02\/COVIDvials-scaled.jpg","width":2560,"height":2233,"caption":"Se muestran tres tubos de ensayo de COVID-19 etiquetados con tapones rojos uno al lado del otro, cada uno indicando opciones para resultados positivos o negativos, lo que resalta la importancia de realizar un seguimiento de los resultados a efectos de responsabilidad por COVID-19."},{"@type":"BreadcrumbList","@id":"https:\/\/abeytanelson.com\/es\/exposicion-negligente-a-la-covid-19-usted-podria-tener-un-caso\/#breadcrumb","itemListElement":[{"@type":"ListItem","position":1,"name":"Home","item":"https:\/\/abeytanelson.com\/es\/inicio\/"},{"@type":"ListItem","position":2,"name":"\u00bfExposici\u00f3n negligente a la COVID-19? Usted podr\u00eda tener un caso"}]},{"@type":"WebSite","@id":"https:\/\/abeytanelson.com\/es\/#website","url":"https:\/\/abeytanelson.com\/es\/","name":"Abeyta Nelson Injury Law","description":"","publisher":{"@id":"https:\/\/abeytanelson.com\/es\/#organization"},"potentialAction":[{"@type":"SearchAction","target":{"@type":"EntryPoint","urlTemplate":"https:\/\/abeytanelson.com\/es\/?s={search_term_string}"},"query-input":{"@type":"PropertyValueSpecification","valueRequired":true,"valueName":"search_term_string"}}],"inLanguage":"es"},{"@type":"Organization","@id":"https:\/\/abeytanelson.com\/es\/#organization","name":"Abeyta Nelson Injury Law","url":"https:\/\/abeytanelson.com\/es\/","logo":{"@type":"ImageObject","inLanguage":"es","@id":"https:\/\/abeytanelson.com\/es\/#\/schema\/logo\/image\/","url":"https:\/\/abeytanelson.com\/wp-content\/uploads\/2020\/02\/new-Logo-container.svg","contentUrl":"https:\/\/abeytanelson.com\/wp-content\/uploads\/2020\/02\/new-Logo-container.svg","width":214,"height":67,"caption":"Abeyta Nelson Injury Law"},"image":{"@id":"https:\/\/abeytanelson.com\/es\/#\/schema\/logo\/image\/"},"sameAs":["https:\/\/www.facebook.com\/people\/Abeyta-Nelson-Injury-Law\/100063503115654\/","https:\/\/www.yelp.com\/biz\/abeyta-nelson-injury-law-yakima?osq=abeyta nelson injury law","https:\/\/www.instagram.com\/abeytanelsoninjurylaw\/","https:\/\/www.linkedin.com\/company\/abeyta-nelson-injury-law\/"]},{"@type":"Person","@id":"https:\/\/abeytanelson.com\/es\/#\/schema\/person\/f55d812d44d5e145ccb6cdb56c315563","name":"Amy Peters","image":{"@type":"ImageObject","inLanguage":"es","@id":"https:\/\/secure.gravatar.com\/avatar\/a306a7d05d32e4bb468c29a02ee46509c9da34f6dc6095577ca52ef4205e373d?s=96&d=mm&r=g","url":"https:\/\/secure.gravatar.com\/avatar\/a306a7d05d32e4bb468c29a02ee46509c9da34f6dc6095577ca52ef4205e373d?s=96&d=mm&r=g","contentUrl":"https:\/\/secure.gravatar.com\/avatar\/a306a7d05d32e4bb468c29a02ee46509c9da34f6dc6095577ca52ef4205e373d?s=96&d=mm&r=g","caption":"Amy Peters"}}]}},"_links":{"self":[{"href":"https:\/\/abeytanelson.com\/es\/wp-json\/wp\/v2\/posts\/10315","targetHints":{"allow":["GET"]}}],"collection":[{"href":"https:\/\/abeytanelson.com\/es\/wp-json\/wp\/v2\/posts"}],"about":[{"href":"https:\/\/abeytanelson.com\/es\/wp-json\/wp\/v2\/types\/post"}],"author":[{"embeddable":true,"href":"https:\/\/abeytanelson.com\/es\/wp-json\/wp\/v2\/users\/5"}],"replies":[{"embeddable":true,"href":"https:\/\/abeytanelson.com\/es\/wp-json\/wp\/v2\/comments?post=10315"}],"version-history":[{"count":1,"href":"https:\/\/abeytanelson.com\/es\/wp-json\/wp\/v2\/posts\/10315\/revisions"}],"predecessor-version":[{"id":10317,"href":"https:\/\/abeytanelson.com\/es\/wp-json\/wp\/v2\/posts\/10315\/revisions\/10317"}],"wp:featuredmedia":[{"embeddable":true,"href":"https:\/\/abeytanelson.com\/es\/wp-json\/wp\/v2\/media\/10316"}],"wp:attachment":[{"href":"https:\/\/abeytanelson.com\/es\/wp-json\/wp\/v2\/media?parent=10315"}],"wp:term":[{"taxonomy":"category","embeddable":true,"href":"https:\/\/abeytanelson.com\/es\/wp-json\/wp\/v2\/categories?post=10315"},{"taxonomy":"post_tag","embeddable":true,"href":"https:\/\/abeytanelson.com\/es\/wp-json\/wp\/v2\/tags?post=10315"}],"curies":[{"name":"wp","href":"https:\/\/api.w.org\/{rel}","templated":true}]}}