{"id":10411,"date":"2017-04-24T23:25:08","date_gmt":"2017-04-25T04:25:08","guid":{"rendered":"http:\/\/abeytanelson.com\/mes-nacional-del-voluntariado-abeyta-nelson-agradece-a-los-voluntarios-de-nuestra-comunidad\/"},"modified":"2026-03-13T14:47:04","modified_gmt":"2026-03-13T19:47:04","slug":"mes-nacional-del-voluntariado-abeyta-nelson-agradece-a-los-voluntarios-de-nuestra-comunidad","status":"publish","type":"post","link":"https:\/\/abeytanelson.com\/es\/mes-nacional-del-voluntariado-abeyta-nelson-agradece-a-los-voluntarios-de-nuestra-comunidad\/","title":{"rendered":"Mes Nacional del Voluntariado &#8211; Abeyta Nelson agradece a los voluntarios de nuestra comunidad"},"content":{"rendered":"\n<p class=\"p1\">Abril es el Mes Nacional del Voluntariado, un momento para agradecer y honrar a los voluntarios de nuestras comunidades y para fomentar el voluntariado.<span class=\"Apple-converted-space\">  <\/span>Seg\u00fan la Oficina de Estad\u00edsticas Laborales, 62,6 millones de personas realizaron<img decoding=\"async\" class=\"wp-image-6045 alignleft\" src=\"https:\/\/abeytanelson.com\/wp-content\/uploads\/2026\/02\/handshake-1.jpg\" alt=\"\" width=\"155\" height=\"155\"> voluntariado al menos una vez para una organizaci\u00f3n en 2015.<\/p>\n<p class=\"p1\">Los abogados y el personal de Abeyta Nelson Injury Law realizan voluntariado en al menos 25 organizaciones, entre las que se incluyen las siguientes:<\/p>\n<p class=\"p1\">1st Tee of Yakima, Breakthrough Church, The Capitol Theater, Cascade Team Penning Club, Catholic Charities of Central Washington, Children&#8217;s Village, City of Yakima Civil Service Commission, Dispute Resolution Center of Yakima and Kittitas Counties,<span class=\"Apple-converted-space\"> <\/span>Downtown Rotary, Gilbert Elementary School, LaSalle High School, Montessori School of Yakima, Mothers Against <a class=\"wpil_keyword_link\" title=\"Drunk\" href=\"https:\/\/abeytanelson.com\/practice\/car-accident-lawyers\/\" data-wpil-keyword-link=\"linked\" data-wpil-monitor-id=\"486\">Drunk<\/a> Driving<span class=\"Apple-converted-space\"> <\/span>(MADD), Naches Valley Middle School, North Star Lodge Cancer Center, Selah School District, St. Paul Cathedral, St. Paul Cathedral School, United Way of Central Washington, Upper Valley Little League, Washington State Association for Justice, Washington State High School Rodeo Association, West Valley High School Booster Club, Yakima Valley Community Foundation y Yakima Valley Team Penning Club.<\/p>\n<p class=\"p1\"><a href=\"https:\/\/abeytanelson.com\/faqs\/how-does-abeyta-nelson-injury-law-firm-win-auto-accident-lawsuits\/\" data-wpil-monitor-id=\"96\">Abeyta Nelson<\/a> felicita a todas las personas que realizan voluntariado en nuestras comunidades.<span class=\"Apple-converted-space\">  <\/span>Animamos a todos a realizar voluntariado durante abril, \u00a1y todos los meses!<\/p>\n\n<h2>Contrate a nuestros abogados de lesiones personales en Yakima<\/h2>\nEnv\u00edenos <a href=\"https:\/\/abeytanelson.com\/contact-yakima-injury-lawyer\/\">un mensaje<\/a> o ll\u00e1menos al <span style=\"font-weight: 400;\"> <\/span><a href=\"tel:800-927-2845\"><span style=\"font-weight: 400;\">800-927-2845<\/span><\/a><span style=\"font-weight: 400;\"> <\/span>  para empezar ahora\n","protected":false},"excerpt":{"rendered":"<p>Abril es el Mes Nacional del Voluntariado, un momento para agradecer y honrar a los voluntarios de nuestras comunidades y para fomentar el voluntariado. Seg\u00fan la Oficina de Estad\u00edsticas Laborales, 62,6 millones de personas realizaron voluntariado al menos una vez para una organizaci\u00f3n en 2015. Los abogados y el personal de Abeyta Nelson Injury Law [&hellip;]<\/p>\n","protected":false},"author":5,"featured_media":10412,"comment_status":"open","ping_status":"open","sticky":false,"template":"","format":"standard","meta":{"_acf_changed":false,"footnotes":""},"categories":[395],"tags":[],"class_list":["post-10411","post","type-post","status-publish","format-standard","has-post-thumbnail","hentry","category-noticias-y-eventos"],"acf":[],"yoast_head":"<!-- This site is optimized with the Yoast SEO plugin v27.3 - https:\/\/yoast.com\/product\/yoast-seo-wordpress\/ -->\n<title>Mes Nacional del Voluntariado - Abeyta Nelson agradece a los voluntarios de nuestra comunidad<\/title>\n<meta name=\"description\" content=\"Abeyta Nelson Injury Law reconoce al personal y a los abogados, as\u00ed como a todos los miembros de la comunidad que realizan voluntariado.\" \/>\n<meta name=\"robots\" content=\"index, follow, max-snippet:-1, max-image-preview:large, max-video-preview:-1\" \/>\n<link rel=\"canonical\" href=\"https:\/\/abeytanelson.com\/es\/mes-nacional-del-voluntariado-abeyta-nelson-agradece-a-los-voluntarios-de-nuestra-comunidad\/\" \/>\n<meta property=\"og:locale\" content=\"es_ES\" \/>\n<meta property=\"og:type\" content=\"article\" \/>\n<meta property=\"og:title\" content=\"Mes Nacional del Voluntariado - Abeyta Nelson agradece a los voluntarios de nuestra comunidad\" \/>\n<meta property=\"og:description\" content=\"Abeyta Nelson Injury Law reconoce al personal y a los abogados, as\u00ed como a todos los miembros de la comunidad que realizan voluntariado.\" \/>\n<meta property=\"og:url\" content=\"https:\/\/abeytanelson.com\/es\/mes-nacional-del-voluntariado-abeyta-nelson-agradece-a-los-voluntarios-de-nuestra-comunidad\/\" \/>\n<meta property=\"og:site_name\" content=\"Abeyta Nelson Injury Law\" \/>\n<meta property=\"article:publisher\" content=\"https:\/\/www.facebook.com\/people\/Abeyta-Nelson-Injury-Law\/100063503115654\/\" \/>\n<meta property=\"article:published_time\" content=\"2017-04-25T04:25:08+00:00\" \/>\n<meta property=\"article:modified_time\" content=\"2026-03-13T19:47:04+00:00\" \/>\n<meta property=\"og:image\" content=\"https:\/\/abeytanelson.com\/wp-content\/uploads\/2026\/02\/handshake-1.jpg\" \/>\n\t<meta property=\"og:image:width\" content=\"975\" \/>\n\t<meta property=\"og:image:height\" content=\"706\" \/>\n\t<meta property=\"og:image:type\" content=\"image\/jpeg\" \/>\n<meta name=\"author\" content=\"Amy Peters\" \/>\n<meta name=\"twitter:card\" content=\"summary_large_image\" \/>\n<meta name=\"twitter:label1\" content=\"Escrito por\" \/>\n\t<meta name=\"twitter:data1\" content=\"Amy Peters\" \/>\n\t<meta name=\"twitter:label2\" content=\"Tiempo de lectura\" \/>\n\t<meta name=\"twitter:data2\" content=\"1 minuto\" \/>\n<script type=\"application\/ld+json\" class=\"yoast-schema-graph\">{\"@context\":\"https:\\\/\\\/schema.org\",\"@graph\":[{\"@type\":\"Article\",\"@id\":\"https:\\\/\\\/abeytanelson.com\\\/es\\\/mes-nacional-del-voluntariado-abeyta-nelson-agradece-a-los-voluntarios-de-nuestra-comunidad\\\/#article\",\"isPartOf\":{\"@id\":\"https:\\\/\\\/abeytanelson.com\\\/es\\\/mes-nacional-del-voluntariado-abeyta-nelson-agradece-a-los-voluntarios-de-nuestra-comunidad\\\/\"},\"author\":{\"name\":\"Amy Peters\",\"@id\":\"https:\\\/\\\/abeytanelson.com\\\/es\\\/#\\\/schema\\\/person\\\/f55d812d44d5e145ccb6cdb56c315563\"},\"headline\":\"Mes Nacional del Voluntariado &#8211; Abeyta Nelson agradece a los voluntarios de nuestra comunidad\",\"datePublished\":\"2017-04-25T04:25:08+00:00\",\"dateModified\":\"2026-03-13T19:47:04+00:00\",\"mainEntityOfPage\":{\"@id\":\"https:\\\/\\\/abeytanelson.com\\\/es\\\/mes-nacional-del-voluntariado-abeyta-nelson-agradece-a-los-voluntarios-de-nuestra-comunidad\\\/\"},\"wordCount\":237,\"commentCount\":0,\"publisher\":{\"@id\":\"https:\\\/\\\/abeytanelson.com\\\/es\\\/#organization\"},\"image\":{\"@id\":\"https:\\\/\\\/abeytanelson.com\\\/es\\\/mes-nacional-del-voluntariado-abeyta-nelson-agradece-a-los-voluntarios-de-nuestra-comunidad\\\/#primaryimage\"},\"thumbnailUrl\":\"https:\\\/\\\/abeytanelson.com\\\/wp-content\\\/uploads\\\/2026\\\/02\\\/handshake-1.jpg\",\"articleSection\":[\"Noticias y eventos\"],\"inLanguage\":\"es\",\"potentialAction\":[{\"@type\":\"CommentAction\",\"name\":\"Comment\",\"target\":[\"https:\\\/\\\/abeytanelson.com\\\/es\\\/mes-nacional-del-voluntariado-abeyta-nelson-agradece-a-los-voluntarios-de-nuestra-comunidad\\\/#respond\"]}]},{\"@type\":\"WebPage\",\"@id\":\"https:\\\/\\\/abeytanelson.com\\\/es\\\/mes-nacional-del-voluntariado-abeyta-nelson-agradece-a-los-voluntarios-de-nuestra-comunidad\\\/\",\"url\":\"https:\\\/\\\/abeytanelson.com\\\/es\\\/mes-nacional-del-voluntariado-abeyta-nelson-agradece-a-los-voluntarios-de-nuestra-comunidad\\\/\",\"name\":\"Mes Nacional del Voluntariado - Abeyta Nelson agradece a los voluntarios de nuestra comunidad\",\"isPartOf\":{\"@id\":\"https:\\\/\\\/abeytanelson.com\\\/es\\\/#website\"},\"primaryImageOfPage\":{\"@id\":\"https:\\\/\\\/abeytanelson.com\\\/es\\\/mes-nacional-del-voluntariado-abeyta-nelson-agradece-a-los-voluntarios-de-nuestra-comunidad\\\/#primaryimage\"},\"image\":{\"@id\":\"https:\\\/\\\/abeytanelson.com\\\/es\\\/mes-nacional-del-voluntariado-abeyta-nelson-agradece-a-los-voluntarios-de-nuestra-comunidad\\\/#primaryimage\"},\"thumbnailUrl\":\"https:\\\/\\\/abeytanelson.com\\\/wp-content\\\/uploads\\\/2026\\\/02\\\/handshake-1.jpg\",\"datePublished\":\"2017-04-25T04:25:08+00:00\",\"dateModified\":\"2026-03-13T19:47:04+00:00\",\"description\":\"Abeyta Nelson Injury Law reconoce al personal y a los abogados, as\u00ed como a todos los miembros de la comunidad que realizan voluntariado.\",\"breadcrumb\":{\"@id\":\"https:\\\/\\\/abeytanelson.com\\\/es\\\/mes-nacional-del-voluntariado-abeyta-nelson-agradece-a-los-voluntarios-de-nuestra-comunidad\\\/#breadcrumb\"},\"inLanguage\":\"es\",\"potentialAction\":[{\"@type\":\"ReadAction\",\"target\":[\"https:\\\/\\\/abeytanelson.com\\\/es\\\/mes-nacional-del-voluntariado-abeyta-nelson-agradece-a-los-voluntarios-de-nuestra-comunidad\\\/\"]}]},{\"@type\":\"ImageObject\",\"inLanguage\":\"es\",\"@id\":\"https:\\\/\\\/abeytanelson.com\\\/es\\\/mes-nacional-del-voluntariado-abeyta-nelson-agradece-a-los-voluntarios-de-nuestra-comunidad\\\/#primaryimage\",\"url\":\"https:\\\/\\\/abeytanelson.com\\\/wp-content\\\/uploads\\\/2026\\\/02\\\/handshake-1.jpg\",\"contentUrl\":\"https:\\\/\\\/abeytanelson.com\\\/wp-content\\\/uploads\\\/2026\\\/02\\\/handshake-1.jpg\",\"width\":975,\"height\":706,\"caption\":\"Primer plano de dos personas estrech\u00e1ndose la mano, con un voluntario sonriendo en el fondo desenfocado.\"},{\"@type\":\"BreadcrumbList\",\"@id\":\"https:\\\/\\\/abeytanelson.com\\\/es\\\/mes-nacional-del-voluntariado-abeyta-nelson-agradece-a-los-voluntarios-de-nuestra-comunidad\\\/#breadcrumb\",\"itemListElement\":[{\"@type\":\"ListItem\",\"position\":1,\"name\":\"Home\",\"item\":\"https:\\\/\\\/abeytanelson.com\\\/es\\\/inicio\\\/\"},{\"@type\":\"ListItem\",\"position\":2,\"name\":\"Mes Nacional del Voluntariado &#8211; Abeyta Nelson agradece a los voluntarios de nuestra comunidad\"}]},{\"@type\":\"WebSite\",\"@id\":\"https:\\\/\\\/abeytanelson.com\\\/es\\\/#website\",\"url\":\"https:\\\/\\\/abeytanelson.com\\\/es\\\/\",\"name\":\"Abeyta Nelson Injury Law\",\"description\":\"\",\"publisher\":{\"@id\":\"https:\\\/\\\/abeytanelson.com\\\/es\\\/#organization\"},\"potentialAction\":[{\"@type\":\"SearchAction\",\"target\":{\"@type\":\"EntryPoint\",\"urlTemplate\":\"https:\\\/\\\/abeytanelson.com\\\/es\\\/?s={search_term_string}\"},\"query-input\":{\"@type\":\"PropertyValueSpecification\",\"valueRequired\":true,\"valueName\":\"search_term_string\"}}],\"inLanguage\":\"es\"},{\"@type\":\"Organization\",\"@id\":\"https:\\\/\\\/abeytanelson.com\\\/es\\\/#organization\",\"name\":\"Abeyta Nelson Injury Law\",\"url\":\"https:\\\/\\\/abeytanelson.com\\\/es\\\/\",\"logo\":{\"@type\":\"ImageObject\",\"inLanguage\":\"es\",\"@id\":\"https:\\\/\\\/abeytanelson.com\\\/es\\\/#\\\/schema\\\/logo\\\/image\\\/\",\"url\":\"https:\\\/\\\/abeytanelson.com\\\/wp-content\\\/uploads\\\/2020\\\/02\\\/new-Logo-container.svg\",\"contentUrl\":\"https:\\\/\\\/abeytanelson.com\\\/wp-content\\\/uploads\\\/2020\\\/02\\\/new-Logo-container.svg\",\"width\":214,\"height\":67,\"caption\":\"Abeyta Nelson Injury Law\"},\"image\":{\"@id\":\"https:\\\/\\\/abeytanelson.com\\\/es\\\/#\\\/schema\\\/logo\\\/image\\\/\"},\"sameAs\":[\"https:\\\/\\\/www.facebook.com\\\/people\\\/Abeyta-Nelson-Injury-Law\\\/100063503115654\\\/\",\"https:\\\/\\\/www.yelp.com\\\/biz\\\/abeyta-nelson-injury-law-yakima?osq=abeyta nelson injury law\",\"https:\\\/\\\/www.instagram.com\\\/abeytanelsoninjurylaw\\\/\",\"https:\\\/\\\/www.linkedin.com\\\/company\\\/abeyta-nelson-injury-law\\\/\"]},{\"@type\":\"Person\",\"@id\":\"https:\\\/\\\/abeytanelson.com\\\/es\\\/#\\\/schema\\\/person\\\/f55d812d44d5e145ccb6cdb56c315563\",\"name\":\"Amy Peters\",\"image\":{\"@type\":\"ImageObject\",\"inLanguage\":\"es\",\"@id\":\"https:\\\/\\\/secure.gravatar.com\\\/avatar\\\/a306a7d05d32e4bb468c29a02ee46509c9da34f6dc6095577ca52ef4205e373d?s=96&d=mm&r=g\",\"url\":\"https:\\\/\\\/secure.gravatar.com\\\/avatar\\\/a306a7d05d32e4bb468c29a02ee46509c9da34f6dc6095577ca52ef4205e373d?s=96&d=mm&r=g\",\"contentUrl\":\"https:\\\/\\\/secure.gravatar.com\\\/avatar\\\/a306a7d05d32e4bb468c29a02ee46509c9da34f6dc6095577ca52ef4205e373d?s=96&d=mm&r=g\",\"caption\":\"Amy Peters\"}}]}<\/script>\n<!-- \/ Yoast SEO plugin. -->","yoast_head_json":{"title":"Mes Nacional del Voluntariado - Abeyta Nelson agradece a los voluntarios de nuestra comunidad","description":"Abeyta Nelson Injury Law reconoce al personal y a los abogados, as\u00ed como a todos los miembros de la comunidad que realizan voluntariado.","robots":{"index":"index","follow":"follow","max-snippet":"max-snippet:-1","max-image-preview":"max-image-preview:large","max-video-preview":"max-video-preview:-1"},"canonical":"https:\/\/abeytanelson.com\/es\/mes-nacional-del-voluntariado-abeyta-nelson-agradece-a-los-voluntarios-de-nuestra-comunidad\/","og_locale":"es_ES","og_type":"article","og_title":"Mes Nacional del Voluntariado - Abeyta Nelson agradece a los voluntarios de nuestra comunidad","og_description":"Abeyta Nelson Injury Law reconoce al personal y a los abogados, as\u00ed como a todos los miembros de la comunidad que realizan voluntariado.","og_url":"https:\/\/abeytanelson.com\/es\/mes-nacional-del-voluntariado-abeyta-nelson-agradece-a-los-voluntarios-de-nuestra-comunidad\/","og_site_name":"Abeyta Nelson Injury Law","article_publisher":"https:\/\/www.facebook.com\/people\/Abeyta-Nelson-Injury-Law\/100063503115654\/","article_published_time":"2017-04-25T04:25:08+00:00","article_modified_time":"2026-03-13T19:47:04+00:00","og_image":[{"width":975,"height":706,"url":"https:\/\/abeytanelson.com\/wp-content\/uploads\/2026\/02\/handshake-1.jpg","type":"image\/jpeg"}],"author":"Amy Peters","twitter_card":"summary_large_image","twitter_misc":{"Escrito por":"Amy Peters","Tiempo de lectura":"1 minuto"},"schema":{"@context":"https:\/\/schema.org","@graph":[{"@type":"Article","@id":"https:\/\/abeytanelson.com\/es\/mes-nacional-del-voluntariado-abeyta-nelson-agradece-a-los-voluntarios-de-nuestra-comunidad\/#article","isPartOf":{"@id":"https:\/\/abeytanelson.com\/es\/mes-nacional-del-voluntariado-abeyta-nelson-agradece-a-los-voluntarios-de-nuestra-comunidad\/"},"author":{"name":"Amy Peters","@id":"https:\/\/abeytanelson.com\/es\/#\/schema\/person\/f55d812d44d5e145ccb6cdb56c315563"},"headline":"Mes Nacional del Voluntariado &#8211; Abeyta Nelson agradece a los voluntarios de nuestra comunidad","datePublished":"2017-04-25T04:25:08+00:00","dateModified":"2026-03-13T19:47:04+00:00","mainEntityOfPage":{"@id":"https:\/\/abeytanelson.com\/es\/mes-nacional-del-voluntariado-abeyta-nelson-agradece-a-los-voluntarios-de-nuestra-comunidad\/"},"wordCount":237,"commentCount":0,"publisher":{"@id":"https:\/\/abeytanelson.com\/es\/#organization"},"image":{"@id":"https:\/\/abeytanelson.com\/es\/mes-nacional-del-voluntariado-abeyta-nelson-agradece-a-los-voluntarios-de-nuestra-comunidad\/#primaryimage"},"thumbnailUrl":"https:\/\/abeytanelson.com\/wp-content\/uploads\/2026\/02\/handshake-1.jpg","articleSection":["Noticias y eventos"],"inLanguage":"es","potentialAction":[{"@type":"CommentAction","name":"Comment","target":["https:\/\/abeytanelson.com\/es\/mes-nacional-del-voluntariado-abeyta-nelson-agradece-a-los-voluntarios-de-nuestra-comunidad\/#respond"]}]},{"@type":"WebPage","@id":"https:\/\/abeytanelson.com\/es\/mes-nacional-del-voluntariado-abeyta-nelson-agradece-a-los-voluntarios-de-nuestra-comunidad\/","url":"https:\/\/abeytanelson.com\/es\/mes-nacional-del-voluntariado-abeyta-nelson-agradece-a-los-voluntarios-de-nuestra-comunidad\/","name":"Mes Nacional del Voluntariado - Abeyta Nelson agradece a los voluntarios de nuestra comunidad","isPartOf":{"@id":"https:\/\/abeytanelson.com\/es\/#website"},"primaryImageOfPage":{"@id":"https:\/\/abeytanelson.com\/es\/mes-nacional-del-voluntariado-abeyta-nelson-agradece-a-los-voluntarios-de-nuestra-comunidad\/#primaryimage"},"image":{"@id":"https:\/\/abeytanelson.com\/es\/mes-nacional-del-voluntariado-abeyta-nelson-agradece-a-los-voluntarios-de-nuestra-comunidad\/#primaryimage"},"thumbnailUrl":"https:\/\/abeytanelson.com\/wp-content\/uploads\/2026\/02\/handshake-1.jpg","datePublished":"2017-04-25T04:25:08+00:00","dateModified":"2026-03-13T19:47:04+00:00","description":"Abeyta Nelson Injury Law reconoce al personal y a los abogados, as\u00ed como a todos los miembros de la comunidad que realizan voluntariado.","breadcrumb":{"@id":"https:\/\/abeytanelson.com\/es\/mes-nacional-del-voluntariado-abeyta-nelson-agradece-a-los-voluntarios-de-nuestra-comunidad\/#breadcrumb"},"inLanguage":"es","potentialAction":[{"@type":"ReadAction","target":["https:\/\/abeytanelson.com\/es\/mes-nacional-del-voluntariado-abeyta-nelson-agradece-a-los-voluntarios-de-nuestra-comunidad\/"]}]},{"@type":"ImageObject","inLanguage":"es","@id":"https:\/\/abeytanelson.com\/es\/mes-nacional-del-voluntariado-abeyta-nelson-agradece-a-los-voluntarios-de-nuestra-comunidad\/#primaryimage","url":"https:\/\/abeytanelson.com\/wp-content\/uploads\/2026\/02\/handshake-1.jpg","contentUrl":"https:\/\/abeytanelson.com\/wp-content\/uploads\/2026\/02\/handshake-1.jpg","width":975,"height":706,"caption":"Primer plano de dos personas estrech\u00e1ndose la mano, con un voluntario sonriendo en el fondo desenfocado."},{"@type":"BreadcrumbList","@id":"https:\/\/abeytanelson.com\/es\/mes-nacional-del-voluntariado-abeyta-nelson-agradece-a-los-voluntarios-de-nuestra-comunidad\/#breadcrumb","itemListElement":[{"@type":"ListItem","position":1,"name":"Home","item":"https:\/\/abeytanelson.com\/es\/inicio\/"},{"@type":"ListItem","position":2,"name":"Mes Nacional del Voluntariado &#8211; Abeyta Nelson agradece a los voluntarios de nuestra comunidad"}]},{"@type":"WebSite","@id":"https:\/\/abeytanelson.com\/es\/#website","url":"https:\/\/abeytanelson.com\/es\/","name":"Abeyta Nelson Injury Law","description":"","publisher":{"@id":"https:\/\/abeytanelson.com\/es\/#organization"},"potentialAction":[{"@type":"SearchAction","target":{"@type":"EntryPoint","urlTemplate":"https:\/\/abeytanelson.com\/es\/?s={search_term_string}"},"query-input":{"@type":"PropertyValueSpecification","valueRequired":true,"valueName":"search_term_string"}}],"inLanguage":"es"},{"@type":"Organization","@id":"https:\/\/abeytanelson.com\/es\/#organization","name":"Abeyta Nelson Injury Law","url":"https:\/\/abeytanelson.com\/es\/","logo":{"@type":"ImageObject","inLanguage":"es","@id":"https:\/\/abeytanelson.com\/es\/#\/schema\/logo\/image\/","url":"https:\/\/abeytanelson.com\/wp-content\/uploads\/2020\/02\/new-Logo-container.svg","contentUrl":"https:\/\/abeytanelson.com\/wp-content\/uploads\/2020\/02\/new-Logo-container.svg","width":214,"height":67,"caption":"Abeyta Nelson Injury Law"},"image":{"@id":"https:\/\/abeytanelson.com\/es\/#\/schema\/logo\/image\/"},"sameAs":["https:\/\/www.facebook.com\/people\/Abeyta-Nelson-Injury-Law\/100063503115654\/","https:\/\/www.yelp.com\/biz\/abeyta-nelson-injury-law-yakima?osq=abeyta nelson injury law","https:\/\/www.instagram.com\/abeytanelsoninjurylaw\/","https:\/\/www.linkedin.com\/company\/abeyta-nelson-injury-law\/"]},{"@type":"Person","@id":"https:\/\/abeytanelson.com\/es\/#\/schema\/person\/f55d812d44d5e145ccb6cdb56c315563","name":"Amy Peters","image":{"@type":"ImageObject","inLanguage":"es","@id":"https:\/\/secure.gravatar.com\/avatar\/a306a7d05d32e4bb468c29a02ee46509c9da34f6dc6095577ca52ef4205e373d?s=96&d=mm&r=g","url":"https:\/\/secure.gravatar.com\/avatar\/a306a7d05d32e4bb468c29a02ee46509c9da34f6dc6095577ca52ef4205e373d?s=96&d=mm&r=g","contentUrl":"https:\/\/secure.gravatar.com\/avatar\/a306a7d05d32e4bb468c29a02ee46509c9da34f6dc6095577ca52ef4205e373d?s=96&d=mm&r=g","caption":"Amy Peters"}}]}},"_links":{"self":[{"href":"https:\/\/abeytanelson.com\/es\/wp-json\/wp\/v2\/posts\/10411","targetHints":{"allow":["GET"]}}],"collection":[{"href":"https:\/\/abeytanelson.com\/es\/wp-json\/wp\/v2\/posts"}],"about":[{"href":"https:\/\/abeytanelson.com\/es\/wp-json\/wp\/v2\/types\/post"}],"author":[{"embeddable":true,"href":"https:\/\/abeytanelson.com\/es\/wp-json\/wp\/v2\/users\/5"}],"replies":[{"embeddable":true,"href":"https:\/\/abeytanelson.com\/es\/wp-json\/wp\/v2\/comments?post=10411"}],"version-history":[{"count":1,"href":"https:\/\/abeytanelson.com\/es\/wp-json\/wp\/v2\/posts\/10411\/revisions"}],"predecessor-version":[{"id":10413,"href":"https:\/\/abeytanelson.com\/es\/wp-json\/wp\/v2\/posts\/10411\/revisions\/10413"}],"wp:featuredmedia":[{"embeddable":true,"href":"https:\/\/abeytanelson.com\/es\/wp-json\/wp\/v2\/media\/10412"}],"wp:attachment":[{"href":"https:\/\/abeytanelson.com\/es\/wp-json\/wp\/v2\/media?parent=10411"}],"wp:term":[{"taxonomy":"category","embeddable":true,"href":"https:\/\/abeytanelson.com\/es\/wp-json\/wp\/v2\/categories?post=10411"},{"taxonomy":"post_tag","embeddable":true,"href":"https:\/\/abeytanelson.com\/es\/wp-json\/wp\/v2\/tags?post=10411"}],"curies":[{"name":"wp","href":"https:\/\/api.w.org\/{rel}","templated":true}]}}