{"id":10424,"date":"2017-03-21T00:55:40","date_gmt":"2017-03-21T05:55:40","guid":{"rendered":"http:\/\/abeytanelson.com\/los-abogados-de-lesiones-personales-de-yakima-terry-abeyta-y-rod-nelson-celebran-35-anos\/"},"modified":"2026-03-13T15:05:42","modified_gmt":"2026-03-13T20:05:42","slug":"los-abogados-de-lesiones-personales-de-yakima-terry-abeyta-y-rod-nelson-celebran-35-anos","status":"publish","type":"post","link":"https:\/\/abeytanelson.com\/es\/los-abogados-de-lesiones-personales-de-yakima-terry-abeyta-y-rod-nelson-celebran-35-anos\/","title":{"rendered":"Los abogados de lesiones personales de Yakima Terry Abeyta y Rod Nelson celebran 35 a\u00f1os"},"content":{"rendered":"\n<figure id=\"attachment_6011\" aria-describedby=\"caption-attachment-6011\" style=\"width: 200px\" class=\"wp-caption alignright\"><a href=\"https:\/\/youtu.be\/8b-rfHtwv5s\"><img fetchpriority=\"high\" decoding=\"async\" class=\"wp-image-6011\" src=\"https:\/\/abeytanelson.com\/wp-content\/uploads\/2026\/02\/TerryRod35YearsAd2017Vers4.jpg\" alt=\"Terry Abeyta y Rod Nelson, abogados de lesiones personales de Central Washington, celebran 35 a\u00f1os como socios legales\" width=\"200\" height=\"267\"><\/a><figcaption id=\"caption-attachment-6011\" class=\"wp-caption-text\">Terry Abeyta y Rod Nelson celebran sus 35 a\u00f1os de asociaci\u00f3n en el bufete de abogados<\/figcaption><\/figure>\n\nEl 17 de marzo de 2017, amigos, familiares, abogados y personal se reunieron para celebrar los 35 a\u00f1os de asociaci\u00f3n y amistad en el bufete de los abogados de lesiones personales de Central Washington Terry Abeyta y Rod Nelson. Invitados especiales asistieron a una cena el viernes para conmemorar este hito. \n\nEn 1981, Terry Abeyta dej\u00f3 un bufete de abogados m\u00e1s grande para comenzar su pr\u00e1ctica individual de lesiones personales en Yakima. Durante el a\u00f1o siguiente su negocio creci\u00f3, y tambi\u00e9n su necesidad de contratar a otro <a href=\"https:\/\/abeytanelson.com\/our-attorneys-yakima-ellensburg-sunnyside\/\" data-wpil-monitor-id=\"472\">abogado<\/a>. En un encuentro casual en 1982, <a href=\"https:\/\/abeytanelson.com\/preparing-for-washington-wildfire-season-yakima-wildland-fire-attorneys\/\" data-wpil-monitor-id=\"473\">Abeyta conoci\u00f3 a otro joven abogado<\/a>, Rod Nelson, y empezaron a hablar de la posibilidad de trabajar juntos. Los dos se reunieron para almorzar y <a href=\"https:\/\/abeytanelson.com\/abeyta-nelson-injury-law-voted-best-law-firm-in-yakima-washington\/\" data-wpil-monitor-id=\"474\">Abeyta finalmente le ofreci\u00f3 a Nelson un puesto en su bufete<\/a>. \u201cUno se enfrenta a algunas decisiones en la vida sobre las que reflexiona y piensa: \u2018Tom\u00e9 la decisi\u00f3n correcta\u2019. Esa decisi\u00f3n, la de unirme a Terry en el ejercicio de la abogac\u00eda, me llev\u00f3 por el camino profesional adecuado y me condujo a una <a href=\"https:\/\/abeytanelson.com\/beaulauriers-25-year-career-part-abeyta-nelson-success\/\" data-wpil-monitor-id=\"475\">asociaci\u00f3n muy exitosa\u201d, coment\u00f3 Nelson<\/a>.     \n\n\u201cA principios de la d\u00e9cada de 1980, los <a href=\"https:\/\/abeytanelson.com\/faqs\/how-does-abeyta-nelson-injury-law-firm-win-auto-accident-lawsuits\/\" data-wpil-monitor-id=\"476\">bufetes de abogados<\/a> no hac\u00edan publicidad. Fuimos el primer <a href=\"https:\/\/abeytanelson.com\/faqs\/how-does-abeyta-nelson-injury-law-firm-win-auto-accident-lawsuits\/\" data-wpil-monitor-id=\"477\">bufete de abogados<\/a> en anunciarse en Yakima, pero sab\u00edamos que est\u00e1bamos haciendo lo correcto\u201d, reflexion\u00f3 Abeyta. \u201cLa forma de construir una pr\u00e1ctica excepcional de <a href=\"https:\/\/abeytanelson.com\/abeyta-nelson-helps-client-noelle-pratt-recover-serious-fall\/\" data-wpil-monitor-id=\"478\">derecho de lesiones personales<\/a> es dejar que la gente sepa lo que est\u00e1s haciendo; hacer lo que dices que vas a hacer; y lo m\u00e1s importante, hacerlo mejor que nadie\u201d, dijo Abeyta.  \n\n\u201cEl \u00e9xito de Abeyta Nelson\u201d, continu\u00f3 Abeyta, \u201cse <a href=\"https:\/\/abeytanelson.com\/wage-loss-claims-help-with-missed-work-due-to-an-accident\/\" data-wpil-monitor-id=\"2\">debe a la calidad de las personas que trabajan<\/a> para nosotros y a la calidad del ejercicio de la abogac\u00eda. Estoy muy, muy orgulloso de nuestra reputaci\u00f3n como destacados <a class=\"wpil_keyword_link\" title=\"abogados de lesiones personales\" href=\"https:\/\/abeytanelson.com\/\" data-wpil-keyword-link=\"linked\" data-wpil-monitor-id=\"471\">abogados de lesiones personales<\/a> de Central Washington, no solo en nuestra regi\u00f3n, sino en todo el estado\u201d, a\u00f1adi\u00f3 Abeyta. \n\n\u201cEstoy muy agradecido con nuestro personal, que nos hace quedar bien a los abogados\u201d, dijo Nelson, quien hizo un reconocimiento a los empleados de <a href=\"https:\/\/abeytanelson.com\/abeyta-nelson-settles-landmark-6-9-m-traumatic-brain-injury-case\/\" data-wpil-monitor-id=\"479\">Abeyta Nelson<\/a>. \u201cY, por supuesto, ning\u00fan negocio funciona sin el apoyo de la familia, por lo cual estoy agradecido\u201d, a\u00f1adi\u00f3 Nelson. Tanto <a href=\"https:\/\/abeytanelson.com\/terry-abeyta-david-abeyta-honored-by-best-lawyers-super-lawyers\/\" data-wpil-monitor-id=\"480\">Terry Abeyta<\/a> como Rod Nelson agradecieron a sus familias y amigos, a los abogados y al personal del bufete, y a los miles de clientes que a lo largo de los \u00faltimos 35 a\u00f1os han hecho de Abeyta Nelson Injury Law el exitoso bufete de abogados que es hoy.  \n<h2>Contrate a nuestros abogados de lesiones personales en Yakima<\/h2>\nEnv\u00edenos <a href=\"https:\/\/abeytanelson.com\/contact-yakima-injury-lawyer\/\">un mensaje<\/a> o ll\u00e1menos al <span style=\"font-weight: 400;\"> <\/span><a href=\"tel:800-927-2845\"><span style=\"font-weight: 400;\">800-927-2845<\/span><\/a><span style=\"font-weight: 400;\"> <\/span>para comenzar ahora\n\n&nbsp;\n","protected":false},"excerpt":{"rendered":"<p>El 17 de marzo de 2017, amigos, familiares, abogados y personal se reunieron para celebrar los 35 a\u00f1os de asociaci\u00f3n y amistad en el bufete de los abogados de lesiones personales de Central Washington Terry Abeyta y Rod Nelson. Invitados especiales asistieron a una cena el viernes para conmemorar este hito. En 1981, Terry Abeyta [&hellip;]<\/p>\n","protected":false},"author":5,"featured_media":10425,"comment_status":"open","ping_status":"open","sticky":false,"template":"","format":"standard","meta":{"_acf_changed":false,"footnotes":""},"categories":[395],"tags":[399,702,511],"class_list":["post-10424","post","type-post","status-publish","format-standard","has-post-thumbnail","hentry","category-noticias-y-eventos","tag-abeyta-nelson-injury-law","tag-abogados-de-lesiones-personales-de-central-washington","tag-abogados-de-lesiones-personales-de-yakima"],"acf":[],"yoast_head":"<!-- This site is optimized with the Yoast SEO plugin v27.3 - https:\/\/yoast.com\/product\/yoast-seo-wordpress\/ -->\n<title>Rod Nelson y Terry Abeyta celebran los 35 a\u00f1os de Abeyta Nelson<\/title>\n<meta name=\"description\" content=\"Terry Abeyta y Rod Nelson, abogados de lesiones personales de Central Washington de Abeyta Nelson Injury Law, reflexionan sobre sus 35 a\u00f1os de asociaci\u00f3n\" \/>\n<meta name=\"robots\" content=\"index, follow, max-snippet:-1, max-image-preview:large, max-video-preview:-1\" \/>\n<link rel=\"canonical\" href=\"https:\/\/abeytanelson.com\/es\/los-abogados-de-lesiones-personales-de-yakima-terry-abeyta-y-rod-nelson-celebran-35-anos\/\" \/>\n<meta property=\"og:locale\" content=\"es_ES\" \/>\n<meta property=\"og:type\" content=\"article\" \/>\n<meta property=\"og:title\" content=\"Rod Nelson y Terry Abeyta celebran los 35 a\u00f1os de Abeyta Nelson\" \/>\n<meta property=\"og:description\" content=\"Terry Abeyta y Rod Nelson, abogados de lesiones personales de Central Washington de Abeyta Nelson Injury Law, reflexionan sobre sus 35 a\u00f1os de asociaci\u00f3n\" \/>\n<meta property=\"og:url\" content=\"https:\/\/abeytanelson.com\/es\/los-abogados-de-lesiones-personales-de-yakima-terry-abeyta-y-rod-nelson-celebran-35-anos\/\" \/>\n<meta property=\"og:site_name\" content=\"Abeyta Nelson Injury Law\" \/>\n<meta property=\"article:publisher\" content=\"https:\/\/www.facebook.com\/people\/Abeyta-Nelson-Injury-Law\/100063503115654\/\" \/>\n<meta property=\"article:published_time\" content=\"2017-03-21T05:55:40+00:00\" \/>\n<meta property=\"article:modified_time\" content=\"2026-03-13T20:05:42+00:00\" \/>\n<meta property=\"og:image\" content=\"https:\/\/abeytanelson.com\/wp-content\/uploads\/2026\/02\/TerryRod35YearsAd2017Vers4.jpg\" \/>\n\t<meta property=\"og:image:width\" content=\"600\" \/>\n\t<meta property=\"og:image:height\" content=\"800\" \/>\n\t<meta property=\"og:image:type\" content=\"image\/jpeg\" \/>\n<meta name=\"author\" content=\"Amy Peters\" \/>\n<meta name=\"twitter:card\" content=\"summary_large_image\" \/>\n<meta name=\"twitter:label1\" content=\"Escrito por\" \/>\n\t<meta name=\"twitter:data1\" content=\"Amy Peters\" \/>\n\t<meta name=\"twitter:label2\" content=\"Tiempo de lectura\" \/>\n\t<meta name=\"twitter:data2\" content=\"2 minutos\" \/>\n<script type=\"application\/ld+json\" class=\"yoast-schema-graph\">{\"@context\":\"https:\\\/\\\/schema.org\",\"@graph\":[{\"@type\":\"Article\",\"@id\":\"https:\\\/\\\/abeytanelson.com\\\/es\\\/los-abogados-de-lesiones-personales-de-yakima-terry-abeyta-y-rod-nelson-celebran-35-anos\\\/#article\",\"isPartOf\":{\"@id\":\"https:\\\/\\\/abeytanelson.com\\\/es\\\/los-abogados-de-lesiones-personales-de-yakima-terry-abeyta-y-rod-nelson-celebran-35-anos\\\/\"},\"author\":{\"name\":\"Amy Peters\",\"@id\":\"https:\\\/\\\/abeytanelson.com\\\/es\\\/#\\\/schema\\\/person\\\/f55d812d44d5e145ccb6cdb56c315563\"},\"headline\":\"Los abogados de lesiones personales de Yakima Terry Abeyta y Rod Nelson celebran 35 a\u00f1os\",\"datePublished\":\"2017-03-21T05:55:40+00:00\",\"dateModified\":\"2026-03-13T20:05:42+00:00\",\"mainEntityOfPage\":{\"@id\":\"https:\\\/\\\/abeytanelson.com\\\/es\\\/los-abogados-de-lesiones-personales-de-yakima-terry-abeyta-y-rod-nelson-celebran-35-anos\\\/\"},\"wordCount\":482,\"commentCount\":0,\"publisher\":{\"@id\":\"https:\\\/\\\/abeytanelson.com\\\/es\\\/#organization\"},\"image\":{\"@id\":\"https:\\\/\\\/abeytanelson.com\\\/es\\\/los-abogados-de-lesiones-personales-de-yakima-terry-abeyta-y-rod-nelson-celebran-35-anos\\\/#primaryimage\"},\"thumbnailUrl\":\"https:\\\/\\\/abeytanelson.com\\\/wp-content\\\/uploads\\\/2026\\\/02\\\/TerryRod35YearsAd2017Vers4.jpg\",\"keywords\":[\"Abeyta Nelson Injury Law\",\"Abogados de lesiones personales de Central Washington\",\"Abogados de Lesiones Personales de Yakima\"],\"articleSection\":[\"Noticias y eventos\"],\"inLanguage\":\"es\",\"potentialAction\":[{\"@type\":\"CommentAction\",\"name\":\"Comment\",\"target\":[\"https:\\\/\\\/abeytanelson.com\\\/es\\\/los-abogados-de-lesiones-personales-de-yakima-terry-abeyta-y-rod-nelson-celebran-35-anos\\\/#respond\"]}]},{\"@type\":\"WebPage\",\"@id\":\"https:\\\/\\\/abeytanelson.com\\\/es\\\/los-abogados-de-lesiones-personales-de-yakima-terry-abeyta-y-rod-nelson-celebran-35-anos\\\/\",\"url\":\"https:\\\/\\\/abeytanelson.com\\\/es\\\/los-abogados-de-lesiones-personales-de-yakima-terry-abeyta-y-rod-nelson-celebran-35-anos\\\/\",\"name\":\"Rod Nelson y Terry Abeyta celebran los 35 a\u00f1os de Abeyta Nelson\",\"isPartOf\":{\"@id\":\"https:\\\/\\\/abeytanelson.com\\\/es\\\/#website\"},\"primaryImageOfPage\":{\"@id\":\"https:\\\/\\\/abeytanelson.com\\\/es\\\/los-abogados-de-lesiones-personales-de-yakima-terry-abeyta-y-rod-nelson-celebran-35-anos\\\/#primaryimage\"},\"image\":{\"@id\":\"https:\\\/\\\/abeytanelson.com\\\/es\\\/los-abogados-de-lesiones-personales-de-yakima-terry-abeyta-y-rod-nelson-celebran-35-anos\\\/#primaryimage\"},\"thumbnailUrl\":\"https:\\\/\\\/abeytanelson.com\\\/wp-content\\\/uploads\\\/2026\\\/02\\\/TerryRod35YearsAd2017Vers4.jpg\",\"datePublished\":\"2017-03-21T05:55:40+00:00\",\"dateModified\":\"2026-03-13T20:05:42+00:00\",\"description\":\"Terry Abeyta y Rod Nelson, abogados de lesiones personales de Central Washington de Abeyta Nelson Injury Law, reflexionan sobre sus 35 a\u00f1os de asociaci\u00f3n\",\"breadcrumb\":{\"@id\":\"https:\\\/\\\/abeytanelson.com\\\/es\\\/los-abogados-de-lesiones-personales-de-yakima-terry-abeyta-y-rod-nelson-celebran-35-anos\\\/#breadcrumb\"},\"inLanguage\":\"es\",\"potentialAction\":[{\"@type\":\"ReadAction\",\"target\":[\"https:\\\/\\\/abeytanelson.com\\\/es\\\/los-abogados-de-lesiones-personales-de-yakima-terry-abeyta-y-rod-nelson-celebran-35-anos\\\/\"]}]},{\"@type\":\"ImageObject\",\"inLanguage\":\"es\",\"@id\":\"https:\\\/\\\/abeytanelson.com\\\/es\\\/los-abogados-de-lesiones-personales-de-yakima-terry-abeyta-y-rod-nelson-celebran-35-anos\\\/#primaryimage\",\"url\":\"https:\\\/\\\/abeytanelson.com\\\/wp-content\\\/uploads\\\/2026\\\/02\\\/TerryRod35YearsAd2017Vers4.jpg\",\"contentUrl\":\"https:\\\/\\\/abeytanelson.com\\\/wp-content\\\/uploads\\\/2026\\\/02\\\/TerryRod35YearsAd2017Vers4.jpg\",\"width\":600,\"height\":800,\"caption\":\"Dos hombres de traje est\u00e1n de pie al aire libre con vegetaci\u00f3n detr\u00e1s de ellos. El texto felicita a Terry Abeyta y Rod Nelson, abogados de lesiones personales de Central Washington, por sus 35 a\u00f1os como socios del bufete de abogados Abeyta Nelson Injury Law, 1982-2017.\"},{\"@type\":\"BreadcrumbList\",\"@id\":\"https:\\\/\\\/abeytanelson.com\\\/es\\\/los-abogados-de-lesiones-personales-de-yakima-terry-abeyta-y-rod-nelson-celebran-35-anos\\\/#breadcrumb\",\"itemListElement\":[{\"@type\":\"ListItem\",\"position\":1,\"name\":\"Home\",\"item\":\"https:\\\/\\\/abeytanelson.com\\\/es\\\/inicio\\\/\"},{\"@type\":\"ListItem\",\"position\":2,\"name\":\"Los abogados de lesiones personales de Yakima Terry Abeyta y Rod Nelson celebran 35 a\u00f1os\"}]},{\"@type\":\"WebSite\",\"@id\":\"https:\\\/\\\/abeytanelson.com\\\/es\\\/#website\",\"url\":\"https:\\\/\\\/abeytanelson.com\\\/es\\\/\",\"name\":\"Abeyta Nelson Injury Law\",\"description\":\"\",\"publisher\":{\"@id\":\"https:\\\/\\\/abeytanelson.com\\\/es\\\/#organization\"},\"potentialAction\":[{\"@type\":\"SearchAction\",\"target\":{\"@type\":\"EntryPoint\",\"urlTemplate\":\"https:\\\/\\\/abeytanelson.com\\\/es\\\/?s={search_term_string}\"},\"query-input\":{\"@type\":\"PropertyValueSpecification\",\"valueRequired\":true,\"valueName\":\"search_term_string\"}}],\"inLanguage\":\"es\"},{\"@type\":\"Organization\",\"@id\":\"https:\\\/\\\/abeytanelson.com\\\/es\\\/#organization\",\"name\":\"Abeyta Nelson Injury Law\",\"url\":\"https:\\\/\\\/abeytanelson.com\\\/es\\\/\",\"logo\":{\"@type\":\"ImageObject\",\"inLanguage\":\"es\",\"@id\":\"https:\\\/\\\/abeytanelson.com\\\/es\\\/#\\\/schema\\\/logo\\\/image\\\/\",\"url\":\"https:\\\/\\\/abeytanelson.com\\\/wp-content\\\/uploads\\\/2020\\\/02\\\/new-Logo-container.svg\",\"contentUrl\":\"https:\\\/\\\/abeytanelson.com\\\/wp-content\\\/uploads\\\/2020\\\/02\\\/new-Logo-container.svg\",\"width\":214,\"height\":67,\"caption\":\"Abeyta Nelson Injury Law\"},\"image\":{\"@id\":\"https:\\\/\\\/abeytanelson.com\\\/es\\\/#\\\/schema\\\/logo\\\/image\\\/\"},\"sameAs\":[\"https:\\\/\\\/www.facebook.com\\\/people\\\/Abeyta-Nelson-Injury-Law\\\/100063503115654\\\/\",\"https:\\\/\\\/www.yelp.com\\\/biz\\\/abeyta-nelson-injury-law-yakima?osq=abeyta nelson injury law\",\"https:\\\/\\\/www.instagram.com\\\/abeytanelsoninjurylaw\\\/\",\"https:\\\/\\\/www.linkedin.com\\\/company\\\/abeyta-nelson-injury-law\\\/\"]},{\"@type\":\"Person\",\"@id\":\"https:\\\/\\\/abeytanelson.com\\\/es\\\/#\\\/schema\\\/person\\\/f55d812d44d5e145ccb6cdb56c315563\",\"name\":\"Amy Peters\",\"image\":{\"@type\":\"ImageObject\",\"inLanguage\":\"es\",\"@id\":\"https:\\\/\\\/secure.gravatar.com\\\/avatar\\\/a306a7d05d32e4bb468c29a02ee46509c9da34f6dc6095577ca52ef4205e373d?s=96&d=mm&r=g\",\"url\":\"https:\\\/\\\/secure.gravatar.com\\\/avatar\\\/a306a7d05d32e4bb468c29a02ee46509c9da34f6dc6095577ca52ef4205e373d?s=96&d=mm&r=g\",\"contentUrl\":\"https:\\\/\\\/secure.gravatar.com\\\/avatar\\\/a306a7d05d32e4bb468c29a02ee46509c9da34f6dc6095577ca52ef4205e373d?s=96&d=mm&r=g\",\"caption\":\"Amy Peters\"}}]}<\/script>\n<!-- \/ Yoast SEO plugin. -->","yoast_head_json":{"title":"Rod Nelson y Terry Abeyta celebran los 35 a\u00f1os de Abeyta Nelson","description":"Terry Abeyta y Rod Nelson, abogados de lesiones personales de Central Washington de Abeyta Nelson Injury Law, reflexionan sobre sus 35 a\u00f1os de asociaci\u00f3n","robots":{"index":"index","follow":"follow","max-snippet":"max-snippet:-1","max-image-preview":"max-image-preview:large","max-video-preview":"max-video-preview:-1"},"canonical":"https:\/\/abeytanelson.com\/es\/los-abogados-de-lesiones-personales-de-yakima-terry-abeyta-y-rod-nelson-celebran-35-anos\/","og_locale":"es_ES","og_type":"article","og_title":"Rod Nelson y Terry Abeyta celebran los 35 a\u00f1os de Abeyta Nelson","og_description":"Terry Abeyta y Rod Nelson, abogados de lesiones personales de Central Washington de Abeyta Nelson Injury Law, reflexionan sobre sus 35 a\u00f1os de asociaci\u00f3n","og_url":"https:\/\/abeytanelson.com\/es\/los-abogados-de-lesiones-personales-de-yakima-terry-abeyta-y-rod-nelson-celebran-35-anos\/","og_site_name":"Abeyta Nelson Injury Law","article_publisher":"https:\/\/www.facebook.com\/people\/Abeyta-Nelson-Injury-Law\/100063503115654\/","article_published_time":"2017-03-21T05:55:40+00:00","article_modified_time":"2026-03-13T20:05:42+00:00","og_image":[{"width":600,"height":800,"url":"https:\/\/abeytanelson.com\/wp-content\/uploads\/2026\/02\/TerryRod35YearsAd2017Vers4.jpg","type":"image\/jpeg"}],"author":"Amy Peters","twitter_card":"summary_large_image","twitter_misc":{"Escrito por":"Amy Peters","Tiempo de lectura":"2 minutos"},"schema":{"@context":"https:\/\/schema.org","@graph":[{"@type":"Article","@id":"https:\/\/abeytanelson.com\/es\/los-abogados-de-lesiones-personales-de-yakima-terry-abeyta-y-rod-nelson-celebran-35-anos\/#article","isPartOf":{"@id":"https:\/\/abeytanelson.com\/es\/los-abogados-de-lesiones-personales-de-yakima-terry-abeyta-y-rod-nelson-celebran-35-anos\/"},"author":{"name":"Amy Peters","@id":"https:\/\/abeytanelson.com\/es\/#\/schema\/person\/f55d812d44d5e145ccb6cdb56c315563"},"headline":"Los abogados de lesiones personales de Yakima Terry Abeyta y Rod Nelson celebran 35 a\u00f1os","datePublished":"2017-03-21T05:55:40+00:00","dateModified":"2026-03-13T20:05:42+00:00","mainEntityOfPage":{"@id":"https:\/\/abeytanelson.com\/es\/los-abogados-de-lesiones-personales-de-yakima-terry-abeyta-y-rod-nelson-celebran-35-anos\/"},"wordCount":482,"commentCount":0,"publisher":{"@id":"https:\/\/abeytanelson.com\/es\/#organization"},"image":{"@id":"https:\/\/abeytanelson.com\/es\/los-abogados-de-lesiones-personales-de-yakima-terry-abeyta-y-rod-nelson-celebran-35-anos\/#primaryimage"},"thumbnailUrl":"https:\/\/abeytanelson.com\/wp-content\/uploads\/2026\/02\/TerryRod35YearsAd2017Vers4.jpg","keywords":["Abeyta Nelson Injury Law","Abogados de lesiones personales de Central Washington","Abogados de Lesiones Personales de Yakima"],"articleSection":["Noticias y eventos"],"inLanguage":"es","potentialAction":[{"@type":"CommentAction","name":"Comment","target":["https:\/\/abeytanelson.com\/es\/los-abogados-de-lesiones-personales-de-yakima-terry-abeyta-y-rod-nelson-celebran-35-anos\/#respond"]}]},{"@type":"WebPage","@id":"https:\/\/abeytanelson.com\/es\/los-abogados-de-lesiones-personales-de-yakima-terry-abeyta-y-rod-nelson-celebran-35-anos\/","url":"https:\/\/abeytanelson.com\/es\/los-abogados-de-lesiones-personales-de-yakima-terry-abeyta-y-rod-nelson-celebran-35-anos\/","name":"Rod Nelson y Terry Abeyta celebran los 35 a\u00f1os de Abeyta Nelson","isPartOf":{"@id":"https:\/\/abeytanelson.com\/es\/#website"},"primaryImageOfPage":{"@id":"https:\/\/abeytanelson.com\/es\/los-abogados-de-lesiones-personales-de-yakima-terry-abeyta-y-rod-nelson-celebran-35-anos\/#primaryimage"},"image":{"@id":"https:\/\/abeytanelson.com\/es\/los-abogados-de-lesiones-personales-de-yakima-terry-abeyta-y-rod-nelson-celebran-35-anos\/#primaryimage"},"thumbnailUrl":"https:\/\/abeytanelson.com\/wp-content\/uploads\/2026\/02\/TerryRod35YearsAd2017Vers4.jpg","datePublished":"2017-03-21T05:55:40+00:00","dateModified":"2026-03-13T20:05:42+00:00","description":"Terry Abeyta y Rod Nelson, abogados de lesiones personales de Central Washington de Abeyta Nelson Injury Law, reflexionan sobre sus 35 a\u00f1os de asociaci\u00f3n","breadcrumb":{"@id":"https:\/\/abeytanelson.com\/es\/los-abogados-de-lesiones-personales-de-yakima-terry-abeyta-y-rod-nelson-celebran-35-anos\/#breadcrumb"},"inLanguage":"es","potentialAction":[{"@type":"ReadAction","target":["https:\/\/abeytanelson.com\/es\/los-abogados-de-lesiones-personales-de-yakima-terry-abeyta-y-rod-nelson-celebran-35-anos\/"]}]},{"@type":"ImageObject","inLanguage":"es","@id":"https:\/\/abeytanelson.com\/es\/los-abogados-de-lesiones-personales-de-yakima-terry-abeyta-y-rod-nelson-celebran-35-anos\/#primaryimage","url":"https:\/\/abeytanelson.com\/wp-content\/uploads\/2026\/02\/TerryRod35YearsAd2017Vers4.jpg","contentUrl":"https:\/\/abeytanelson.com\/wp-content\/uploads\/2026\/02\/TerryRod35YearsAd2017Vers4.jpg","width":600,"height":800,"caption":"Dos hombres de traje est\u00e1n de pie al aire libre con vegetaci\u00f3n detr\u00e1s de ellos. El texto felicita a Terry Abeyta y Rod Nelson, abogados de lesiones personales de Central Washington, por sus 35 a\u00f1os como socios del bufete de abogados Abeyta Nelson Injury Law, 1982-2017."},{"@type":"BreadcrumbList","@id":"https:\/\/abeytanelson.com\/es\/los-abogados-de-lesiones-personales-de-yakima-terry-abeyta-y-rod-nelson-celebran-35-anos\/#breadcrumb","itemListElement":[{"@type":"ListItem","position":1,"name":"Home","item":"https:\/\/abeytanelson.com\/es\/inicio\/"},{"@type":"ListItem","position":2,"name":"Los abogados de lesiones personales de Yakima Terry Abeyta y Rod Nelson celebran 35 a\u00f1os"}]},{"@type":"WebSite","@id":"https:\/\/abeytanelson.com\/es\/#website","url":"https:\/\/abeytanelson.com\/es\/","name":"Abeyta Nelson Injury Law","description":"","publisher":{"@id":"https:\/\/abeytanelson.com\/es\/#organization"},"potentialAction":[{"@type":"SearchAction","target":{"@type":"EntryPoint","urlTemplate":"https:\/\/abeytanelson.com\/es\/?s={search_term_string}"},"query-input":{"@type":"PropertyValueSpecification","valueRequired":true,"valueName":"search_term_string"}}],"inLanguage":"es"},{"@type":"Organization","@id":"https:\/\/abeytanelson.com\/es\/#organization","name":"Abeyta Nelson Injury Law","url":"https:\/\/abeytanelson.com\/es\/","logo":{"@type":"ImageObject","inLanguage":"es","@id":"https:\/\/abeytanelson.com\/es\/#\/schema\/logo\/image\/","url":"https:\/\/abeytanelson.com\/wp-content\/uploads\/2020\/02\/new-Logo-container.svg","contentUrl":"https:\/\/abeytanelson.com\/wp-content\/uploads\/2020\/02\/new-Logo-container.svg","width":214,"height":67,"caption":"Abeyta Nelson Injury Law"},"image":{"@id":"https:\/\/abeytanelson.com\/es\/#\/schema\/logo\/image\/"},"sameAs":["https:\/\/www.facebook.com\/people\/Abeyta-Nelson-Injury-Law\/100063503115654\/","https:\/\/www.yelp.com\/biz\/abeyta-nelson-injury-law-yakima?osq=abeyta nelson injury law","https:\/\/www.instagram.com\/abeytanelsoninjurylaw\/","https:\/\/www.linkedin.com\/company\/abeyta-nelson-injury-law\/"]},{"@type":"Person","@id":"https:\/\/abeytanelson.com\/es\/#\/schema\/person\/f55d812d44d5e145ccb6cdb56c315563","name":"Amy Peters","image":{"@type":"ImageObject","inLanguage":"es","@id":"https:\/\/secure.gravatar.com\/avatar\/a306a7d05d32e4bb468c29a02ee46509c9da34f6dc6095577ca52ef4205e373d?s=96&d=mm&r=g","url":"https:\/\/secure.gravatar.com\/avatar\/a306a7d05d32e4bb468c29a02ee46509c9da34f6dc6095577ca52ef4205e373d?s=96&d=mm&r=g","contentUrl":"https:\/\/secure.gravatar.com\/avatar\/a306a7d05d32e4bb468c29a02ee46509c9da34f6dc6095577ca52ef4205e373d?s=96&d=mm&r=g","caption":"Amy Peters"}}]}},"_links":{"self":[{"href":"https:\/\/abeytanelson.com\/es\/wp-json\/wp\/v2\/posts\/10424","targetHints":{"allow":["GET"]}}],"collection":[{"href":"https:\/\/abeytanelson.com\/es\/wp-json\/wp\/v2\/posts"}],"about":[{"href":"https:\/\/abeytanelson.com\/es\/wp-json\/wp\/v2\/types\/post"}],"author":[{"embeddable":true,"href":"https:\/\/abeytanelson.com\/es\/wp-json\/wp\/v2\/users\/5"}],"replies":[{"embeddable":true,"href":"https:\/\/abeytanelson.com\/es\/wp-json\/wp\/v2\/comments?post=10424"}],"version-history":[{"count":1,"href":"https:\/\/abeytanelson.com\/es\/wp-json\/wp\/v2\/posts\/10424\/revisions"}],"predecessor-version":[{"id":10426,"href":"https:\/\/abeytanelson.com\/es\/wp-json\/wp\/v2\/posts\/10424\/revisions\/10426"}],"wp:featuredmedia":[{"embeddable":true,"href":"https:\/\/abeytanelson.com\/es\/wp-json\/wp\/v2\/media\/10425"}],"wp:attachment":[{"href":"https:\/\/abeytanelson.com\/es\/wp-json\/wp\/v2\/media?parent=10424"}],"wp:term":[{"taxonomy":"category","embeddable":true,"href":"https:\/\/abeytanelson.com\/es\/wp-json\/wp\/v2\/categories?post=10424"},{"taxonomy":"post_tag","embeddable":true,"href":"https:\/\/abeytanelson.com\/es\/wp-json\/wp\/v2\/tags?post=10424"}],"curies":[{"name":"wp","href":"https:\/\/api.w.org\/{rel}","templated":true}]}}