{"id":10442,"date":"2014-12-03T05:36:28","date_gmt":"2014-12-03T11:36:28","guid":{"rendered":"http:\/\/abeytanelson.com\/el-estres-de-quien-tiene-la-culpa-tras-una-lesion-por-accidente-de-trafico\/"},"modified":"2026-03-13T15:07:13","modified_gmt":"2026-03-13T20:07:13","slug":"el-estres-de-quien-tiene-la-culpa-tras-una-lesion-por-accidente-de-trafico","status":"publish","type":"post","link":"https:\/\/abeytanelson.com\/es\/el-estres-de-quien-tiene-la-culpa-tras-una-lesion-por-accidente-de-trafico\/","title":{"rendered":"El estr\u00e9s de \u00ab\u00bfQui\u00e9n tiene la culpa?\u00bb tras una lesi\u00f3n por accidente de tr\u00e1fico"},"content":{"rendered":"\nSi ha sufrido una lesi\u00f3n grave, es posible que se est\u00e9 planteando la cuesti\u00f3n de si buscar la asistencia de un abogado de lesiones personales. Comprender el papel fundamental que estos profesionales del derecho desempe\u00f1an en la defensa de sus derechos y en la obtenci\u00f3n de una compensaci\u00f3n justa es crucial. \n<h2><strong>1. Asignaci\u00f3n de responsabilidades<\/strong><\/h2>\nTras una lesi\u00f3n, determinar la culpa puede ser complejo y desalentador. Si bien algunos accidentes son inevitables, otros son resultado de negligencia o mala conducta. Un <a href=\"https:\/\/abeytanelson.com\/5-questions-to-ask-when-choosing-a-personal-injury-attorney\/\" data-wpil-monitor-id=\"156\">abogado de lesiones personales<\/a> es experto en investigar las circunstancias que rodean su lesi\u00f3n y establecer la responsabilidad, asegurando que los responsables rindan cuentas por sus acciones.  \n<h2><strong>2. Trato con las compa\u00f1\u00edas de seguros<\/strong><\/h2>\nNavegar por las complejidades de tratar con las <a href=\"https:\/\/abeytanelson.com\/insurance-company-treating-fairly\/\" data-wpil-monitor-id=\"157\">compa\u00f1\u00edas de seguros<\/a> puede ser abrumador, especialmente cuando estas se muestran reacias a cumplir con sus obligaciones. Los <a href=\"https:\/\/abeytanelson.com\/if-youre-hurt-due-to-the-fault-of-a-family-member\/\" data-wpil-monitor-id=\"158\">ajustadores de seguros pueden retrasar o denegar su reclamaci\u00f3n<\/a>, dej\u00e1ndole sin la compensaci\u00f3n que merece. Al contar con el apoyo de un abogado de <a href=\"https:\/\/abeytanelson.com\/are-bounce-houses-safe\/\" data-wpil-monitor-id=\"159\">lesiones personales<\/a>, tendr\u00e1 a su lado a un negociador experto que podr\u00e1 comunicarse eficazmente con los proveedores de seguros y abogar por un acuerdo justo que cubra todas sus p\u00e9rdidas, incluidos los gastos m\u00e9dicos, la p\u00e9rdida de salarios y el dolor y sufrimiento.  \n<h2><strong>3. Comprensi\u00f3n de los plazos de prescripci\u00f3n<\/strong><\/h2>\nEl tiempo es esencial en los <a href=\"https:\/\/abeytanelson.com\/settling-personal-injury-case\/\" data-wpil-monitor-id=\"160\">casos de lesiones personales<\/a>, ya que existen plazos estrictos \u2014conocidos como plazos de prescripci\u00f3n\u2014 que dictan el per\u00edodo dentro del cual puede presentar una reclamaci\u00f3n. El incumplimiento de estos plazos puede poner en peligro su capacidad para solicitar una indemnizaci\u00f3n. Al consultar con un <a href=\"https:\/\/abeytanelson.com\/expect-first-meeting-personal-injury-attorney\/\" data-wpil-monitor-id=\"161\">abogado de lesiones personales<\/a> r\u00e1pidamente despu\u00e9s de su lesi\u00f3n, se asegura de que se tomen medidas cruciales, como notificar a los empleadores, recopilar pruebas y documentar los gastos m\u00e9dicos, de manera oportuna, lo que refuerza la solidez de su caso.  \n<h2><strong>4. Centrarse en su recuperaci\u00f3n<\/strong><\/h2>\nTras una lesi\u00f3n grave, su prioridad debe ser su recuperaci\u00f3n f\u00edsica y emocional. Confiar los aspectos legales de su caso a un <a href=\"https:\/\/abeytanelson.com\/central-washington-personal-injury-attorneys-celebrate-35-years\/\" data-wpil-monitor-id=\"162\">abogado de lesiones personales<\/a> experimentado le permite concentrarse en la curaci\u00f3n, sabiendo que sus derechos legales est\u00e1n siendo salvaguardados y defendidos diligentemente. Con su experiencia y defensa, puede estar seguro de que se est\u00e1 haciendo todo lo posible para lograr una resoluci\u00f3n favorable para su caso.  \n<h2><strong>Contratar a un abogado de lesiones personales en Yakima<\/strong><\/h2>\nEn momentos de angustia e incertidumbre, contar con un aliado de confianza en forma de <a href=\"https:\/\/abeytanelson.com\/dont-waive-auto-insurance-advice-yakima-personal-injury-attorney\/\" data-wpil-monitor-id=\"163\">abogado de lesiones personales<\/a> puede marcar la diferencia. En <a href=\"https:\/\/abeytanelson.com\/abeyta-nelson-injury-law-voted-best-law-firm-in-yakima-washington\/\" data-wpil-monitor-id=\"164\">Abeyta Nelson<\/a>, nuestro dedicado equipo de abogados de lesiones personales del condado de Yakima se compromete a brindar apoyo compasivo y representaci\u00f3n tenaz a las personas que han sufrido lesiones debido a la negligencia de otros. Perm\u00edtanos manejar las complejidades de su caso mientras usted se concentra en recuperar su salud y bienestar. Cont\u00e1ctenos hoy mismo para una consulta gratuita y d\u00e9 el primer paso hacia la justicia y la recuperaci\u00f3n.   \n\nEnv\u00edenos <a href=\"https:\/\/abeytanelson.com\/contact-yakima-injury-lawyer\/\">un mensaje<\/a> o ll\u00e1menos al<span style=\"font-weight: 400;\"> <\/span><a href=\"tel:800-927-2845\"><span style=\"font-weight: 400;\">800-927-2845<\/span><\/a><span style=\"font-weight: 400;\"> <\/span>si ha sufrido un accidente de tr\u00e1fico.\n","protected":false},"excerpt":{"rendered":"<p>Si ha sufrido una lesi\u00f3n grave, es posible que se est\u00e9 planteando la cuesti\u00f3n de si buscar la asistencia de un abogado de lesiones personales. Comprender el papel fundamental que estos profesionales del derecho desempe\u00f1an en la defensa de sus derechos y en la obtenci\u00f3n de una compensaci\u00f3n justa es crucial. 1. Asignaci\u00f3n de responsabilidades [&hellip;]<\/p>\n","protected":false},"author":5,"featured_media":9465,"comment_status":"open","ping_status":"open","sticky":false,"template":"","format":"standard","meta":{"_acf_changed":false,"footnotes":""},"categories":[395],"tags":[],"class_list":["post-10442","post","type-post","status-publish","format-standard","has-post-thumbnail","hentry","category-noticias-y-eventos"],"acf":[],"yoast_head":"<!-- This site is optimized with the Yoast SEO plugin v27.3 - https:\/\/yoast.com\/product\/yoast-seo-wordpress\/ -->\n<title>\u00bfQui\u00e9n es el culpable tras una lesi\u00f3n personal por accidente de tr\u00e1fico?<\/title>\n<meta name=\"description\" content=\"Si ha sufrido lesiones graves, es posible que se pregunte si su lesi\u00f3n justifica la ayuda de un abogado de lesiones personales.\" \/>\n<meta name=\"robots\" content=\"index, follow, max-snippet:-1, max-image-preview:large, max-video-preview:-1\" \/>\n<link rel=\"canonical\" href=\"https:\/\/abeytanelson.com\/es\/el-estres-de-quien-tiene-la-culpa-tras-una-lesion-por-accidente-de-trafico\/\" \/>\n<meta property=\"og:locale\" content=\"es_ES\" \/>\n<meta property=\"og:type\" content=\"article\" \/>\n<meta property=\"og:title\" content=\"\u00bfQui\u00e9n es el culpable tras una lesi\u00f3n personal por accidente de tr\u00e1fico?\" \/>\n<meta property=\"og:description\" content=\"Si ha sufrido lesiones graves, es posible que se pregunte si su lesi\u00f3n justifica la ayuda de un abogado de lesiones personales.\" \/>\n<meta property=\"og:url\" content=\"https:\/\/abeytanelson.com\/es\/el-estres-de-quien-tiene-la-culpa-tras-una-lesion-por-accidente-de-trafico\/\" \/>\n<meta property=\"og:site_name\" content=\"Abeyta Nelson Injury Law\" \/>\n<meta property=\"article:publisher\" content=\"https:\/\/www.facebook.com\/people\/Abeyta-Nelson-Injury-Law\/100063503115654\/\" \/>\n<meta property=\"article:published_time\" content=\"2014-12-03T11:36:28+00:00\" \/>\n<meta property=\"article:modified_time\" content=\"2026-03-13T20:07:13+00:00\" \/>\n<meta property=\"og:image\" content=\"https:\/\/abeytanelson.com\/wp-content\/uploads\/2026\/02\/who-is-to-blame-car-accident.jpg\" \/>\n\t<meta property=\"og:image:width\" content=\"1200\" \/>\n\t<meta property=\"og:image:height\" content=\"800\" \/>\n\t<meta property=\"og:image:type\" content=\"image\/jpeg\" \/>\n<meta name=\"author\" content=\"Amy Peters\" \/>\n<meta name=\"twitter:card\" content=\"summary_large_image\" \/>\n<meta name=\"twitter:label1\" content=\"Escrito por\" \/>\n\t<meta name=\"twitter:data1\" content=\"Amy Peters\" \/>\n\t<meta name=\"twitter:label2\" content=\"Tiempo de lectura\" \/>\n\t<meta name=\"twitter:data2\" content=\"3 minutos\" \/>\n<script type=\"application\/ld+json\" class=\"yoast-schema-graph\">{\"@context\":\"https:\\\/\\\/schema.org\",\"@graph\":[{\"@type\":\"Article\",\"@id\":\"https:\\\/\\\/abeytanelson.com\\\/es\\\/el-estres-de-quien-tiene-la-culpa-tras-una-lesion-por-accidente-de-trafico\\\/#article\",\"isPartOf\":{\"@id\":\"https:\\\/\\\/abeytanelson.com\\\/es\\\/el-estres-de-quien-tiene-la-culpa-tras-una-lesion-por-accidente-de-trafico\\\/\"},\"author\":{\"name\":\"Amy Peters\",\"@id\":\"https:\\\/\\\/abeytanelson.com\\\/es\\\/#\\\/schema\\\/person\\\/f55d812d44d5e145ccb6cdb56c315563\"},\"headline\":\"El estr\u00e9s de \u00ab\u00bfQui\u00e9n tiene la culpa?\u00bb tras una lesi\u00f3n por accidente de tr\u00e1fico\",\"datePublished\":\"2014-12-03T11:36:28+00:00\",\"dateModified\":\"2026-03-13T20:07:13+00:00\",\"mainEntityOfPage\":{\"@id\":\"https:\\\/\\\/abeytanelson.com\\\/es\\\/el-estres-de-quien-tiene-la-culpa-tras-una-lesion-por-accidente-de-trafico\\\/\"},\"wordCount\":551,\"commentCount\":0,\"publisher\":{\"@id\":\"https:\\\/\\\/abeytanelson.com\\\/es\\\/#organization\"},\"image\":{\"@id\":\"https:\\\/\\\/abeytanelson.com\\\/es\\\/el-estres-de-quien-tiene-la-culpa-tras-una-lesion-por-accidente-de-trafico\\\/#primaryimage\"},\"thumbnailUrl\":\"https:\\\/\\\/abeytanelson.com\\\/wp-content\\\/uploads\\\/2026\\\/02\\\/who-is-to-blame-car-accident.jpg\",\"articleSection\":[\"Noticias y eventos\"],\"inLanguage\":\"es\",\"potentialAction\":[{\"@type\":\"CommentAction\",\"name\":\"Comment\",\"target\":[\"https:\\\/\\\/abeytanelson.com\\\/es\\\/el-estres-de-quien-tiene-la-culpa-tras-una-lesion-por-accidente-de-trafico\\\/#respond\"]}]},{\"@type\":\"WebPage\",\"@id\":\"https:\\\/\\\/abeytanelson.com\\\/es\\\/el-estres-de-quien-tiene-la-culpa-tras-una-lesion-por-accidente-de-trafico\\\/\",\"url\":\"https:\\\/\\\/abeytanelson.com\\\/es\\\/el-estres-de-quien-tiene-la-culpa-tras-una-lesion-por-accidente-de-trafico\\\/\",\"name\":\"\u00bfQui\u00e9n es el culpable tras una lesi\u00f3n personal por accidente de tr\u00e1fico?\",\"isPartOf\":{\"@id\":\"https:\\\/\\\/abeytanelson.com\\\/es\\\/#website\"},\"primaryImageOfPage\":{\"@id\":\"https:\\\/\\\/abeytanelson.com\\\/es\\\/el-estres-de-quien-tiene-la-culpa-tras-una-lesion-por-accidente-de-trafico\\\/#primaryimage\"},\"image\":{\"@id\":\"https:\\\/\\\/abeytanelson.com\\\/es\\\/el-estres-de-quien-tiene-la-culpa-tras-una-lesion-por-accidente-de-trafico\\\/#primaryimage\"},\"thumbnailUrl\":\"https:\\\/\\\/abeytanelson.com\\\/wp-content\\\/uploads\\\/2026\\\/02\\\/who-is-to-blame-car-accident.jpg\",\"datePublished\":\"2014-12-03T11:36:28+00:00\",\"dateModified\":\"2026-03-13T20:07:13+00:00\",\"description\":\"Si ha sufrido lesiones graves, es posible que se pregunte si su lesi\u00f3n justifica la ayuda de un abogado de lesiones personales.\",\"breadcrumb\":{\"@id\":\"https:\\\/\\\/abeytanelson.com\\\/es\\\/el-estres-de-quien-tiene-la-culpa-tras-una-lesion-por-accidente-de-trafico\\\/#breadcrumb\"},\"inLanguage\":\"es\",\"potentialAction\":[{\"@type\":\"ReadAction\",\"target\":[\"https:\\\/\\\/abeytanelson.com\\\/es\\\/el-estres-de-quien-tiene-la-culpa-tras-una-lesion-por-accidente-de-trafico\\\/\"]}]},{\"@type\":\"ImageObject\",\"inLanguage\":\"es\",\"@id\":\"https:\\\/\\\/abeytanelson.com\\\/es\\\/el-estres-de-quien-tiene-la-culpa-tras-una-lesion-por-accidente-de-trafico\\\/#primaryimage\",\"url\":\"https:\\\/\\\/abeytanelson.com\\\/wp-content\\\/uploads\\\/2026\\\/02\\\/who-is-to-blame-car-accident.jpg\",\"contentUrl\":\"https:\\\/\\\/abeytanelson.com\\\/wp-content\\\/uploads\\\/2026\\\/02\\\/who-is-to-blame-car-accident.jpg\",\"width\":1200,\"height\":800,\"caption\":\"Las colisiones de coche por alcance son el tipo de accidente de coche m\u00e1s com\u00fan en el estado de Washington. Con 120 a\u00f1os de experiencia combinada, nuestros abogados pueden ayudarle.\"},{\"@type\":\"BreadcrumbList\",\"@id\":\"https:\\\/\\\/abeytanelson.com\\\/es\\\/el-estres-de-quien-tiene-la-culpa-tras-una-lesion-por-accidente-de-trafico\\\/#breadcrumb\",\"itemListElement\":[{\"@type\":\"ListItem\",\"position\":1,\"name\":\"Home\",\"item\":\"https:\\\/\\\/abeytanelson.com\\\/es\\\/inicio\\\/\"},{\"@type\":\"ListItem\",\"position\":2,\"name\":\"El estr\u00e9s de \u00ab\u00bfQui\u00e9n tiene la culpa?\u00bb tras una lesi\u00f3n por accidente de tr\u00e1fico\"}]},{\"@type\":\"WebSite\",\"@id\":\"https:\\\/\\\/abeytanelson.com\\\/es\\\/#website\",\"url\":\"https:\\\/\\\/abeytanelson.com\\\/es\\\/\",\"name\":\"Abeyta Nelson Injury Law\",\"description\":\"\",\"publisher\":{\"@id\":\"https:\\\/\\\/abeytanelson.com\\\/es\\\/#organization\"},\"potentialAction\":[{\"@type\":\"SearchAction\",\"target\":{\"@type\":\"EntryPoint\",\"urlTemplate\":\"https:\\\/\\\/abeytanelson.com\\\/es\\\/?s={search_term_string}\"},\"query-input\":{\"@type\":\"PropertyValueSpecification\",\"valueRequired\":true,\"valueName\":\"search_term_string\"}}],\"inLanguage\":\"es\"},{\"@type\":\"Organization\",\"@id\":\"https:\\\/\\\/abeytanelson.com\\\/es\\\/#organization\",\"name\":\"Abeyta Nelson Injury Law\",\"url\":\"https:\\\/\\\/abeytanelson.com\\\/es\\\/\",\"logo\":{\"@type\":\"ImageObject\",\"inLanguage\":\"es\",\"@id\":\"https:\\\/\\\/abeytanelson.com\\\/es\\\/#\\\/schema\\\/logo\\\/image\\\/\",\"url\":\"https:\\\/\\\/abeytanelson.com\\\/wp-content\\\/uploads\\\/2020\\\/02\\\/new-Logo-container.svg\",\"contentUrl\":\"https:\\\/\\\/abeytanelson.com\\\/wp-content\\\/uploads\\\/2020\\\/02\\\/new-Logo-container.svg\",\"width\":214,\"height\":67,\"caption\":\"Abeyta Nelson Injury Law\"},\"image\":{\"@id\":\"https:\\\/\\\/abeytanelson.com\\\/es\\\/#\\\/schema\\\/logo\\\/image\\\/\"},\"sameAs\":[\"https:\\\/\\\/www.facebook.com\\\/people\\\/Abeyta-Nelson-Injury-Law\\\/100063503115654\\\/\",\"https:\\\/\\\/www.yelp.com\\\/biz\\\/abeyta-nelson-injury-law-yakima?osq=abeyta nelson injury law\",\"https:\\\/\\\/www.instagram.com\\\/abeytanelsoninjurylaw\\\/\",\"https:\\\/\\\/www.linkedin.com\\\/company\\\/abeyta-nelson-injury-law\\\/\"]},{\"@type\":\"Person\",\"@id\":\"https:\\\/\\\/abeytanelson.com\\\/es\\\/#\\\/schema\\\/person\\\/f55d812d44d5e145ccb6cdb56c315563\",\"name\":\"Amy Peters\",\"image\":{\"@type\":\"ImageObject\",\"inLanguage\":\"es\",\"@id\":\"https:\\\/\\\/secure.gravatar.com\\\/avatar\\\/a306a7d05d32e4bb468c29a02ee46509c9da34f6dc6095577ca52ef4205e373d?s=96&d=mm&r=g\",\"url\":\"https:\\\/\\\/secure.gravatar.com\\\/avatar\\\/a306a7d05d32e4bb468c29a02ee46509c9da34f6dc6095577ca52ef4205e373d?s=96&d=mm&r=g\",\"contentUrl\":\"https:\\\/\\\/secure.gravatar.com\\\/avatar\\\/a306a7d05d32e4bb468c29a02ee46509c9da34f6dc6095577ca52ef4205e373d?s=96&d=mm&r=g\",\"caption\":\"Amy Peters\"}}]}<\/script>\n<!-- \/ Yoast SEO plugin. -->","yoast_head_json":{"title":"\u00bfQui\u00e9n es el culpable tras una lesi\u00f3n personal por accidente de tr\u00e1fico?","description":"Si ha sufrido lesiones graves, es posible que se pregunte si su lesi\u00f3n justifica la ayuda de un abogado de lesiones personales.","robots":{"index":"index","follow":"follow","max-snippet":"max-snippet:-1","max-image-preview":"max-image-preview:large","max-video-preview":"max-video-preview:-1"},"canonical":"https:\/\/abeytanelson.com\/es\/el-estres-de-quien-tiene-la-culpa-tras-una-lesion-por-accidente-de-trafico\/","og_locale":"es_ES","og_type":"article","og_title":"\u00bfQui\u00e9n es el culpable tras una lesi\u00f3n personal por accidente de tr\u00e1fico?","og_description":"Si ha sufrido lesiones graves, es posible que se pregunte si su lesi\u00f3n justifica la ayuda de un abogado de lesiones personales.","og_url":"https:\/\/abeytanelson.com\/es\/el-estres-de-quien-tiene-la-culpa-tras-una-lesion-por-accidente-de-trafico\/","og_site_name":"Abeyta Nelson Injury Law","article_publisher":"https:\/\/www.facebook.com\/people\/Abeyta-Nelson-Injury-Law\/100063503115654\/","article_published_time":"2014-12-03T11:36:28+00:00","article_modified_time":"2026-03-13T20:07:13+00:00","og_image":[{"width":1200,"height":800,"url":"https:\/\/abeytanelson.com\/wp-content\/uploads\/2026\/02\/who-is-to-blame-car-accident.jpg","type":"image\/jpeg"}],"author":"Amy Peters","twitter_card":"summary_large_image","twitter_misc":{"Escrito por":"Amy Peters","Tiempo de lectura":"3 minutos"},"schema":{"@context":"https:\/\/schema.org","@graph":[{"@type":"Article","@id":"https:\/\/abeytanelson.com\/es\/el-estres-de-quien-tiene-la-culpa-tras-una-lesion-por-accidente-de-trafico\/#article","isPartOf":{"@id":"https:\/\/abeytanelson.com\/es\/el-estres-de-quien-tiene-la-culpa-tras-una-lesion-por-accidente-de-trafico\/"},"author":{"name":"Amy Peters","@id":"https:\/\/abeytanelson.com\/es\/#\/schema\/person\/f55d812d44d5e145ccb6cdb56c315563"},"headline":"El estr\u00e9s de \u00ab\u00bfQui\u00e9n tiene la culpa?\u00bb tras una lesi\u00f3n por accidente de tr\u00e1fico","datePublished":"2014-12-03T11:36:28+00:00","dateModified":"2026-03-13T20:07:13+00:00","mainEntityOfPage":{"@id":"https:\/\/abeytanelson.com\/es\/el-estres-de-quien-tiene-la-culpa-tras-una-lesion-por-accidente-de-trafico\/"},"wordCount":551,"commentCount":0,"publisher":{"@id":"https:\/\/abeytanelson.com\/es\/#organization"},"image":{"@id":"https:\/\/abeytanelson.com\/es\/el-estres-de-quien-tiene-la-culpa-tras-una-lesion-por-accidente-de-trafico\/#primaryimage"},"thumbnailUrl":"https:\/\/abeytanelson.com\/wp-content\/uploads\/2026\/02\/who-is-to-blame-car-accident.jpg","articleSection":["Noticias y eventos"],"inLanguage":"es","potentialAction":[{"@type":"CommentAction","name":"Comment","target":["https:\/\/abeytanelson.com\/es\/el-estres-de-quien-tiene-la-culpa-tras-una-lesion-por-accidente-de-trafico\/#respond"]}]},{"@type":"WebPage","@id":"https:\/\/abeytanelson.com\/es\/el-estres-de-quien-tiene-la-culpa-tras-una-lesion-por-accidente-de-trafico\/","url":"https:\/\/abeytanelson.com\/es\/el-estres-de-quien-tiene-la-culpa-tras-una-lesion-por-accidente-de-trafico\/","name":"\u00bfQui\u00e9n es el culpable tras una lesi\u00f3n personal por accidente de tr\u00e1fico?","isPartOf":{"@id":"https:\/\/abeytanelson.com\/es\/#website"},"primaryImageOfPage":{"@id":"https:\/\/abeytanelson.com\/es\/el-estres-de-quien-tiene-la-culpa-tras-una-lesion-por-accidente-de-trafico\/#primaryimage"},"image":{"@id":"https:\/\/abeytanelson.com\/es\/el-estres-de-quien-tiene-la-culpa-tras-una-lesion-por-accidente-de-trafico\/#primaryimage"},"thumbnailUrl":"https:\/\/abeytanelson.com\/wp-content\/uploads\/2026\/02\/who-is-to-blame-car-accident.jpg","datePublished":"2014-12-03T11:36:28+00:00","dateModified":"2026-03-13T20:07:13+00:00","description":"Si ha sufrido lesiones graves, es posible que se pregunte si su lesi\u00f3n justifica la ayuda de un abogado de lesiones personales.","breadcrumb":{"@id":"https:\/\/abeytanelson.com\/es\/el-estres-de-quien-tiene-la-culpa-tras-una-lesion-por-accidente-de-trafico\/#breadcrumb"},"inLanguage":"es","potentialAction":[{"@type":"ReadAction","target":["https:\/\/abeytanelson.com\/es\/el-estres-de-quien-tiene-la-culpa-tras-una-lesion-por-accidente-de-trafico\/"]}]},{"@type":"ImageObject","inLanguage":"es","@id":"https:\/\/abeytanelson.com\/es\/el-estres-de-quien-tiene-la-culpa-tras-una-lesion-por-accidente-de-trafico\/#primaryimage","url":"https:\/\/abeytanelson.com\/wp-content\/uploads\/2026\/02\/who-is-to-blame-car-accident.jpg","contentUrl":"https:\/\/abeytanelson.com\/wp-content\/uploads\/2026\/02\/who-is-to-blame-car-accident.jpg","width":1200,"height":800,"caption":"Las colisiones de coche por alcance son el tipo de accidente de coche m\u00e1s com\u00fan en el estado de Washington. Con 120 a\u00f1os de experiencia combinada, nuestros abogados pueden ayudarle."},{"@type":"BreadcrumbList","@id":"https:\/\/abeytanelson.com\/es\/el-estres-de-quien-tiene-la-culpa-tras-una-lesion-por-accidente-de-trafico\/#breadcrumb","itemListElement":[{"@type":"ListItem","position":1,"name":"Home","item":"https:\/\/abeytanelson.com\/es\/inicio\/"},{"@type":"ListItem","position":2,"name":"El estr\u00e9s de \u00ab\u00bfQui\u00e9n tiene la culpa?\u00bb tras una lesi\u00f3n por accidente de tr\u00e1fico"}]},{"@type":"WebSite","@id":"https:\/\/abeytanelson.com\/es\/#website","url":"https:\/\/abeytanelson.com\/es\/","name":"Abeyta Nelson Injury Law","description":"","publisher":{"@id":"https:\/\/abeytanelson.com\/es\/#organization"},"potentialAction":[{"@type":"SearchAction","target":{"@type":"EntryPoint","urlTemplate":"https:\/\/abeytanelson.com\/es\/?s={search_term_string}"},"query-input":{"@type":"PropertyValueSpecification","valueRequired":true,"valueName":"search_term_string"}}],"inLanguage":"es"},{"@type":"Organization","@id":"https:\/\/abeytanelson.com\/es\/#organization","name":"Abeyta Nelson Injury Law","url":"https:\/\/abeytanelson.com\/es\/","logo":{"@type":"ImageObject","inLanguage":"es","@id":"https:\/\/abeytanelson.com\/es\/#\/schema\/logo\/image\/","url":"https:\/\/abeytanelson.com\/wp-content\/uploads\/2020\/02\/new-Logo-container.svg","contentUrl":"https:\/\/abeytanelson.com\/wp-content\/uploads\/2020\/02\/new-Logo-container.svg","width":214,"height":67,"caption":"Abeyta Nelson Injury Law"},"image":{"@id":"https:\/\/abeytanelson.com\/es\/#\/schema\/logo\/image\/"},"sameAs":["https:\/\/www.facebook.com\/people\/Abeyta-Nelson-Injury-Law\/100063503115654\/","https:\/\/www.yelp.com\/biz\/abeyta-nelson-injury-law-yakima?osq=abeyta nelson injury law","https:\/\/www.instagram.com\/abeytanelsoninjurylaw\/","https:\/\/www.linkedin.com\/company\/abeyta-nelson-injury-law\/"]},{"@type":"Person","@id":"https:\/\/abeytanelson.com\/es\/#\/schema\/person\/f55d812d44d5e145ccb6cdb56c315563","name":"Amy Peters","image":{"@type":"ImageObject","inLanguage":"es","@id":"https:\/\/secure.gravatar.com\/avatar\/a306a7d05d32e4bb468c29a02ee46509c9da34f6dc6095577ca52ef4205e373d?s=96&d=mm&r=g","url":"https:\/\/secure.gravatar.com\/avatar\/a306a7d05d32e4bb468c29a02ee46509c9da34f6dc6095577ca52ef4205e373d?s=96&d=mm&r=g","contentUrl":"https:\/\/secure.gravatar.com\/avatar\/a306a7d05d32e4bb468c29a02ee46509c9da34f6dc6095577ca52ef4205e373d?s=96&d=mm&r=g","caption":"Amy Peters"}}]}},"_links":{"self":[{"href":"https:\/\/abeytanelson.com\/es\/wp-json\/wp\/v2\/posts\/10442","targetHints":{"allow":["GET"]}}],"collection":[{"href":"https:\/\/abeytanelson.com\/es\/wp-json\/wp\/v2\/posts"}],"about":[{"href":"https:\/\/abeytanelson.com\/es\/wp-json\/wp\/v2\/types\/post"}],"author":[{"embeddable":true,"href":"https:\/\/abeytanelson.com\/es\/wp-json\/wp\/v2\/users\/5"}],"replies":[{"embeddable":true,"href":"https:\/\/abeytanelson.com\/es\/wp-json\/wp\/v2\/comments?post=10442"}],"version-history":[{"count":1,"href":"https:\/\/abeytanelson.com\/es\/wp-json\/wp\/v2\/posts\/10442\/revisions"}],"predecessor-version":[{"id":10444,"href":"https:\/\/abeytanelson.com\/es\/wp-json\/wp\/v2\/posts\/10442\/revisions\/10444"}],"wp:featuredmedia":[{"embeddable":true,"href":"https:\/\/abeytanelson.com\/es\/wp-json\/wp\/v2\/media\/9465"}],"wp:attachment":[{"href":"https:\/\/abeytanelson.com\/es\/wp-json\/wp\/v2\/media?parent=10442"}],"wp:term":[{"taxonomy":"category","embeddable":true,"href":"https:\/\/abeytanelson.com\/es\/wp-json\/wp\/v2\/categories?post=10442"},{"taxonomy":"post_tag","embeddable":true,"href":"https:\/\/abeytanelson.com\/es\/wp-json\/wp\/v2\/tags?post=10442"}],"curies":[{"name":"wp","href":"https:\/\/api.w.org\/{rel}","templated":true}]}}