{"id":10451,"date":"2015-01-07T06:03:18","date_gmt":"2015-01-07T12:03:18","guid":{"rendered":"http:\/\/abeytanelson.com\/terry-abeyta-elegido-como-directivo-del-consejo-de-catholic-charities\/"},"modified":"2026-03-13T15:07:13","modified_gmt":"2026-03-13T20:07:13","slug":"terry-abeyta-elegido-como-directivo-del-consejo-de-catholic-charities","status":"publish","type":"post","link":"https:\/\/abeytanelson.com\/es\/terry-abeyta-elegido-como-directivo-del-consejo-de-catholic-charities\/","title":{"rendered":"Terry Abeyta elegido como directivo del Consejo de Catholic Charities"},"content":{"rendered":"\n<p><img fetchpriority=\"high\" decoding=\"async\" class=\"alignnone size-medium wp-image-5511\" src=\"https:\/\/abeytanelson.com\/wp-content\/uploads\/2026\/02\/TPA-cropped.jpg\" alt=\"TPA recortada\" width=\"456\" height=\"600\"\/><\/p>\n\n<p>El abogado Terry Abeyta ha sido elegido secretario del Consejo de Administraci\u00f3n de <a href=\"http:\/\/www.ccyakima.org\/\">Catholic Charities of Yakima<\/a>. Catholic Charities supervisa las operaciones y dirige la pol\u00edtica de Catholic Family and Child Services, una agencia sin \u00e1nimo de lucro que presta servicio a ni\u00f1os, familias y personas mayores; Catholic Charities Housing Agency, que ofrece servicios de vivienda asequible para trabajadores agr\u00edcolas y de la fuerza laboral; y St. Vincent Centers, que incluye tiendas de segunda mano, un banco de alimentos y un programa de servicios de emergencia. <\/p>\n\n<p>\u00abMe enorgullece contribuir a mi comunidad a trav\u00e9s de mi servicio en el Consejo de Administraci\u00f3n de Catholic Charities\u00bb, declar\u00f3 Abeyta. \u00abA trav\u00e9s de su labor, Catholic Charities ayuda a dar vida a la esperanza para miles de personas necesitadas, desde ni\u00f1os hasta personas mayores, en todo el centro de Washington, desde la frontera con Canad\u00e1 hasta Oreg\u00f3n. Damos a las personas las herramientas y los recursos que necesitan para ayudarse a salir de la pobreza y superar las dificultades personales de la vida\u00bb, a\u00f1adi\u00f3 Abeyta. <\/p>\n\n<p>Hoy, Catholic Charities sigue siendo una presencia formidable en la di\u00f3cesis, mayoritariamente rural, de <a href=\"https:\/\/abeytanelson.com\/personal-injury-attorney-yakima\/\" data-wpil-monitor-id=\"14\">Yakima<\/a>. Con casi 40 centros de servicio y cerca de 90.000 personas atendidas al a\u00f1o, la agencia sigue siendo un testimonio de su misi\u00f3n continua de \u00abDar vida a la esperanza\u00bb. <\/p>\n","protected":false},"excerpt":{"rendered":"<p>El abogado Terry Abeyta ha sido elegido secretario del Consejo de Administraci\u00f3n de Catholic Charities of Yakima. Catholic Charities supervisa las operaciones y dirige la pol\u00edtica de Catholic Family and Child Services, una agencia sin \u00e1nimo de lucro que presta servicio a ni\u00f1os, familias y personas mayores; Catholic Charities Housing Agency, que ofrece servicios de [&hellip;]<\/p>\n","protected":false},"author":5,"featured_media":10452,"comment_status":"open","ping_status":"open","sticky":false,"template":"","format":"standard","meta":{"_acf_changed":false,"footnotes":""},"categories":[395],"tags":[],"class_list":["post-10451","post","type-post","status-publish","format-standard","has-post-thumbnail","hentry","category-noticias-y-eventos"],"acf":[],"yoast_head":"<!-- This site is optimized with the Yoast SEO plugin v27.3 - https:\/\/yoast.com\/product\/yoast-seo-wordpress\/ -->\n<title>Terry Abeyta: reci\u00e9n elegido como directivo del Consejo de Catholic Charities<\/title>\n<meta name=\"description\" content=\"El abogado Terry Abeyta ha sido elegido secretario del Consejo de Administraci\u00f3n de Catholic Charities of Yakima.\" \/>\n<meta name=\"robots\" content=\"index, follow, max-snippet:-1, max-image-preview:large, max-video-preview:-1\" \/>\n<link rel=\"canonical\" href=\"https:\/\/abeytanelson.com\/es\/terry-abeyta-elegido-como-directivo-del-consejo-de-catholic-charities\/\" \/>\n<meta property=\"og:locale\" content=\"es_ES\" \/>\n<meta property=\"og:type\" content=\"article\" \/>\n<meta property=\"og:title\" content=\"Terry Abeyta: reci\u00e9n elegido como directivo del Consejo de Catholic Charities\" \/>\n<meta property=\"og:description\" content=\"El abogado Terry Abeyta ha sido elegido secretario del Consejo de Administraci\u00f3n de Catholic Charities of Yakima.\" \/>\n<meta property=\"og:url\" content=\"https:\/\/abeytanelson.com\/es\/terry-abeyta-elegido-como-directivo-del-consejo-de-catholic-charities\/\" \/>\n<meta property=\"og:site_name\" content=\"Abeyta Nelson Injury Law\" \/>\n<meta property=\"article:publisher\" content=\"https:\/\/www.facebook.com\/people\/Abeyta-Nelson-Injury-Law\/100063503115654\/\" \/>\n<meta property=\"article:published_time\" content=\"2015-01-07T12:03:18+00:00\" \/>\n<meta property=\"article:modified_time\" content=\"2026-03-13T20:07:13+00:00\" \/>\n<meta property=\"og:image\" content=\"https:\/\/abeytanelson.com\/wp-content\/uploads\/2026\/02\/TPA-cropped.jpg\" \/>\n\t<meta property=\"og:image:width\" content=\"1448\" \/>\n\t<meta property=\"og:image:height\" content=\"1904\" \/>\n\t<meta property=\"og:image:type\" content=\"image\/jpeg\" \/>\n<meta name=\"author\" content=\"Amy Peters\" \/>\n<meta name=\"twitter:card\" content=\"summary_large_image\" \/>\n<meta name=\"twitter:label1\" content=\"Escrito por\" \/>\n\t<meta name=\"twitter:data1\" content=\"Amy Peters\" \/>\n\t<meta name=\"twitter:label2\" content=\"Tiempo de lectura\" \/>\n\t<meta name=\"twitter:data2\" content=\"1 minuto\" \/>\n<script type=\"application\/ld+json\" class=\"yoast-schema-graph\">{\"@context\":\"https:\\\/\\\/schema.org\",\"@graph\":[{\"@type\":\"Article\",\"@id\":\"https:\\\/\\\/abeytanelson.com\\\/es\\\/terry-abeyta-elegido-como-directivo-del-consejo-de-catholic-charities\\\/#article\",\"isPartOf\":{\"@id\":\"https:\\\/\\\/abeytanelson.com\\\/es\\\/terry-abeyta-elegido-como-directivo-del-consejo-de-catholic-charities\\\/\"},\"author\":{\"name\":\"Amy Peters\",\"@id\":\"https:\\\/\\\/abeytanelson.com\\\/es\\\/#\\\/schema\\\/person\\\/f55d812d44d5e145ccb6cdb56c315563\"},\"headline\":\"Terry Abeyta elegido como directivo del Consejo de Catholic Charities\",\"datePublished\":\"2015-01-07T12:03:18+00:00\",\"dateModified\":\"2026-03-13T20:07:13+00:00\",\"mainEntityOfPage\":{\"@id\":\"https:\\\/\\\/abeytanelson.com\\\/es\\\/terry-abeyta-elegido-como-directivo-del-consejo-de-catholic-charities\\\/\"},\"wordCount\":238,\"commentCount\":0,\"publisher\":{\"@id\":\"https:\\\/\\\/abeytanelson.com\\\/es\\\/#organization\"},\"image\":{\"@id\":\"https:\\\/\\\/abeytanelson.com\\\/es\\\/terry-abeyta-elegido-como-directivo-del-consejo-de-catholic-charities\\\/#primaryimage\"},\"thumbnailUrl\":\"https:\\\/\\\/abeytanelson.com\\\/wp-content\\\/uploads\\\/2026\\\/02\\\/TPA-cropped.jpg\",\"articleSection\":[\"Noticias y eventos\"],\"inLanguage\":\"es\",\"potentialAction\":[{\"@type\":\"CommentAction\",\"name\":\"Comment\",\"target\":[\"https:\\\/\\\/abeytanelson.com\\\/es\\\/terry-abeyta-elegido-como-directivo-del-consejo-de-catholic-charities\\\/#respond\"]}]},{\"@type\":\"WebPage\",\"@id\":\"https:\\\/\\\/abeytanelson.com\\\/es\\\/terry-abeyta-elegido-como-directivo-del-consejo-de-catholic-charities\\\/\",\"url\":\"https:\\\/\\\/abeytanelson.com\\\/es\\\/terry-abeyta-elegido-como-directivo-del-consejo-de-catholic-charities\\\/\",\"name\":\"Terry Abeyta: reci\u00e9n elegido como directivo del Consejo de Catholic Charities\",\"isPartOf\":{\"@id\":\"https:\\\/\\\/abeytanelson.com\\\/es\\\/#website\"},\"primaryImageOfPage\":{\"@id\":\"https:\\\/\\\/abeytanelson.com\\\/es\\\/terry-abeyta-elegido-como-directivo-del-consejo-de-catholic-charities\\\/#primaryimage\"},\"image\":{\"@id\":\"https:\\\/\\\/abeytanelson.com\\\/es\\\/terry-abeyta-elegido-como-directivo-del-consejo-de-catholic-charities\\\/#primaryimage\"},\"thumbnailUrl\":\"https:\\\/\\\/abeytanelson.com\\\/wp-content\\\/uploads\\\/2026\\\/02\\\/TPA-cropped.jpg\",\"datePublished\":\"2015-01-07T12:03:18+00:00\",\"dateModified\":\"2026-03-13T20:07:13+00:00\",\"description\":\"El abogado Terry Abeyta ha sido elegido secretario del Consejo de Administraci\u00f3n de Catholic Charities of Yakima.\",\"breadcrumb\":{\"@id\":\"https:\\\/\\\/abeytanelson.com\\\/es\\\/terry-abeyta-elegido-como-directivo-del-consejo-de-catholic-charities\\\/#breadcrumb\"},\"inLanguage\":\"es\",\"potentialAction\":[{\"@type\":\"ReadAction\",\"target\":[\"https:\\\/\\\/abeytanelson.com\\\/es\\\/terry-abeyta-elegido-como-directivo-del-consejo-de-catholic-charities\\\/\"]}]},{\"@type\":\"ImageObject\",\"inLanguage\":\"es\",\"@id\":\"https:\\\/\\\/abeytanelson.com\\\/es\\\/terry-abeyta-elegido-como-directivo-del-consejo-de-catholic-charities\\\/#primaryimage\",\"url\":\"https:\\\/\\\/abeytanelson.com\\\/wp-content\\\/uploads\\\/2026\\\/02\\\/TPA-cropped.jpg\",\"contentUrl\":\"https:\\\/\\\/abeytanelson.com\\\/wp-content\\\/uploads\\\/2026\\\/02\\\/TPA-cropped.jpg\",\"width\":1448,\"height\":1904,\"caption\":\"Un hombre con el pelo corto y rizado, gafas y un traje oscuro con una corbata estampada, posando sobre un fondo liso.\"},{\"@type\":\"BreadcrumbList\",\"@id\":\"https:\\\/\\\/abeytanelson.com\\\/es\\\/terry-abeyta-elegido-como-directivo-del-consejo-de-catholic-charities\\\/#breadcrumb\",\"itemListElement\":[{\"@type\":\"ListItem\",\"position\":1,\"name\":\"Home\",\"item\":\"https:\\\/\\\/abeytanelson.com\\\/es\\\/inicio\\\/\"},{\"@type\":\"ListItem\",\"position\":2,\"name\":\"Terry Abeyta elegido como directivo del Consejo de Catholic Charities\"}]},{\"@type\":\"WebSite\",\"@id\":\"https:\\\/\\\/abeytanelson.com\\\/es\\\/#website\",\"url\":\"https:\\\/\\\/abeytanelson.com\\\/es\\\/\",\"name\":\"Abeyta Nelson Injury Law\",\"description\":\"\",\"publisher\":{\"@id\":\"https:\\\/\\\/abeytanelson.com\\\/es\\\/#organization\"},\"potentialAction\":[{\"@type\":\"SearchAction\",\"target\":{\"@type\":\"EntryPoint\",\"urlTemplate\":\"https:\\\/\\\/abeytanelson.com\\\/es\\\/?s={search_term_string}\"},\"query-input\":{\"@type\":\"PropertyValueSpecification\",\"valueRequired\":true,\"valueName\":\"search_term_string\"}}],\"inLanguage\":\"es\"},{\"@type\":\"Organization\",\"@id\":\"https:\\\/\\\/abeytanelson.com\\\/es\\\/#organization\",\"name\":\"Abeyta Nelson Injury Law\",\"url\":\"https:\\\/\\\/abeytanelson.com\\\/es\\\/\",\"logo\":{\"@type\":\"ImageObject\",\"inLanguage\":\"es\",\"@id\":\"https:\\\/\\\/abeytanelson.com\\\/es\\\/#\\\/schema\\\/logo\\\/image\\\/\",\"url\":\"https:\\\/\\\/abeytanelson.com\\\/wp-content\\\/uploads\\\/2020\\\/02\\\/new-Logo-container.svg\",\"contentUrl\":\"https:\\\/\\\/abeytanelson.com\\\/wp-content\\\/uploads\\\/2020\\\/02\\\/new-Logo-container.svg\",\"width\":214,\"height\":67,\"caption\":\"Abeyta Nelson Injury Law\"},\"image\":{\"@id\":\"https:\\\/\\\/abeytanelson.com\\\/es\\\/#\\\/schema\\\/logo\\\/image\\\/\"},\"sameAs\":[\"https:\\\/\\\/www.facebook.com\\\/people\\\/Abeyta-Nelson-Injury-Law\\\/100063503115654\\\/\",\"https:\\\/\\\/www.yelp.com\\\/biz\\\/abeyta-nelson-injury-law-yakima?osq=abeyta nelson injury law\",\"https:\\\/\\\/www.instagram.com\\\/abeytanelsoninjurylaw\\\/\",\"https:\\\/\\\/www.linkedin.com\\\/company\\\/abeyta-nelson-injury-law\\\/\"]},{\"@type\":\"Person\",\"@id\":\"https:\\\/\\\/abeytanelson.com\\\/es\\\/#\\\/schema\\\/person\\\/f55d812d44d5e145ccb6cdb56c315563\",\"name\":\"Amy Peters\",\"image\":{\"@type\":\"ImageObject\",\"inLanguage\":\"es\",\"@id\":\"https:\\\/\\\/secure.gravatar.com\\\/avatar\\\/a306a7d05d32e4bb468c29a02ee46509c9da34f6dc6095577ca52ef4205e373d?s=96&d=mm&r=g\",\"url\":\"https:\\\/\\\/secure.gravatar.com\\\/avatar\\\/a306a7d05d32e4bb468c29a02ee46509c9da34f6dc6095577ca52ef4205e373d?s=96&d=mm&r=g\",\"contentUrl\":\"https:\\\/\\\/secure.gravatar.com\\\/avatar\\\/a306a7d05d32e4bb468c29a02ee46509c9da34f6dc6095577ca52ef4205e373d?s=96&d=mm&r=g\",\"caption\":\"Amy Peters\"}}]}<\/script>\n<!-- \/ Yoast SEO plugin. -->","yoast_head_json":{"title":"Terry Abeyta: reci\u00e9n elegido como directivo del Consejo de Catholic Charities","description":"El abogado Terry Abeyta ha sido elegido secretario del Consejo de Administraci\u00f3n de Catholic Charities of Yakima.","robots":{"index":"index","follow":"follow","max-snippet":"max-snippet:-1","max-image-preview":"max-image-preview:large","max-video-preview":"max-video-preview:-1"},"canonical":"https:\/\/abeytanelson.com\/es\/terry-abeyta-elegido-como-directivo-del-consejo-de-catholic-charities\/","og_locale":"es_ES","og_type":"article","og_title":"Terry Abeyta: reci\u00e9n elegido como directivo del Consejo de Catholic Charities","og_description":"El abogado Terry Abeyta ha sido elegido secretario del Consejo de Administraci\u00f3n de Catholic Charities of Yakima.","og_url":"https:\/\/abeytanelson.com\/es\/terry-abeyta-elegido-como-directivo-del-consejo-de-catholic-charities\/","og_site_name":"Abeyta Nelson Injury Law","article_publisher":"https:\/\/www.facebook.com\/people\/Abeyta-Nelson-Injury-Law\/100063503115654\/","article_published_time":"2015-01-07T12:03:18+00:00","article_modified_time":"2026-03-13T20:07:13+00:00","og_image":[{"width":1448,"height":1904,"url":"https:\/\/abeytanelson.com\/wp-content\/uploads\/2026\/02\/TPA-cropped.jpg","type":"image\/jpeg"}],"author":"Amy Peters","twitter_card":"summary_large_image","twitter_misc":{"Escrito por":"Amy Peters","Tiempo de lectura":"1 minuto"},"schema":{"@context":"https:\/\/schema.org","@graph":[{"@type":"Article","@id":"https:\/\/abeytanelson.com\/es\/terry-abeyta-elegido-como-directivo-del-consejo-de-catholic-charities\/#article","isPartOf":{"@id":"https:\/\/abeytanelson.com\/es\/terry-abeyta-elegido-como-directivo-del-consejo-de-catholic-charities\/"},"author":{"name":"Amy Peters","@id":"https:\/\/abeytanelson.com\/es\/#\/schema\/person\/f55d812d44d5e145ccb6cdb56c315563"},"headline":"Terry Abeyta elegido como directivo del Consejo de Catholic Charities","datePublished":"2015-01-07T12:03:18+00:00","dateModified":"2026-03-13T20:07:13+00:00","mainEntityOfPage":{"@id":"https:\/\/abeytanelson.com\/es\/terry-abeyta-elegido-como-directivo-del-consejo-de-catholic-charities\/"},"wordCount":238,"commentCount":0,"publisher":{"@id":"https:\/\/abeytanelson.com\/es\/#organization"},"image":{"@id":"https:\/\/abeytanelson.com\/es\/terry-abeyta-elegido-como-directivo-del-consejo-de-catholic-charities\/#primaryimage"},"thumbnailUrl":"https:\/\/abeytanelson.com\/wp-content\/uploads\/2026\/02\/TPA-cropped.jpg","articleSection":["Noticias y eventos"],"inLanguage":"es","potentialAction":[{"@type":"CommentAction","name":"Comment","target":["https:\/\/abeytanelson.com\/es\/terry-abeyta-elegido-como-directivo-del-consejo-de-catholic-charities\/#respond"]}]},{"@type":"WebPage","@id":"https:\/\/abeytanelson.com\/es\/terry-abeyta-elegido-como-directivo-del-consejo-de-catholic-charities\/","url":"https:\/\/abeytanelson.com\/es\/terry-abeyta-elegido-como-directivo-del-consejo-de-catholic-charities\/","name":"Terry Abeyta: reci\u00e9n elegido como directivo del Consejo de Catholic Charities","isPartOf":{"@id":"https:\/\/abeytanelson.com\/es\/#website"},"primaryImageOfPage":{"@id":"https:\/\/abeytanelson.com\/es\/terry-abeyta-elegido-como-directivo-del-consejo-de-catholic-charities\/#primaryimage"},"image":{"@id":"https:\/\/abeytanelson.com\/es\/terry-abeyta-elegido-como-directivo-del-consejo-de-catholic-charities\/#primaryimage"},"thumbnailUrl":"https:\/\/abeytanelson.com\/wp-content\/uploads\/2026\/02\/TPA-cropped.jpg","datePublished":"2015-01-07T12:03:18+00:00","dateModified":"2026-03-13T20:07:13+00:00","description":"El abogado Terry Abeyta ha sido elegido secretario del Consejo de Administraci\u00f3n de Catholic Charities of Yakima.","breadcrumb":{"@id":"https:\/\/abeytanelson.com\/es\/terry-abeyta-elegido-como-directivo-del-consejo-de-catholic-charities\/#breadcrumb"},"inLanguage":"es","potentialAction":[{"@type":"ReadAction","target":["https:\/\/abeytanelson.com\/es\/terry-abeyta-elegido-como-directivo-del-consejo-de-catholic-charities\/"]}]},{"@type":"ImageObject","inLanguage":"es","@id":"https:\/\/abeytanelson.com\/es\/terry-abeyta-elegido-como-directivo-del-consejo-de-catholic-charities\/#primaryimage","url":"https:\/\/abeytanelson.com\/wp-content\/uploads\/2026\/02\/TPA-cropped.jpg","contentUrl":"https:\/\/abeytanelson.com\/wp-content\/uploads\/2026\/02\/TPA-cropped.jpg","width":1448,"height":1904,"caption":"Un hombre con el pelo corto y rizado, gafas y un traje oscuro con una corbata estampada, posando sobre un fondo liso."},{"@type":"BreadcrumbList","@id":"https:\/\/abeytanelson.com\/es\/terry-abeyta-elegido-como-directivo-del-consejo-de-catholic-charities\/#breadcrumb","itemListElement":[{"@type":"ListItem","position":1,"name":"Home","item":"https:\/\/abeytanelson.com\/es\/inicio\/"},{"@type":"ListItem","position":2,"name":"Terry Abeyta elegido como directivo del Consejo de Catholic Charities"}]},{"@type":"WebSite","@id":"https:\/\/abeytanelson.com\/es\/#website","url":"https:\/\/abeytanelson.com\/es\/","name":"Abeyta Nelson Injury Law","description":"","publisher":{"@id":"https:\/\/abeytanelson.com\/es\/#organization"},"potentialAction":[{"@type":"SearchAction","target":{"@type":"EntryPoint","urlTemplate":"https:\/\/abeytanelson.com\/es\/?s={search_term_string}"},"query-input":{"@type":"PropertyValueSpecification","valueRequired":true,"valueName":"search_term_string"}}],"inLanguage":"es"},{"@type":"Organization","@id":"https:\/\/abeytanelson.com\/es\/#organization","name":"Abeyta Nelson Injury Law","url":"https:\/\/abeytanelson.com\/es\/","logo":{"@type":"ImageObject","inLanguage":"es","@id":"https:\/\/abeytanelson.com\/es\/#\/schema\/logo\/image\/","url":"https:\/\/abeytanelson.com\/wp-content\/uploads\/2020\/02\/new-Logo-container.svg","contentUrl":"https:\/\/abeytanelson.com\/wp-content\/uploads\/2020\/02\/new-Logo-container.svg","width":214,"height":67,"caption":"Abeyta Nelson Injury Law"},"image":{"@id":"https:\/\/abeytanelson.com\/es\/#\/schema\/logo\/image\/"},"sameAs":["https:\/\/www.facebook.com\/people\/Abeyta-Nelson-Injury-Law\/100063503115654\/","https:\/\/www.yelp.com\/biz\/abeyta-nelson-injury-law-yakima?osq=abeyta nelson injury law","https:\/\/www.instagram.com\/abeytanelsoninjurylaw\/","https:\/\/www.linkedin.com\/company\/abeyta-nelson-injury-law\/"]},{"@type":"Person","@id":"https:\/\/abeytanelson.com\/es\/#\/schema\/person\/f55d812d44d5e145ccb6cdb56c315563","name":"Amy Peters","image":{"@type":"ImageObject","inLanguage":"es","@id":"https:\/\/secure.gravatar.com\/avatar\/a306a7d05d32e4bb468c29a02ee46509c9da34f6dc6095577ca52ef4205e373d?s=96&d=mm&r=g","url":"https:\/\/secure.gravatar.com\/avatar\/a306a7d05d32e4bb468c29a02ee46509c9da34f6dc6095577ca52ef4205e373d?s=96&d=mm&r=g","contentUrl":"https:\/\/secure.gravatar.com\/avatar\/a306a7d05d32e4bb468c29a02ee46509c9da34f6dc6095577ca52ef4205e373d?s=96&d=mm&r=g","caption":"Amy Peters"}}]}},"_links":{"self":[{"href":"https:\/\/abeytanelson.com\/es\/wp-json\/wp\/v2\/posts\/10451","targetHints":{"allow":["GET"]}}],"collection":[{"href":"https:\/\/abeytanelson.com\/es\/wp-json\/wp\/v2\/posts"}],"about":[{"href":"https:\/\/abeytanelson.com\/es\/wp-json\/wp\/v2\/types\/post"}],"author":[{"embeddable":true,"href":"https:\/\/abeytanelson.com\/es\/wp-json\/wp\/v2\/users\/5"}],"replies":[{"embeddable":true,"href":"https:\/\/abeytanelson.com\/es\/wp-json\/wp\/v2\/comments?post=10451"}],"version-history":[{"count":1,"href":"https:\/\/abeytanelson.com\/es\/wp-json\/wp\/v2\/posts\/10451\/revisions"}],"predecessor-version":[{"id":10453,"href":"https:\/\/abeytanelson.com\/es\/wp-json\/wp\/v2\/posts\/10451\/revisions\/10453"}],"wp:featuredmedia":[{"embeddable":true,"href":"https:\/\/abeytanelson.com\/es\/wp-json\/wp\/v2\/media\/10452"}],"wp:attachment":[{"href":"https:\/\/abeytanelson.com\/es\/wp-json\/wp\/v2\/media?parent=10451"}],"wp:term":[{"taxonomy":"category","embeddable":true,"href":"https:\/\/abeytanelson.com\/es\/wp-json\/wp\/v2\/categories?post=10451"},{"taxonomy":"post_tag","embeddable":true,"href":"https:\/\/abeytanelson.com\/es\/wp-json\/wp\/v2\/tags?post=10451"}],"curies":[{"name":"wp","href":"https:\/\/api.w.org\/{rel}","templated":true}]}}