{"id":10454,"date":"2015-03-30T06:05:42","date_gmt":"2015-03-30T11:05:42","guid":{"rendered":"http:\/\/abeytanelson.com\/colision-de-vehiculo-de-motor-en-la-que-se-vio-implicado-un-autobus-escolar-y-43-ninos\/"},"modified":"2026-03-13T15:07:13","modified_gmt":"2026-03-13T20:07:13","slug":"colision-de-vehiculo-de-motor-en-la-que-se-vio-implicado-un-autobus-escolar-y-43-ninos","status":"publish","type":"post","link":"https:\/\/abeytanelson.com\/es\/colision-de-vehiculo-de-motor-en-la-que-se-vio-implicado-un-autobus-escolar-y-43-ninos\/","title":{"rendered":"Colisi\u00f3n de veh\u00edculo de motor en la que se vio implicado un autob\u00fas escolar y 43 ni\u00f1os"},"content":{"rendered":"\n<img decoding=\"async\" class=\"alignnone size-full wp-image-5514\" src=\"https:\/\/abeytanelson.com\/wp-content\/uploads\/2026\/02\/Motor-Vehicle-Collision-Involving-a-School-Bus-and-43-Children.jpg\" alt=\"Colisi\u00f3n de veh\u00edculo de motor en la que se vio implicado un autob\u00fas escolar y 43 ni\u00f1os\" width=\"182\" height=\"122\">\n\nA unos 5 miles al norte del peque\u00f1o pueblo de Orondo, el conductor de una furgoneta de mudanzas se qued\u00f3 dormido al volante y choc\u00f3 primero contra un coche y despu\u00e9s contra un autob\u00fas escolar. El accidente dej\u00f3 una persona fallecida y envi\u00f3 a decenas de ni\u00f1os al hospital. \n\nEl conductor de la furgoneta, Kenneth Hahn, un residente de Yakima de 54 a\u00f1os, caus\u00f3 el accidente a las 8:10 a. m. del 5 de marzo de 2015. La furgoneta que conduc\u00eda cruz\u00f3 la l\u00ednea central de la carretera y <a href=\"https:\/\/abeytanelson.com\/abeyta-nelson-settles-record-setting-6-25-m-car-crash-case\/\" data-wpil-monitor-id=\"371\">choc\u00f3 contra otro coche<\/a>, sac\u00e1ndolo de la v\u00eda y haci\u00e9ndolo caer por un terrapl\u00e9n. La conductora del coche, Carmela Cuellar-Morales, de 22 a\u00f1os, <a class=\"wpil_keyword_link\" title=\"falleci\u00f3\" href=\"https:\/\/abeytanelson.com\/practice\/wrongful-death-lawyers-yakima\/\" data-wpil-keyword-link=\"linked\" data-wpil-monitor-id=\"350\">falleci\u00f3<\/a> en el choque. Adem\u00e1s, la pasajera de su coche, Aurora Ceullar-Morales, de 12 a\u00f1os, fue atendida y dada de alta por el hospital. A continuaci\u00f3n, la furgoneta embisti\u00f3 un autob\u00fas escolar en el que viajaban 43 ni\u00f1os y el conductor del autob\u00fas escolar.    \n\nAfortunadamente, la mayor\u00eda de las <a href=\"https:\/\/abeytanelson.com\/practice\/school-injury-lawyer\/\" data-wpil-monitor-id=\"372\">lesiones de los ni\u00f1os y del conductor del autob\u00fas escolar<\/a> fueron leves. Todos los ni\u00f1os, independientemente de si sus lesiones eran aparentes o no, fueron trasladados al Hospital <a href=\"https:\/\/abeytanelson.com\/april-wildfire-season-begins-central-washington\/\" data-wpil-monitor-id=\"373\">Central Washington<\/a> para recibir tratamiento. Hahn, por su parte, sufri\u00f3 lesiones graves, al igual que el pasajero de su furgoneta, Michael Driver, de 36 a\u00f1os.  \n\nEl sheriff del condado de Douglas, Harvey Gjesdal, dijo que el accidente fue el peor que hab\u00eda visto en sus 30 a\u00f1os de carrera. Hahn se enfrenta ahora a cargos penales pendientes. Adem\u00e1s, el hecho de que se quedara dormido al volante lo somete a responsabilidad por <a href=\"https:\/\/abeytanelson.com\/abeyta-nelson-helps-client-noelle-pratt-recover-serious-fall\/\" data-wpil-monitor-id=\"374\">lesiones personales<\/a>. No solo el estado puede acusar a Hahn penalmente; toda parte que resultara perjudicada en el <a href=\"https:\/\/abeytanelson.com\/settling-personal-injury-case\/\" data-wpil-monitor-id=\"375\">accidente puede tener base para presentar una reclamaci\u00f3n por lesiones personales<\/a> contra \u00e9l.  \n\nEl <a href=\"https:\/\/abeytanelson.com\/top-three-causes-of-car-accidents\/\" data-wpil-monitor-id=\"37\">accidente provocar\u00e1<\/a> efectos en cadena en las familias de todos los implicados. La familia de Carmela Cuellar-Morales soportar\u00e1 su p\u00e9rdida. Las familias de los ni\u00f1os implicados tendr\u00e1n que ayudarles a superar sus traumas y <a href=\"https:\/\/abeytanelson.com\/protect-your-family-from-traumatic-brain-injury-washington-injury-lawyers\/\" data-wpil-monitor-id=\"376\">lesiones<\/a>. Michael Driver, el pasajero de la furgoneta de Hahn, tambi\u00e9n tiene <a href=\"https:\/\/abeytanelson.com\/types-damages-can-recovered-personal-injury-suit\/\" data-wpil-monitor-id=\"377\">lesiones de las que debe recuperarse<\/a>.   \n<h2>Contrate a nuestros abogados de lesiones personales en Yakima<\/h2>\nSi ha sufrido un <a class=\"wpil_keyword_link\" title=\"accidente de tr\u00e1fico\" href=\"https:\/\/abeytanelson.com\/practice\/car-accident-lawyers\/\" data-wpil-keyword-link=\"linked\" data-wpil-monitor-id=\"31\">accidente de coche<\/a> como este, puede ser dif\u00edcil saber por d\u00f3nde empezar y c\u00f3mo comprender siquiera sus opciones legales. Sin embargo, <a href=\"https:\/\/abeytanelson.com\/injured-law-enforcement-officers-turn-abeyta-nelson\/\" data-wpil-monitor-id=\"378\">Abeyta Nelson<\/a> est\u00e1 aqu\u00ed para ayudarle. Si desea una consulta, llame gratis al (800) 927-2845 o env\u00edenos un correo electr\u00f3nico a injurylaw@abeytanelson.com.  \n","protected":false},"excerpt":{"rendered":"<p>A unos 5 miles al norte del peque\u00f1o pueblo de Orondo, el conductor de una furgoneta de mudanzas se qued\u00f3 dormido al volante y choc\u00f3 primero contra un coche y despu\u00e9s contra un autob\u00fas escolar. El accidente dej\u00f3 una persona fallecida y envi\u00f3 a decenas de ni\u00f1os al hospital. El conductor de la furgoneta, Kenneth [&hellip;]<\/p>\n","protected":false},"author":5,"featured_media":10455,"comment_status":"open","ping_status":"open","sticky":false,"template":"","format":"standard","meta":{"_acf_changed":false,"footnotes":""},"categories":[408],"tags":[],"class_list":["post-10454","post","type-post","status-publish","format-standard","has-post-thumbnail","hentry","category-accidentes-de-coche-camion-y-motocicleta"],"acf":[],"yoast_head":"<!-- This site is optimized with the Yoast SEO plugin v27.3 - https:\/\/yoast.com\/product\/yoast-seo-wordpress\/ -->\n<title>Accidente de tr\u00e1fico: autob\u00fas escolar implicado con 43 ni\u00f1os a bordo<\/title>\n<meta name=\"description\" content=\"A unos 5 miles al norte del peque\u00f1o pueblo de Orondo, el conductor de una furgoneta de mudanzas se qued\u00f3 dormido al volante y choc\u00f3 primero contra un coche y despu\u00e9s contra un autob\u00fas escolar.\" \/>\n<meta name=\"robots\" content=\"index, follow, max-snippet:-1, max-image-preview:large, max-video-preview:-1\" \/>\n<link rel=\"canonical\" href=\"https:\/\/abeytanelson.com\/es\/colision-de-vehiculo-de-motor-en-la-que-se-vio-implicado-un-autobus-escolar-y-43-ninos\/\" \/>\n<meta property=\"og:locale\" content=\"es_ES\" \/>\n<meta property=\"og:type\" content=\"article\" \/>\n<meta property=\"og:title\" content=\"Accidente de tr\u00e1fico: autob\u00fas escolar implicado con 43 ni\u00f1os a bordo\" \/>\n<meta property=\"og:description\" content=\"A unos 5 miles al norte del peque\u00f1o pueblo de Orondo, el conductor de una furgoneta de mudanzas se qued\u00f3 dormido al volante y choc\u00f3 primero contra un coche y despu\u00e9s contra un autob\u00fas escolar.\" \/>\n<meta property=\"og:url\" content=\"https:\/\/abeytanelson.com\/es\/colision-de-vehiculo-de-motor-en-la-que-se-vio-implicado-un-autobus-escolar-y-43-ninos\/\" \/>\n<meta property=\"og:site_name\" content=\"Abeyta Nelson Injury Law\" \/>\n<meta property=\"article:publisher\" content=\"https:\/\/www.facebook.com\/people\/Abeyta-Nelson-Injury-Law\/100063503115654\/\" \/>\n<meta property=\"article:published_time\" content=\"2015-03-30T11:05:42+00:00\" \/>\n<meta property=\"article:modified_time\" content=\"2026-03-13T20:07:13+00:00\" \/>\n<meta property=\"og:image\" content=\"https:\/\/abeytanelson.com\/wp-content\/uploads\/2026\/02\/Motor-Vehicle-Collision-Involving-a-School-Bus-and-43-Children.jpg\" \/>\n\t<meta property=\"og:image:width\" content=\"182\" \/>\n\t<meta property=\"og:image:height\" content=\"122\" \/>\n\t<meta property=\"og:image:type\" content=\"image\/jpeg\" \/>\n<meta name=\"author\" content=\"Amy Peters\" \/>\n<meta name=\"twitter:card\" content=\"summary_large_image\" \/>\n<meta name=\"twitter:label1\" content=\"Escrito por\" \/>\n\t<meta name=\"twitter:data1\" content=\"Amy Peters\" \/>\n\t<meta name=\"twitter:label2\" content=\"Tiempo de lectura\" \/>\n\t<meta name=\"twitter:data2\" content=\"2 minutos\" \/>\n<script type=\"application\/ld+json\" class=\"yoast-schema-graph\">{\"@context\":\"https:\\\/\\\/schema.org\",\"@graph\":[{\"@type\":\"Article\",\"@id\":\"https:\\\/\\\/abeytanelson.com\\\/es\\\/colision-de-vehiculo-de-motor-en-la-que-se-vio-implicado-un-autobus-escolar-y-43-ninos\\\/#article\",\"isPartOf\":{\"@id\":\"https:\\\/\\\/abeytanelson.com\\\/es\\\/colision-de-vehiculo-de-motor-en-la-que-se-vio-implicado-un-autobus-escolar-y-43-ninos\\\/\"},\"author\":{\"name\":\"Amy Peters\",\"@id\":\"https:\\\/\\\/abeytanelson.com\\\/es\\\/#\\\/schema\\\/person\\\/f55d812d44d5e145ccb6cdb56c315563\"},\"headline\":\"Colisi\u00f3n de veh\u00edculo de motor en la que se vio implicado un autob\u00fas escolar y 43 ni\u00f1os\",\"datePublished\":\"2015-03-30T11:05:42+00:00\",\"dateModified\":\"2026-03-13T20:07:13+00:00\",\"mainEntityOfPage\":{\"@id\":\"https:\\\/\\\/abeytanelson.com\\\/es\\\/colision-de-vehiculo-de-motor-en-la-que-se-vio-implicado-un-autobus-escolar-y-43-ninos\\\/\"},\"wordCount\":448,\"commentCount\":0,\"publisher\":{\"@id\":\"https:\\\/\\\/abeytanelson.com\\\/es\\\/#organization\"},\"image\":{\"@id\":\"https:\\\/\\\/abeytanelson.com\\\/es\\\/colision-de-vehiculo-de-motor-en-la-que-se-vio-implicado-un-autobus-escolar-y-43-ninos\\\/#primaryimage\"},\"thumbnailUrl\":\"https:\\\/\\\/abeytanelson.com\\\/wp-content\\\/uploads\\\/2026\\\/02\\\/Motor-Vehicle-Collision-Involving-a-School-Bus-and-43-Children.jpg\",\"articleSection\":[\"Accidentes de coche, cami\u00f3n y motocicleta\"],\"inLanguage\":\"es\",\"potentialAction\":[{\"@type\":\"CommentAction\",\"name\":\"Comment\",\"target\":[\"https:\\\/\\\/abeytanelson.com\\\/es\\\/colision-de-vehiculo-de-motor-en-la-que-se-vio-implicado-un-autobus-escolar-y-43-ninos\\\/#respond\"]}]},{\"@type\":\"WebPage\",\"@id\":\"https:\\\/\\\/abeytanelson.com\\\/es\\\/colision-de-vehiculo-de-motor-en-la-que-se-vio-implicado-un-autobus-escolar-y-43-ninos\\\/\",\"url\":\"https:\\\/\\\/abeytanelson.com\\\/es\\\/colision-de-vehiculo-de-motor-en-la-que-se-vio-implicado-un-autobus-escolar-y-43-ninos\\\/\",\"name\":\"Accidente de tr\u00e1fico: autob\u00fas escolar implicado con 43 ni\u00f1os a bordo\",\"isPartOf\":{\"@id\":\"https:\\\/\\\/abeytanelson.com\\\/es\\\/#website\"},\"primaryImageOfPage\":{\"@id\":\"https:\\\/\\\/abeytanelson.com\\\/es\\\/colision-de-vehiculo-de-motor-en-la-que-se-vio-implicado-un-autobus-escolar-y-43-ninos\\\/#primaryimage\"},\"image\":{\"@id\":\"https:\\\/\\\/abeytanelson.com\\\/es\\\/colision-de-vehiculo-de-motor-en-la-que-se-vio-implicado-un-autobus-escolar-y-43-ninos\\\/#primaryimage\"},\"thumbnailUrl\":\"https:\\\/\\\/abeytanelson.com\\\/wp-content\\\/uploads\\\/2026\\\/02\\\/Motor-Vehicle-Collision-Involving-a-School-Bus-and-43-Children.jpg\",\"datePublished\":\"2015-03-30T11:05:42+00:00\",\"dateModified\":\"2026-03-13T20:07:13+00:00\",\"description\":\"A unos 5 miles al norte del peque\u00f1o pueblo de Orondo, el conductor de una furgoneta de mudanzas se qued\u00f3 dormido al volante y choc\u00f3 primero contra un coche y despu\u00e9s contra un autob\u00fas escolar.\",\"breadcrumb\":{\"@id\":\"https:\\\/\\\/abeytanelson.com\\\/es\\\/colision-de-vehiculo-de-motor-en-la-que-se-vio-implicado-un-autobus-escolar-y-43-ninos\\\/#breadcrumb\"},\"inLanguage\":\"es\",\"potentialAction\":[{\"@type\":\"ReadAction\",\"target\":[\"https:\\\/\\\/abeytanelson.com\\\/es\\\/colision-de-vehiculo-de-motor-en-la-que-se-vio-implicado-un-autobus-escolar-y-43-ninos\\\/\"]}]},{\"@type\":\"ImageObject\",\"inLanguage\":\"es\",\"@id\":\"https:\\\/\\\/abeytanelson.com\\\/es\\\/colision-de-vehiculo-de-motor-en-la-que-se-vio-implicado-un-autobus-escolar-y-43-ninos\\\/#primaryimage\",\"url\":\"https:\\\/\\\/abeytanelson.com\\\/wp-content\\\/uploads\\\/2026\\\/02\\\/Motor-Vehicle-Collision-Involving-a-School-Bus-and-43-Children.jpg\",\"contentUrl\":\"https:\\\/\\\/abeytanelson.com\\\/wp-content\\\/uploads\\\/2026\\\/02\\\/Motor-Vehicle-Collision-Involving-a-School-Bus-and-43-Children.jpg\",\"width\":182,\"height\":122,\"caption\":\"Primer plano de la parte frontal de un autob\u00fas escolar amarillo con las luces encendidas y las palabras \\\"SCHOOL BUS\\\" visibles.\"},{\"@type\":\"BreadcrumbList\",\"@id\":\"https:\\\/\\\/abeytanelson.com\\\/es\\\/colision-de-vehiculo-de-motor-en-la-que-se-vio-implicado-un-autobus-escolar-y-43-ninos\\\/#breadcrumb\",\"itemListElement\":[{\"@type\":\"ListItem\",\"position\":1,\"name\":\"Home\",\"item\":\"https:\\\/\\\/abeytanelson.com\\\/es\\\/inicio\\\/\"},{\"@type\":\"ListItem\",\"position\":2,\"name\":\"Colisi\u00f3n de veh\u00edculo de motor en la que se vio implicado un autob\u00fas escolar y 43 ni\u00f1os\"}]},{\"@type\":\"WebSite\",\"@id\":\"https:\\\/\\\/abeytanelson.com\\\/es\\\/#website\",\"url\":\"https:\\\/\\\/abeytanelson.com\\\/es\\\/\",\"name\":\"Abeyta Nelson Injury Law\",\"description\":\"\",\"publisher\":{\"@id\":\"https:\\\/\\\/abeytanelson.com\\\/es\\\/#organization\"},\"potentialAction\":[{\"@type\":\"SearchAction\",\"target\":{\"@type\":\"EntryPoint\",\"urlTemplate\":\"https:\\\/\\\/abeytanelson.com\\\/es\\\/?s={search_term_string}\"},\"query-input\":{\"@type\":\"PropertyValueSpecification\",\"valueRequired\":true,\"valueName\":\"search_term_string\"}}],\"inLanguage\":\"es\"},{\"@type\":\"Organization\",\"@id\":\"https:\\\/\\\/abeytanelson.com\\\/es\\\/#organization\",\"name\":\"Abeyta Nelson Injury Law\",\"url\":\"https:\\\/\\\/abeytanelson.com\\\/es\\\/\",\"logo\":{\"@type\":\"ImageObject\",\"inLanguage\":\"es\",\"@id\":\"https:\\\/\\\/abeytanelson.com\\\/es\\\/#\\\/schema\\\/logo\\\/image\\\/\",\"url\":\"https:\\\/\\\/abeytanelson.com\\\/wp-content\\\/uploads\\\/2020\\\/02\\\/new-Logo-container.svg\",\"contentUrl\":\"https:\\\/\\\/abeytanelson.com\\\/wp-content\\\/uploads\\\/2020\\\/02\\\/new-Logo-container.svg\",\"width\":214,\"height\":67,\"caption\":\"Abeyta Nelson Injury Law\"},\"image\":{\"@id\":\"https:\\\/\\\/abeytanelson.com\\\/es\\\/#\\\/schema\\\/logo\\\/image\\\/\"},\"sameAs\":[\"https:\\\/\\\/www.facebook.com\\\/people\\\/Abeyta-Nelson-Injury-Law\\\/100063503115654\\\/\",\"https:\\\/\\\/www.yelp.com\\\/biz\\\/abeyta-nelson-injury-law-yakima?osq=abeyta nelson injury law\",\"https:\\\/\\\/www.instagram.com\\\/abeytanelsoninjurylaw\\\/\",\"https:\\\/\\\/www.linkedin.com\\\/company\\\/abeyta-nelson-injury-law\\\/\"]},{\"@type\":\"Person\",\"@id\":\"https:\\\/\\\/abeytanelson.com\\\/es\\\/#\\\/schema\\\/person\\\/f55d812d44d5e145ccb6cdb56c315563\",\"name\":\"Amy Peters\",\"image\":{\"@type\":\"ImageObject\",\"inLanguage\":\"es\",\"@id\":\"https:\\\/\\\/secure.gravatar.com\\\/avatar\\\/a306a7d05d32e4bb468c29a02ee46509c9da34f6dc6095577ca52ef4205e373d?s=96&d=mm&r=g\",\"url\":\"https:\\\/\\\/secure.gravatar.com\\\/avatar\\\/a306a7d05d32e4bb468c29a02ee46509c9da34f6dc6095577ca52ef4205e373d?s=96&d=mm&r=g\",\"contentUrl\":\"https:\\\/\\\/secure.gravatar.com\\\/avatar\\\/a306a7d05d32e4bb468c29a02ee46509c9da34f6dc6095577ca52ef4205e373d?s=96&d=mm&r=g\",\"caption\":\"Amy Peters\"}}]}<\/script>\n<!-- \/ Yoast SEO plugin. -->","yoast_head_json":{"title":"Accidente de tr\u00e1fico: autob\u00fas escolar implicado con 43 ni\u00f1os a bordo","description":"A unos 5 miles al norte del peque\u00f1o pueblo de Orondo, el conductor de una furgoneta de mudanzas se qued\u00f3 dormido al volante y choc\u00f3 primero contra un coche y despu\u00e9s contra un autob\u00fas escolar.","robots":{"index":"index","follow":"follow","max-snippet":"max-snippet:-1","max-image-preview":"max-image-preview:large","max-video-preview":"max-video-preview:-1"},"canonical":"https:\/\/abeytanelson.com\/es\/colision-de-vehiculo-de-motor-en-la-que-se-vio-implicado-un-autobus-escolar-y-43-ninos\/","og_locale":"es_ES","og_type":"article","og_title":"Accidente de tr\u00e1fico: autob\u00fas escolar implicado con 43 ni\u00f1os a bordo","og_description":"A unos 5 miles al norte del peque\u00f1o pueblo de Orondo, el conductor de una furgoneta de mudanzas se qued\u00f3 dormido al volante y choc\u00f3 primero contra un coche y despu\u00e9s contra un autob\u00fas escolar.","og_url":"https:\/\/abeytanelson.com\/es\/colision-de-vehiculo-de-motor-en-la-que-se-vio-implicado-un-autobus-escolar-y-43-ninos\/","og_site_name":"Abeyta Nelson Injury Law","article_publisher":"https:\/\/www.facebook.com\/people\/Abeyta-Nelson-Injury-Law\/100063503115654\/","article_published_time":"2015-03-30T11:05:42+00:00","article_modified_time":"2026-03-13T20:07:13+00:00","og_image":[{"width":182,"height":122,"url":"https:\/\/abeytanelson.com\/wp-content\/uploads\/2026\/02\/Motor-Vehicle-Collision-Involving-a-School-Bus-and-43-Children.jpg","type":"image\/jpeg"}],"author":"Amy Peters","twitter_card":"summary_large_image","twitter_misc":{"Escrito por":"Amy Peters","Tiempo de lectura":"2 minutos"},"schema":{"@context":"https:\/\/schema.org","@graph":[{"@type":"Article","@id":"https:\/\/abeytanelson.com\/es\/colision-de-vehiculo-de-motor-en-la-que-se-vio-implicado-un-autobus-escolar-y-43-ninos\/#article","isPartOf":{"@id":"https:\/\/abeytanelson.com\/es\/colision-de-vehiculo-de-motor-en-la-que-se-vio-implicado-un-autobus-escolar-y-43-ninos\/"},"author":{"name":"Amy Peters","@id":"https:\/\/abeytanelson.com\/es\/#\/schema\/person\/f55d812d44d5e145ccb6cdb56c315563"},"headline":"Colisi\u00f3n de veh\u00edculo de motor en la que se vio implicado un autob\u00fas escolar y 43 ni\u00f1os","datePublished":"2015-03-30T11:05:42+00:00","dateModified":"2026-03-13T20:07:13+00:00","mainEntityOfPage":{"@id":"https:\/\/abeytanelson.com\/es\/colision-de-vehiculo-de-motor-en-la-que-se-vio-implicado-un-autobus-escolar-y-43-ninos\/"},"wordCount":448,"commentCount":0,"publisher":{"@id":"https:\/\/abeytanelson.com\/es\/#organization"},"image":{"@id":"https:\/\/abeytanelson.com\/es\/colision-de-vehiculo-de-motor-en-la-que-se-vio-implicado-un-autobus-escolar-y-43-ninos\/#primaryimage"},"thumbnailUrl":"https:\/\/abeytanelson.com\/wp-content\/uploads\/2026\/02\/Motor-Vehicle-Collision-Involving-a-School-Bus-and-43-Children.jpg","articleSection":["Accidentes de coche, cami\u00f3n y motocicleta"],"inLanguage":"es","potentialAction":[{"@type":"CommentAction","name":"Comment","target":["https:\/\/abeytanelson.com\/es\/colision-de-vehiculo-de-motor-en-la-que-se-vio-implicado-un-autobus-escolar-y-43-ninos\/#respond"]}]},{"@type":"WebPage","@id":"https:\/\/abeytanelson.com\/es\/colision-de-vehiculo-de-motor-en-la-que-se-vio-implicado-un-autobus-escolar-y-43-ninos\/","url":"https:\/\/abeytanelson.com\/es\/colision-de-vehiculo-de-motor-en-la-que-se-vio-implicado-un-autobus-escolar-y-43-ninos\/","name":"Accidente de tr\u00e1fico: autob\u00fas escolar implicado con 43 ni\u00f1os a bordo","isPartOf":{"@id":"https:\/\/abeytanelson.com\/es\/#website"},"primaryImageOfPage":{"@id":"https:\/\/abeytanelson.com\/es\/colision-de-vehiculo-de-motor-en-la-que-se-vio-implicado-un-autobus-escolar-y-43-ninos\/#primaryimage"},"image":{"@id":"https:\/\/abeytanelson.com\/es\/colision-de-vehiculo-de-motor-en-la-que-se-vio-implicado-un-autobus-escolar-y-43-ninos\/#primaryimage"},"thumbnailUrl":"https:\/\/abeytanelson.com\/wp-content\/uploads\/2026\/02\/Motor-Vehicle-Collision-Involving-a-School-Bus-and-43-Children.jpg","datePublished":"2015-03-30T11:05:42+00:00","dateModified":"2026-03-13T20:07:13+00:00","description":"A unos 5 miles al norte del peque\u00f1o pueblo de Orondo, el conductor de una furgoneta de mudanzas se qued\u00f3 dormido al volante y choc\u00f3 primero contra un coche y despu\u00e9s contra un autob\u00fas escolar.","breadcrumb":{"@id":"https:\/\/abeytanelson.com\/es\/colision-de-vehiculo-de-motor-en-la-que-se-vio-implicado-un-autobus-escolar-y-43-ninos\/#breadcrumb"},"inLanguage":"es","potentialAction":[{"@type":"ReadAction","target":["https:\/\/abeytanelson.com\/es\/colision-de-vehiculo-de-motor-en-la-que-se-vio-implicado-un-autobus-escolar-y-43-ninos\/"]}]},{"@type":"ImageObject","inLanguage":"es","@id":"https:\/\/abeytanelson.com\/es\/colision-de-vehiculo-de-motor-en-la-que-se-vio-implicado-un-autobus-escolar-y-43-ninos\/#primaryimage","url":"https:\/\/abeytanelson.com\/wp-content\/uploads\/2026\/02\/Motor-Vehicle-Collision-Involving-a-School-Bus-and-43-Children.jpg","contentUrl":"https:\/\/abeytanelson.com\/wp-content\/uploads\/2026\/02\/Motor-Vehicle-Collision-Involving-a-School-Bus-and-43-Children.jpg","width":182,"height":122,"caption":"Primer plano de la parte frontal de un autob\u00fas escolar amarillo con las luces encendidas y las palabras \"SCHOOL BUS\" visibles."},{"@type":"BreadcrumbList","@id":"https:\/\/abeytanelson.com\/es\/colision-de-vehiculo-de-motor-en-la-que-se-vio-implicado-un-autobus-escolar-y-43-ninos\/#breadcrumb","itemListElement":[{"@type":"ListItem","position":1,"name":"Home","item":"https:\/\/abeytanelson.com\/es\/inicio\/"},{"@type":"ListItem","position":2,"name":"Colisi\u00f3n de veh\u00edculo de motor en la que se vio implicado un autob\u00fas escolar y 43 ni\u00f1os"}]},{"@type":"WebSite","@id":"https:\/\/abeytanelson.com\/es\/#website","url":"https:\/\/abeytanelson.com\/es\/","name":"Abeyta Nelson Injury Law","description":"","publisher":{"@id":"https:\/\/abeytanelson.com\/es\/#organization"},"potentialAction":[{"@type":"SearchAction","target":{"@type":"EntryPoint","urlTemplate":"https:\/\/abeytanelson.com\/es\/?s={search_term_string}"},"query-input":{"@type":"PropertyValueSpecification","valueRequired":true,"valueName":"search_term_string"}}],"inLanguage":"es"},{"@type":"Organization","@id":"https:\/\/abeytanelson.com\/es\/#organization","name":"Abeyta Nelson Injury Law","url":"https:\/\/abeytanelson.com\/es\/","logo":{"@type":"ImageObject","inLanguage":"es","@id":"https:\/\/abeytanelson.com\/es\/#\/schema\/logo\/image\/","url":"https:\/\/abeytanelson.com\/wp-content\/uploads\/2020\/02\/new-Logo-container.svg","contentUrl":"https:\/\/abeytanelson.com\/wp-content\/uploads\/2020\/02\/new-Logo-container.svg","width":214,"height":67,"caption":"Abeyta Nelson Injury Law"},"image":{"@id":"https:\/\/abeytanelson.com\/es\/#\/schema\/logo\/image\/"},"sameAs":["https:\/\/www.facebook.com\/people\/Abeyta-Nelson-Injury-Law\/100063503115654\/","https:\/\/www.yelp.com\/biz\/abeyta-nelson-injury-law-yakima?osq=abeyta nelson injury law","https:\/\/www.instagram.com\/abeytanelsoninjurylaw\/","https:\/\/www.linkedin.com\/company\/abeyta-nelson-injury-law\/"]},{"@type":"Person","@id":"https:\/\/abeytanelson.com\/es\/#\/schema\/person\/f55d812d44d5e145ccb6cdb56c315563","name":"Amy Peters","image":{"@type":"ImageObject","inLanguage":"es","@id":"https:\/\/secure.gravatar.com\/avatar\/a306a7d05d32e4bb468c29a02ee46509c9da34f6dc6095577ca52ef4205e373d?s=96&d=mm&r=g","url":"https:\/\/secure.gravatar.com\/avatar\/a306a7d05d32e4bb468c29a02ee46509c9da34f6dc6095577ca52ef4205e373d?s=96&d=mm&r=g","contentUrl":"https:\/\/secure.gravatar.com\/avatar\/a306a7d05d32e4bb468c29a02ee46509c9da34f6dc6095577ca52ef4205e373d?s=96&d=mm&r=g","caption":"Amy Peters"}}]}},"_links":{"self":[{"href":"https:\/\/abeytanelson.com\/es\/wp-json\/wp\/v2\/posts\/10454","targetHints":{"allow":["GET"]}}],"collection":[{"href":"https:\/\/abeytanelson.com\/es\/wp-json\/wp\/v2\/posts"}],"about":[{"href":"https:\/\/abeytanelson.com\/es\/wp-json\/wp\/v2\/types\/post"}],"author":[{"embeddable":true,"href":"https:\/\/abeytanelson.com\/es\/wp-json\/wp\/v2\/users\/5"}],"replies":[{"embeddable":true,"href":"https:\/\/abeytanelson.com\/es\/wp-json\/wp\/v2\/comments?post=10454"}],"version-history":[{"count":1,"href":"https:\/\/abeytanelson.com\/es\/wp-json\/wp\/v2\/posts\/10454\/revisions"}],"predecessor-version":[{"id":10456,"href":"https:\/\/abeytanelson.com\/es\/wp-json\/wp\/v2\/posts\/10454\/revisions\/10456"}],"wp:featuredmedia":[{"embeddable":true,"href":"https:\/\/abeytanelson.com\/es\/wp-json\/wp\/v2\/media\/10455"}],"wp:attachment":[{"href":"https:\/\/abeytanelson.com\/es\/wp-json\/wp\/v2\/media?parent=10454"}],"wp:term":[{"taxonomy":"category","embeddable":true,"href":"https:\/\/abeytanelson.com\/es\/wp-json\/wp\/v2\/categories?post=10454"},{"taxonomy":"post_tag","embeddable":true,"href":"https:\/\/abeytanelson.com\/es\/wp-json\/wp\/v2\/tags?post=10454"}],"curies":[{"name":"wp","href":"https:\/\/api.w.org\/{rel}","templated":true}]}}