{"id":10460,"date":"2015-04-23T07:00:34","date_gmt":"2015-04-23T12:00:34","guid":{"rendered":"http:\/\/abeytanelson.com\/es-abril-y-comienza-la-temporada-de-incendios-forestales-en-el-centro-de-washington\/"},"modified":"2026-03-13T15:07:31","modified_gmt":"2026-03-13T20:07:31","slug":"es-abril-y-comienza-la-temporada-de-incendios-forestales-en-el-centro-de-washington","status":"publish","type":"post","link":"https:\/\/abeytanelson.com\/es\/es-abril-y-comienza-la-temporada-de-incendios-forestales-en-el-centro-de-washington\/","title":{"rendered":"Es abril y comienza la temporada de incendios forestales en el centro de Washington"},"content":{"rendered":"\nLas temperaturas de esta semana, en torno a los 25 \u00b0C, y unas condiciones de nieve acumulada en las monta\u00f1as inferiores a lo normal se\u00f1alan otra temporada de incendios forestales potencialmente amenazadora en el centro de Washington. Seg\u00fan <a href=\"http:\/\/climatecentral.org\">climatecentral.org<\/a>, \u00abahora arden m\u00e1s grandes incendios [en el Oeste] que en cualquier momento de los \u00faltimos 40 a\u00f1os, y la superficie total quemada cada a\u00f1o tambi\u00e9n ha aumentado\u00bb. \n\nAunque la mayor\u00eda de los incendios forestales son causados por rayos, y las quemas naturales son una parte importante e incluso necesaria para mantener un ecosistema forestal saludable, demasiados incendios de vegetaci\u00f3n son provocados por el ser humano de forma negligente. El <a href=\"https:\/\/abeytanelson.com\/memories-taylor-bridge-fire-still-burn-cle-elum-couple\/\" data-wpil-monitor-id=\"304\">incendio de Taylor Bridge<\/a>, por ejemplo, se inici\u00f3 en un caluroso d\u00eda de agosto de 2012 por un soldador descuidado en una obra cerca de Cle Elum, Washington. La falta de atenci\u00f3n de este empleado a los protocolos de seguridad adecuados provoc\u00f3 un incendio que hizo arder 22.000 acres de terreno en el centro de Washington, destruyendo viviendas, <a class=\"wpil_keyword_link\" title=\"propiedad\" href=\"https:\/\/abeytanelson.com\/hurt-on-someone-elses-property\/\" target=\"_blank\" rel=\"noopener\" data-wpil-keyword-link=\"linked\" data-wpil-monitor-id=\"986\">propiedades<\/a>, edificaciones auxiliares y veh\u00edculos; desplazando al ganado y causando dificultades a innumerables familias y propietarios de negocios.  \n\n<a href=\"https:\/\/abeytanelson.com\/abeyta-nelson-injury-law-voted-best-law-firm-in-yakima-washington\/\" data-wpil-monitor-id=\"305\">Abeyta Nelson es uno de los pocos bufetes<\/a> del estado de Washington que tramitan reclamaciones por litigios de incendios forestales. Actualmente, <a href=\"https:\/\/abeytanelson.com\/5955-2\/\" data-wpil-monitor-id=\"306\">Abeyta Nelson representa a 73 clientes<\/a> cuya propiedad o pertenencias resultaron da\u00f1adas en el incendio de Taylor Bridge. El bufete ha <a href=\"https:\/\/abeytanelson.com\/what-is-your-experience-in-successfully-settling-cases-like-mine\/\" data-wpil-monitor-id=\"307\">resuelto con \u00e9xito<\/a> reclamaciones de 78 clientes en el incendio del Monasterio\/Panader\u00eda de St. John, ocurrido en septiembre de 2011; de seis ganaderos en la zona de Goldendale por da\u00f1os del incendio de Wishram, ocurrido en agosto de 2011; y reclamaciones de tres propietarios de viviendas en la zona de Omak por da\u00f1os derivados del incendio de la Misi\u00f3n de St. Mary, en octubre de 2012.  \n\nA medida que se acerca el verano y suben las temperaturas, se espera que el peligro de incendio aumente r\u00e1pidamente para junio, seg\u00fan un art\u00edculo del 15 de abril en el Yakima Herald Republic: http:\/\/www.yakimaherald.com\/news\/yhr\/wednesday\/3083774-8\/warning-of-early-fire-season-in-northwest-sparks.\n\n\u00bfQu\u00e9 pueden hacer las familias locales para protegerse a s\u00ed mismas y a su propiedad durante la <a href=\"https:\/\/abeytanelson.com\/preparing-for-washington-wildfire-season-yakima-wildland-fire-attorneys\/\" data-wpil-monitor-id=\"308\">temporada de incendios de vegetaci\u00f3n<\/a>? Planifique asistir a un taller comunitario el 21 de mayo a las 18:30 en Yakima County Fire District 12, ubicado en 10000 Zier Road, Yakima. \n<h2>Contrate a nuestros abogados de lesiones personales en Yakima<\/h2>\nPara obtener m\u00e1s informaci\u00f3n sobre posibles reclamaciones por p\u00e9rdidas derivadas de incendios de vegetaci\u00f3n, p\u00f3ngase en contacto con Abeyta Nelson Injury Law en<span style=\"font-weight: 400;\"> <\/span><a href=\"tel:800-927-2845\"><span style=\"font-weight: 400;\">800-927-2845<\/span><\/a><span style=\"font-weight: 400;\"> <\/span>.\n","protected":false},"excerpt":{"rendered":"<p>Las temperaturas de esta semana, en torno a los 25 \u00b0C, y unas condiciones de nieve acumulada en las monta\u00f1as inferiores a lo normal se\u00f1alan otra temporada de incendios forestales potencialmente amenazadora en el centro de Washington. Seg\u00fan climatecentral.org, \u00abahora arden m\u00e1s grandes incendios [en el Oeste] que en cualquier momento de los \u00faltimos 40 [&hellip;]<\/p>\n","protected":false},"author":5,"featured_media":10461,"comment_status":"open","ping_status":"open","sticky":false,"template":"","format":"standard","meta":{"_acf_changed":false,"footnotes":""},"categories":[436,395],"tags":[],"class_list":["post-10460","post","type-post","status-publish","format-standard","has-post-thumbnail","hentry","category-incendios-forestales","category-noticias-y-eventos"],"acf":[],"yoast_head":"<!-- This site is optimized with the Yoast SEO plugin v27.3 - https:\/\/yoast.com\/product\/yoast-seo-wordpress\/ -->\n<title>Abogados l\u00edderes en litigios por incendios forestales en el estado de Washington<\/title>\n<meta name=\"description\" content=\"Prep\u00e1rese para la temporada de incendios forestales en el centro de Washington con Abeyta Nelson Injury Law. Descubra c\u00f3mo gestionamos las reclamaciones por litigios de incendios forestales.\" \/>\n<meta name=\"robots\" content=\"index, follow, max-snippet:-1, max-image-preview:large, max-video-preview:-1\" \/>\n<link rel=\"canonical\" href=\"https:\/\/abeytanelson.com\/es\/es-abril-y-comienza-la-temporada-de-incendios-forestales-en-el-centro-de-washington\/\" \/>\n<meta property=\"og:locale\" content=\"es_ES\" \/>\n<meta property=\"og:type\" content=\"article\" \/>\n<meta property=\"og:title\" content=\"Abogados l\u00edderes en litigios por incendios forestales en el estado de Washington\" \/>\n<meta property=\"og:description\" content=\"Prep\u00e1rese para la temporada de incendios forestales en el centro de Washington con Abeyta Nelson Injury Law. Descubra c\u00f3mo gestionamos las reclamaciones por litigios de incendios forestales.\" \/>\n<meta property=\"og:url\" content=\"https:\/\/abeytanelson.com\/es\/es-abril-y-comienza-la-temporada-de-incendios-forestales-en-el-centro-de-washington\/\" \/>\n<meta property=\"og:site_name\" content=\"Abeyta Nelson Injury Law\" \/>\n<meta property=\"article:publisher\" content=\"https:\/\/www.facebook.com\/people\/Abeyta-Nelson-Injury-Law\/100063503115654\/\" \/>\n<meta property=\"article:published_time\" content=\"2015-04-23T12:00:34+00:00\" \/>\n<meta property=\"article:modified_time\" content=\"2026-03-13T20:07:31+00:00\" \/>\n<meta name=\"author\" content=\"Amy Peters\" \/>\n<meta name=\"twitter:card\" content=\"summary_large_image\" \/>\n<meta name=\"twitter:label1\" content=\"Escrito por\" \/>\n\t<meta name=\"twitter:data1\" content=\"Amy Peters\" \/>\n\t<meta name=\"twitter:label2\" content=\"Tiempo de lectura\" \/>\n\t<meta name=\"twitter:data2\" content=\"2 minutos\" \/>\n<script type=\"application\/ld+json\" class=\"yoast-schema-graph\">{\"@context\":\"https:\\\/\\\/schema.org\",\"@graph\":[{\"@type\":\"Article\",\"@id\":\"https:\\\/\\\/abeytanelson.com\\\/es\\\/es-abril-y-comienza-la-temporada-de-incendios-forestales-en-el-centro-de-washington\\\/#article\",\"isPartOf\":{\"@id\":\"https:\\\/\\\/abeytanelson.com\\\/es\\\/es-abril-y-comienza-la-temporada-de-incendios-forestales-en-el-centro-de-washington\\\/\"},\"author\":{\"name\":\"Amy Peters\",\"@id\":\"https:\\\/\\\/abeytanelson.com\\\/es\\\/#\\\/schema\\\/person\\\/f55d812d44d5e145ccb6cdb56c315563\"},\"headline\":\"Es abril y comienza la temporada de incendios forestales en el centro de Washington\",\"datePublished\":\"2015-04-23T12:00:34+00:00\",\"dateModified\":\"2026-03-13T20:07:31+00:00\",\"mainEntityOfPage\":{\"@id\":\"https:\\\/\\\/abeytanelson.com\\\/es\\\/es-abril-y-comienza-la-temporada-de-incendios-forestales-en-el-centro-de-washington\\\/\"},\"wordCount\":444,\"commentCount\":0,\"publisher\":{\"@id\":\"https:\\\/\\\/abeytanelson.com\\\/es\\\/#organization\"},\"image\":{\"@id\":\"https:\\\/\\\/abeytanelson.com\\\/es\\\/es-abril-y-comienza-la-temporada-de-incendios-forestales-en-el-centro-de-washington\\\/#primaryimage\"},\"thumbnailUrl\":\"https:\\\/\\\/abeytanelson.com\\\/wp-content\\\/uploads\\\/2026\\\/02\\\/washington-wildfire-personal-injury-jpg.avif\",\"articleSection\":[\"Incendios forestales\",\"Noticias y eventos\"],\"inLanguage\":\"es\",\"potentialAction\":[{\"@type\":\"CommentAction\",\"name\":\"Comment\",\"target\":[\"https:\\\/\\\/abeytanelson.com\\\/es\\\/es-abril-y-comienza-la-temporada-de-incendios-forestales-en-el-centro-de-washington\\\/#respond\"]}]},{\"@type\":\"WebPage\",\"@id\":\"https:\\\/\\\/abeytanelson.com\\\/es\\\/es-abril-y-comienza-la-temporada-de-incendios-forestales-en-el-centro-de-washington\\\/\",\"url\":\"https:\\\/\\\/abeytanelson.com\\\/es\\\/es-abril-y-comienza-la-temporada-de-incendios-forestales-en-el-centro-de-washington\\\/\",\"name\":\"Abogados l\u00edderes en litigios por incendios forestales en el estado de Washington\",\"isPartOf\":{\"@id\":\"https:\\\/\\\/abeytanelson.com\\\/es\\\/#website\"},\"primaryImageOfPage\":{\"@id\":\"https:\\\/\\\/abeytanelson.com\\\/es\\\/es-abril-y-comienza-la-temporada-de-incendios-forestales-en-el-centro-de-washington\\\/#primaryimage\"},\"image\":{\"@id\":\"https:\\\/\\\/abeytanelson.com\\\/es\\\/es-abril-y-comienza-la-temporada-de-incendios-forestales-en-el-centro-de-washington\\\/#primaryimage\"},\"thumbnailUrl\":\"https:\\\/\\\/abeytanelson.com\\\/wp-content\\\/uploads\\\/2026\\\/02\\\/washington-wildfire-personal-injury-jpg.avif\",\"datePublished\":\"2015-04-23T12:00:34+00:00\",\"dateModified\":\"2026-03-13T20:07:31+00:00\",\"description\":\"Prep\u00e1rese para la temporada de incendios forestales en el centro de Washington con Abeyta Nelson Injury Law. Descubra c\u00f3mo gestionamos las reclamaciones por litigios de incendios forestales.\",\"breadcrumb\":{\"@id\":\"https:\\\/\\\/abeytanelson.com\\\/es\\\/es-abril-y-comienza-la-temporada-de-incendios-forestales-en-el-centro-de-washington\\\/#breadcrumb\"},\"inLanguage\":\"es\",\"potentialAction\":[{\"@type\":\"ReadAction\",\"target\":[\"https:\\\/\\\/abeytanelson.com\\\/es\\\/es-abril-y-comienza-la-temporada-de-incendios-forestales-en-el-centro-de-washington\\\/\"]}]},{\"@type\":\"ImageObject\",\"inLanguage\":\"es\",\"@id\":\"https:\\\/\\\/abeytanelson.com\\\/es\\\/es-abril-y-comienza-la-temporada-de-incendios-forestales-en-el-centro-de-washington\\\/#primaryimage\",\"url\":\"https:\\\/\\\/abeytanelson.com\\\/wp-content\\\/uploads\\\/2026\\\/02\\\/washington-wildfire-personal-injury-jpg.avif\",\"contentUrl\":\"https:\\\/\\\/abeytanelson.com\\\/wp-content\\\/uploads\\\/2026\\\/02\\\/washington-wildfire-personal-injury-jpg.avif\",\"width\":1920,\"height\":1080,\"caption\":\"lesiones personales por incendios forestales en Washington\"},{\"@type\":\"BreadcrumbList\",\"@id\":\"https:\\\/\\\/abeytanelson.com\\\/es\\\/es-abril-y-comienza-la-temporada-de-incendios-forestales-en-el-centro-de-washington\\\/#breadcrumb\",\"itemListElement\":[{\"@type\":\"ListItem\",\"position\":1,\"name\":\"Home\",\"item\":\"https:\\\/\\\/abeytanelson.com\\\/es\\\/inicio\\\/\"},{\"@type\":\"ListItem\",\"position\":2,\"name\":\"Es abril y comienza la temporada de incendios forestales en el centro de Washington\"}]},{\"@type\":\"WebSite\",\"@id\":\"https:\\\/\\\/abeytanelson.com\\\/es\\\/#website\",\"url\":\"https:\\\/\\\/abeytanelson.com\\\/es\\\/\",\"name\":\"Abeyta Nelson Injury Law\",\"description\":\"\",\"publisher\":{\"@id\":\"https:\\\/\\\/abeytanelson.com\\\/es\\\/#organization\"},\"potentialAction\":[{\"@type\":\"SearchAction\",\"target\":{\"@type\":\"EntryPoint\",\"urlTemplate\":\"https:\\\/\\\/abeytanelson.com\\\/es\\\/?s={search_term_string}\"},\"query-input\":{\"@type\":\"PropertyValueSpecification\",\"valueRequired\":true,\"valueName\":\"search_term_string\"}}],\"inLanguage\":\"es\"},{\"@type\":\"Organization\",\"@id\":\"https:\\\/\\\/abeytanelson.com\\\/es\\\/#organization\",\"name\":\"Abeyta Nelson Injury Law\",\"url\":\"https:\\\/\\\/abeytanelson.com\\\/es\\\/\",\"logo\":{\"@type\":\"ImageObject\",\"inLanguage\":\"es\",\"@id\":\"https:\\\/\\\/abeytanelson.com\\\/es\\\/#\\\/schema\\\/logo\\\/image\\\/\",\"url\":\"https:\\\/\\\/abeytanelson.com\\\/wp-content\\\/uploads\\\/2020\\\/02\\\/new-Logo-container.svg\",\"contentUrl\":\"https:\\\/\\\/abeytanelson.com\\\/wp-content\\\/uploads\\\/2020\\\/02\\\/new-Logo-container.svg\",\"width\":214,\"height\":67,\"caption\":\"Abeyta Nelson Injury Law\"},\"image\":{\"@id\":\"https:\\\/\\\/abeytanelson.com\\\/es\\\/#\\\/schema\\\/logo\\\/image\\\/\"},\"sameAs\":[\"https:\\\/\\\/www.facebook.com\\\/people\\\/Abeyta-Nelson-Injury-Law\\\/100063503115654\\\/\",\"https:\\\/\\\/www.yelp.com\\\/biz\\\/abeyta-nelson-injury-law-yakima?osq=abeyta nelson injury law\",\"https:\\\/\\\/www.instagram.com\\\/abeytanelsoninjurylaw\\\/\",\"https:\\\/\\\/www.linkedin.com\\\/company\\\/abeyta-nelson-injury-law\\\/\"]},{\"@type\":\"Person\",\"@id\":\"https:\\\/\\\/abeytanelson.com\\\/es\\\/#\\\/schema\\\/person\\\/f55d812d44d5e145ccb6cdb56c315563\",\"name\":\"Amy Peters\",\"image\":{\"@type\":\"ImageObject\",\"inLanguage\":\"es\",\"@id\":\"https:\\\/\\\/secure.gravatar.com\\\/avatar\\\/a306a7d05d32e4bb468c29a02ee46509c9da34f6dc6095577ca52ef4205e373d?s=96&d=mm&r=g\",\"url\":\"https:\\\/\\\/secure.gravatar.com\\\/avatar\\\/a306a7d05d32e4bb468c29a02ee46509c9da34f6dc6095577ca52ef4205e373d?s=96&d=mm&r=g\",\"contentUrl\":\"https:\\\/\\\/secure.gravatar.com\\\/avatar\\\/a306a7d05d32e4bb468c29a02ee46509c9da34f6dc6095577ca52ef4205e373d?s=96&d=mm&r=g\",\"caption\":\"Amy Peters\"}}]}<\/script>\n<!-- \/ Yoast SEO plugin. -->","yoast_head_json":{"title":"Abogados l\u00edderes en litigios por incendios forestales en el estado de Washington","description":"Prep\u00e1rese para la temporada de incendios forestales en el centro de Washington con Abeyta Nelson Injury Law. Descubra c\u00f3mo gestionamos las reclamaciones por litigios de incendios forestales.","robots":{"index":"index","follow":"follow","max-snippet":"max-snippet:-1","max-image-preview":"max-image-preview:large","max-video-preview":"max-video-preview:-1"},"canonical":"https:\/\/abeytanelson.com\/es\/es-abril-y-comienza-la-temporada-de-incendios-forestales-en-el-centro-de-washington\/","og_locale":"es_ES","og_type":"article","og_title":"Abogados l\u00edderes en litigios por incendios forestales en el estado de Washington","og_description":"Prep\u00e1rese para la temporada de incendios forestales en el centro de Washington con Abeyta Nelson Injury Law. Descubra c\u00f3mo gestionamos las reclamaciones por litigios de incendios forestales.","og_url":"https:\/\/abeytanelson.com\/es\/es-abril-y-comienza-la-temporada-de-incendios-forestales-en-el-centro-de-washington\/","og_site_name":"Abeyta Nelson Injury Law","article_publisher":"https:\/\/www.facebook.com\/people\/Abeyta-Nelson-Injury-Law\/100063503115654\/","article_published_time":"2015-04-23T12:00:34+00:00","article_modified_time":"2026-03-13T20:07:31+00:00","author":"Amy Peters","twitter_card":"summary_large_image","twitter_misc":{"Escrito por":"Amy Peters","Tiempo de lectura":"2 minutos"},"schema":{"@context":"https:\/\/schema.org","@graph":[{"@type":"Article","@id":"https:\/\/abeytanelson.com\/es\/es-abril-y-comienza-la-temporada-de-incendios-forestales-en-el-centro-de-washington\/#article","isPartOf":{"@id":"https:\/\/abeytanelson.com\/es\/es-abril-y-comienza-la-temporada-de-incendios-forestales-en-el-centro-de-washington\/"},"author":{"name":"Amy Peters","@id":"https:\/\/abeytanelson.com\/es\/#\/schema\/person\/f55d812d44d5e145ccb6cdb56c315563"},"headline":"Es abril y comienza la temporada de incendios forestales en el centro de Washington","datePublished":"2015-04-23T12:00:34+00:00","dateModified":"2026-03-13T20:07:31+00:00","mainEntityOfPage":{"@id":"https:\/\/abeytanelson.com\/es\/es-abril-y-comienza-la-temporada-de-incendios-forestales-en-el-centro-de-washington\/"},"wordCount":444,"commentCount":0,"publisher":{"@id":"https:\/\/abeytanelson.com\/es\/#organization"},"image":{"@id":"https:\/\/abeytanelson.com\/es\/es-abril-y-comienza-la-temporada-de-incendios-forestales-en-el-centro-de-washington\/#primaryimage"},"thumbnailUrl":"https:\/\/abeytanelson.com\/wp-content\/uploads\/2026\/02\/washington-wildfire-personal-injury-jpg.avif","articleSection":["Incendios forestales","Noticias y eventos"],"inLanguage":"es","potentialAction":[{"@type":"CommentAction","name":"Comment","target":["https:\/\/abeytanelson.com\/es\/es-abril-y-comienza-la-temporada-de-incendios-forestales-en-el-centro-de-washington\/#respond"]}]},{"@type":"WebPage","@id":"https:\/\/abeytanelson.com\/es\/es-abril-y-comienza-la-temporada-de-incendios-forestales-en-el-centro-de-washington\/","url":"https:\/\/abeytanelson.com\/es\/es-abril-y-comienza-la-temporada-de-incendios-forestales-en-el-centro-de-washington\/","name":"Abogados l\u00edderes en litigios por incendios forestales en el estado de Washington","isPartOf":{"@id":"https:\/\/abeytanelson.com\/es\/#website"},"primaryImageOfPage":{"@id":"https:\/\/abeytanelson.com\/es\/es-abril-y-comienza-la-temporada-de-incendios-forestales-en-el-centro-de-washington\/#primaryimage"},"image":{"@id":"https:\/\/abeytanelson.com\/es\/es-abril-y-comienza-la-temporada-de-incendios-forestales-en-el-centro-de-washington\/#primaryimage"},"thumbnailUrl":"https:\/\/abeytanelson.com\/wp-content\/uploads\/2026\/02\/washington-wildfire-personal-injury-jpg.avif","datePublished":"2015-04-23T12:00:34+00:00","dateModified":"2026-03-13T20:07:31+00:00","description":"Prep\u00e1rese para la temporada de incendios forestales en el centro de Washington con Abeyta Nelson Injury Law. Descubra c\u00f3mo gestionamos las reclamaciones por litigios de incendios forestales.","breadcrumb":{"@id":"https:\/\/abeytanelson.com\/es\/es-abril-y-comienza-la-temporada-de-incendios-forestales-en-el-centro-de-washington\/#breadcrumb"},"inLanguage":"es","potentialAction":[{"@type":"ReadAction","target":["https:\/\/abeytanelson.com\/es\/es-abril-y-comienza-la-temporada-de-incendios-forestales-en-el-centro-de-washington\/"]}]},{"@type":"ImageObject","inLanguage":"es","@id":"https:\/\/abeytanelson.com\/es\/es-abril-y-comienza-la-temporada-de-incendios-forestales-en-el-centro-de-washington\/#primaryimage","url":"https:\/\/abeytanelson.com\/wp-content\/uploads\/2026\/02\/washington-wildfire-personal-injury-jpg.avif","contentUrl":"https:\/\/abeytanelson.com\/wp-content\/uploads\/2026\/02\/washington-wildfire-personal-injury-jpg.avif","width":1920,"height":1080,"caption":"lesiones personales por incendios forestales en Washington"},{"@type":"BreadcrumbList","@id":"https:\/\/abeytanelson.com\/es\/es-abril-y-comienza-la-temporada-de-incendios-forestales-en-el-centro-de-washington\/#breadcrumb","itemListElement":[{"@type":"ListItem","position":1,"name":"Home","item":"https:\/\/abeytanelson.com\/es\/inicio\/"},{"@type":"ListItem","position":2,"name":"Es abril y comienza la temporada de incendios forestales en el centro de Washington"}]},{"@type":"WebSite","@id":"https:\/\/abeytanelson.com\/es\/#website","url":"https:\/\/abeytanelson.com\/es\/","name":"Abeyta Nelson Injury Law","description":"","publisher":{"@id":"https:\/\/abeytanelson.com\/es\/#organization"},"potentialAction":[{"@type":"SearchAction","target":{"@type":"EntryPoint","urlTemplate":"https:\/\/abeytanelson.com\/es\/?s={search_term_string}"},"query-input":{"@type":"PropertyValueSpecification","valueRequired":true,"valueName":"search_term_string"}}],"inLanguage":"es"},{"@type":"Organization","@id":"https:\/\/abeytanelson.com\/es\/#organization","name":"Abeyta Nelson Injury Law","url":"https:\/\/abeytanelson.com\/es\/","logo":{"@type":"ImageObject","inLanguage":"es","@id":"https:\/\/abeytanelson.com\/es\/#\/schema\/logo\/image\/","url":"https:\/\/abeytanelson.com\/wp-content\/uploads\/2020\/02\/new-Logo-container.svg","contentUrl":"https:\/\/abeytanelson.com\/wp-content\/uploads\/2020\/02\/new-Logo-container.svg","width":214,"height":67,"caption":"Abeyta Nelson Injury Law"},"image":{"@id":"https:\/\/abeytanelson.com\/es\/#\/schema\/logo\/image\/"},"sameAs":["https:\/\/www.facebook.com\/people\/Abeyta-Nelson-Injury-Law\/100063503115654\/","https:\/\/www.yelp.com\/biz\/abeyta-nelson-injury-law-yakima?osq=abeyta nelson injury law","https:\/\/www.instagram.com\/abeytanelsoninjurylaw\/","https:\/\/www.linkedin.com\/company\/abeyta-nelson-injury-law\/"]},{"@type":"Person","@id":"https:\/\/abeytanelson.com\/es\/#\/schema\/person\/f55d812d44d5e145ccb6cdb56c315563","name":"Amy Peters","image":{"@type":"ImageObject","inLanguage":"es","@id":"https:\/\/secure.gravatar.com\/avatar\/a306a7d05d32e4bb468c29a02ee46509c9da34f6dc6095577ca52ef4205e373d?s=96&d=mm&r=g","url":"https:\/\/secure.gravatar.com\/avatar\/a306a7d05d32e4bb468c29a02ee46509c9da34f6dc6095577ca52ef4205e373d?s=96&d=mm&r=g","contentUrl":"https:\/\/secure.gravatar.com\/avatar\/a306a7d05d32e4bb468c29a02ee46509c9da34f6dc6095577ca52ef4205e373d?s=96&d=mm&r=g","caption":"Amy Peters"}}]}},"_links":{"self":[{"href":"https:\/\/abeytanelson.com\/es\/wp-json\/wp\/v2\/posts\/10460","targetHints":{"allow":["GET"]}}],"collection":[{"href":"https:\/\/abeytanelson.com\/es\/wp-json\/wp\/v2\/posts"}],"about":[{"href":"https:\/\/abeytanelson.com\/es\/wp-json\/wp\/v2\/types\/post"}],"author":[{"embeddable":true,"href":"https:\/\/abeytanelson.com\/es\/wp-json\/wp\/v2\/users\/5"}],"replies":[{"embeddable":true,"href":"https:\/\/abeytanelson.com\/es\/wp-json\/wp\/v2\/comments?post=10460"}],"version-history":[{"count":1,"href":"https:\/\/abeytanelson.com\/es\/wp-json\/wp\/v2\/posts\/10460\/revisions"}],"predecessor-version":[{"id":10467,"href":"https:\/\/abeytanelson.com\/es\/wp-json\/wp\/v2\/posts\/10460\/revisions\/10467"}],"wp:featuredmedia":[{"embeddable":true,"href":"https:\/\/abeytanelson.com\/es\/wp-json\/wp\/v2\/media\/10461"}],"wp:attachment":[{"href":"https:\/\/abeytanelson.com\/es\/wp-json\/wp\/v2\/media?parent=10460"}],"wp:term":[{"taxonomy":"category","embeddable":true,"href":"https:\/\/abeytanelson.com\/es\/wp-json\/wp\/v2\/categories?post=10460"},{"taxonomy":"post_tag","embeddable":true,"href":"https:\/\/abeytanelson.com\/es\/wp-json\/wp\/v2\/tags?post=10460"}],"curies":[{"name":"wp","href":"https:\/\/api.w.org\/{rel}","templated":true}]}}