{"id":10468,"date":"2015-08-04T07:24:27","date_gmt":"2015-08-04T12:24:27","guid":{"rendered":"http:\/\/abeytanelson.com\/protejase-durante-esta-dificil-temporada-de-incendios\/"},"modified":"2026-03-13T15:07:31","modified_gmt":"2026-03-13T20:07:31","slug":"protejase-durante-esta-dificil-temporada-de-incendios","status":"publish","type":"post","link":"https:\/\/abeytanelson.com\/es\/protejase-durante-esta-dificil-temporada-de-incendios\/","title":{"rendered":"Prot\u00e9jase durante esta dif\u00edcil temporada de incendios"},"content":{"rendered":"\n<img fetchpriority=\"high\" decoding=\"async\" class=\"alignnone size-medium wp-image-5571\" src=\"https:\/\/abeytanelson.com\/wp-content\/uploads\/2026\/02\/firecrop.jpg\" alt=\"firecrop\" width=\"505\" height=\"600\">\n\nLas primeras predicciones fueron acertadas: 2015 ha sido y sigue siendo una temporada de incendios especialmente amenazante. Las temperaturas r\u00e9cord, las condiciones de sequedad y la escasa acumulaci\u00f3n de nieve en las monta\u00f1as han creado condiciones ideales tanto para incendios naturales como provocados por el ser humano. Aunque est\u00e1 en vigor una prohibici\u00f3n de quemas en todo el estado de Washington, demasiados incendios se producen por descuido e innecesariamente. Incluso el hecho de caminar por la carretera y tirar un cigarrillo encendido podr\u00eda tener consecuencias graves, incluso mortales, para la <a class=\"wpil_keyword_link\" title=\"propiedad\" href=\"https:\/\/abeytanelson.com\/hurt-on-someone-elses-property\/\" target=\"_blank\" rel=\"noopener\" data-wpil-keyword-link=\"linked\" data-wpil-monitor-id=\"988\">propiedad<\/a> y los propietarios de viviendas cercanos.   \n\nA continuaci\u00f3n, 5 aspectos clave que las <a href=\"https:\/\/abeytanelson.com\/smoke-alarm-test-still-familys-best-protection-fire\/\" data-wpil-monitor-id=\"256\">familias locales pueden hacer para proteger<\/a>se a s\u00ed mismas y su propiedad:\n<ol>\n \t<li style=\"list-style-type: none;\">\n<ol>\n \t<li>Mantenga los arbustos y los \u00e1rboles podados alrededor de la propiedad.<\/li>\n \t<li>Retire los arbustos, \u00e1rboles, hojas o escombros muertos alrededor de su patio, especialmente en los canalones y cerca del tejado.<\/li>\n \t<li>Cree espacio entre los \u00e1rboles y los arbustos y aseg\u00farese de que no est\u00e9n tocando otros elementos que podr\u00edan incendiarse.<\/li>\n \t<li>Mantenga el c\u00e9sped cortado a no m\u00e1s de 4 pulgadas.<\/li>\n<\/ol>\n<\/li>\n<\/ol>\nUtilice materiales resistentes al fuego siempre que sea posible.\n<ol>\n \t<li>Debido al aumento del peligro de incendios en <a href=\"https:\/\/abeytanelson.com\/april-wildfire-season-begins-central-washington\/\" data-wpil-monitor-id=\"257\">Washington Central<\/a>, Abeyta Nelson ha comenzado a trabajar con familias de nuestra regi\u00f3n que han perdido viviendas, jardiner\u00eda, propiedades, veh\u00edculos y salarios debido a incendios no naturales.<\/li>\n<\/ol>\nEl 29 de agosto de 2011, un <a class=\"wpil_keyword_link\" title=\"incendio forestal\" href=\"https:\/\/abeytanelson.com\/navigating-wa-wildfire-claims-a-personal-injury-attorneys-take\/\" target=\"_blank\" rel=\"noopener\" data-wpil-keyword-link=\"linked\" data-wpil-monitor-id=\"992\">incendio forestal<\/a> llamado Wishram Fire, en el condado de Klickitat, quem\u00f3 11.000 acres de pastizales, parte de los cuales pertenec\u00edan a ganaderos que los utilizaban para el pastoreo de ganado. Una investigaci\u00f3n del <a href=\"https:\/\/abeytanelson.com\/faqs\/what-are-the-common-causes-of-washington-state-car-accidents\/\" data-wpil-monitor-id=\"258\">Departamento de Recursos Naturales del Estado de Washington determin\u00f3 que la causa<\/a> del incendio fue una l\u00ednea el\u00e9ctrica ca\u00edda propiedad del Distrito de Servicios P\u00fablicos del Condado de Klickitat. \n\nUn peque\u00f1o grupo de algunos de los ganaderos que pose\u00edan pastizales <a href=\"https:\/\/abeytanelson.com\/memories-taylor-bridge-fire-still-burn-cle-elum-couple\/\" data-wpil-monitor-id=\"259\">quemados por el incendio<\/a> se puso en contacto con el PUD del condado de Klickitat. Los ganaderos solicitaron que se les proporcionara alguna ayuda econ\u00f3mica para reparar y sustituir parte de las vallas da\u00f1adas por el incendio y ayudar a restaurar parte de los pastizales. Los ganaderos se sorprendieron cuando el PUD del condado de Klickitat y su <a href=\"https:\/\/abeytanelson.com\/if-youre-hurt-due-to-the-fault-of-a-family-member\/\" data-wpil-monitor-id=\"84\">aseguradora les dijeron que el incendio no era culpa suya<\/a> y que no habr\u00eda ayuda econ\u00f3mica.  \n\nEste peque\u00f1o grupo de ganaderos contact\u00f3 con <a href=\"https:\/\/abeytanelson.com\/abeyta-nelson-injury-law-voted-best-law-firm-in-yakima-washington\/\" data-wpil-monitor-id=\"260\">Abeyta Nelson<\/a> para recibir asesoramiento legal. Los <a href=\"https:\/\/abeytanelson.com\/central-washington-personal-injury-attorneys-celebrate-35-years\/\" data-wpil-monitor-id=\"261\">abogados Rod Nelson<\/a> y Greg Lighty hablaron con los ganaderos y obtuvieron una copia del Informe de Investigaci\u00f3n de Incendios del DNR. Rod y Greg tambi\u00e9n consultaron con un experto en mantenimiento de l\u00edneas el\u00e9ctricas. Concluyeron que una abrazadera de la l\u00ednea el\u00e9ctrica hab\u00eda fallado, lo que permiti\u00f3 que <a class=\"wpil_keyword_link\" title=\"ca\u00edda\" href=\"https:\/\/abeytanelson.com\/practice\/slip-fall-lawyer-yakima\/\" data-wpil-keyword-link=\"linked\" data-wpil-monitor-id=\"255\">cayera<\/a> al suelo y provocara el incendio. Consideraron que pod\u00eda sostenerse un caso s\u00f3lido de que el PUD del condado de Klickitat era responsable del incendio.   \n\nInicialmente, la <a href=\"https:\/\/abeytanelson.com\/if-youre-hurt-due-to-the-fault-of-a-family-member\/\" data-wpil-monitor-id=\"262\">aseguradora del PUD del condado de Klickitat se neg\u00f3 a hablar de cualquier acuerdo sobre las reclamaciones de los ganaderos<\/a> con Abeyta Nelson. Se inici\u00f3 una demanda. Rod y Greg obtuvieron informes de un perito que mostraban el coste de reparar las vallas da\u00f1adas. Tambi\u00e9n obtuvieron informes de un experto en pastizales que estimaban el coste de la restauraci\u00f3n de los pastizales da\u00f1ados.   \n\nFinalmente, el PUD del condado de Klickitat acept\u00f3 mediar en las reclamaciones de los ganaderos. Aunque fue un proceso dif\u00edcil, Abeyta Nelson recuper\u00f3 $219.330,00 de la <a href=\"https:\/\/abeytanelson.com\/yes-you-can-sue-your-own-insurance-company\/\" data-wpil-monitor-id=\"90\">compa\u00f1\u00eda de seguros<\/a> del PUD del condado de Klickitat para pagar las vallas da\u00f1adas y la restauraci\u00f3n de los pastizales. Los abogados <a href=\"https:\/\/abeytanelson.com\/central-washington-personal-injury-attorneys-celebrate-35-years\/\" data-wpil-monitor-id=\"263\">Rod Nelson<\/a> y Greg Lighty trabajan con frecuencia en equipo en la tramitaci\u00f3n de reclamaciones por p\u00e9rdidas por incendios para Abeyta Nelson.  \n\nAbeyta Nelson tambi\u00e9n est\u00e1 representando actualmente a 72 propietarios cuyas propiedades resultaron da\u00f1adas por el incendio forestal Taylor Bridge en la zona de Cle Elum-Ellensburg en agosto de 2012, y tambi\u00e9n represent\u00f3 a 78 propietarios cuyas propiedades resultaron da\u00f1adas en la zona de Goldendale, con madera y edificios da\u00f1ados por el incendio Monastery en septiembre de 2011. Si ha sufrido p\u00e9rdidas debido a incendios no naturales, llame a <a href=\"https:\/\/abeytanelson.com\/injured-law-enforcement-officers-turn-abeyta-nelson\/\" data-wpil-monitor-id=\"264\">Abeyta Nelson<\/a>. Es posible que podamos ayudarle a recuperar sus <a class=\"wpil_keyword_link\" title=\"da\u00f1os\" href=\"https:\/\/abeytanelson.com\/types-damages-can-recovered-personal-injury-suit\/\" target=\"_blank\" rel=\"noopener\" data-wpil-keyword-link=\"linked\" data-wpil-monitor-id=\"951\">da\u00f1os<\/a>.  \n<h2><strong>\u00bfNecesita un abogado de lesiones personales en Yakima?<\/strong><\/h2>\nEnv\u00edenos <a href=\"https:\/\/abeytanelson.com\/contact-yakima-injury-lawyer\/\">un mensaje<\/a> o ll\u00e1menos al <span style=\"font-weight: 400;\"> <\/span><a href=\"tel:800-927-2845\"><span style=\"font-weight: 400;\">800-927-2845<\/span><\/a><span style=\"font-weight: 400;\"> <\/span>  para comenzar ahora.\n","protected":false},"excerpt":{"rendered":"<p>Las primeras predicciones fueron acertadas: 2015 ha sido y sigue siendo una temporada de incendios especialmente amenazante. Las temperaturas r\u00e9cord, las condiciones de sequedad y la escasa acumulaci\u00f3n de nieve en las monta\u00f1as han creado condiciones ideales tanto para incendios naturales como provocados por el ser humano. Aunque est\u00e1 en vigor una prohibici\u00f3n de quemas [&hellip;]<\/p>\n","protected":false},"author":5,"featured_media":10469,"comment_status":"open","ping_status":"open","sticky":false,"template":"","format":"standard","meta":{"_acf_changed":false,"footnotes":""},"categories":[436,395],"tags":[],"class_list":["post-10468","post","type-post","status-publish","format-standard","has-post-thumbnail","hentry","category-incendios-forestales","category-noticias-y-eventos"],"acf":[],"yoast_head":"<!-- This site is optimized with the Yoast SEO plugin v27.3 - https:\/\/yoast.com\/product\/yoast-seo-wordpress\/ -->\n<title>C\u00f3mo protegerse de los incendios forestales en Washington<\/title>\n<meta name=\"description\" content=\"Descubra consejos y estrategias esenciales para protegerse de los incendios forestales en Washington. Aprenda a protegerse a usted y a su propiedad con asesoramiento experto y medidas proactivas.\" \/>\n<meta name=\"robots\" content=\"index, follow, max-snippet:-1, max-image-preview:large, max-video-preview:-1\" \/>\n<link rel=\"canonical\" href=\"https:\/\/abeytanelson.com\/es\/protejase-durante-esta-dificil-temporada-de-incendios\/\" \/>\n<meta property=\"og:locale\" content=\"es_ES\" \/>\n<meta property=\"og:type\" content=\"article\" \/>\n<meta property=\"og:title\" content=\"C\u00f3mo protegerse de los incendios forestales en Washington\" \/>\n<meta property=\"og:description\" content=\"Descubra consejos y estrategias esenciales para protegerse de los incendios forestales en Washington. Aprenda a protegerse a usted y a su propiedad con asesoramiento experto y medidas proactivas.\" \/>\n<meta property=\"og:url\" content=\"https:\/\/abeytanelson.com\/es\/protejase-durante-esta-dificil-temporada-de-incendios\/\" \/>\n<meta property=\"og:site_name\" content=\"Abeyta Nelson Injury Law\" \/>\n<meta property=\"article:publisher\" content=\"https:\/\/www.facebook.com\/people\/Abeyta-Nelson-Injury-Law\/100063503115654\/\" \/>\n<meta property=\"article:published_time\" content=\"2015-08-04T12:24:27+00:00\" \/>\n<meta property=\"article:modified_time\" content=\"2026-03-13T20:07:31+00:00\" \/>\n<meta property=\"og:image\" content=\"https:\/\/abeytanelson.com\/wp-content\/uploads\/2026\/02\/firecrop.jpg\" \/>\n\t<meta property=\"og:image:width\" content=\"539\" \/>\n\t<meta property=\"og:image:height\" content=\"640\" \/>\n\t<meta property=\"og:image:type\" content=\"image\/jpeg\" \/>\n<meta name=\"author\" content=\"Amy Peters\" \/>\n<meta name=\"twitter:card\" content=\"summary_large_image\" \/>\n<meta name=\"twitter:label1\" content=\"Escrito por\" \/>\n\t<meta name=\"twitter:data1\" content=\"Amy Peters\" \/>\n\t<meta name=\"twitter:label2\" content=\"Tiempo de lectura\" \/>\n\t<meta name=\"twitter:data2\" content=\"4 minutos\" \/>\n<script type=\"application\/ld+json\" class=\"yoast-schema-graph\">{\"@context\":\"https:\\\/\\\/schema.org\",\"@graph\":[{\"@type\":\"Article\",\"@id\":\"https:\\\/\\\/abeytanelson.com\\\/es\\\/protejase-durante-esta-dificil-temporada-de-incendios\\\/#article\",\"isPartOf\":{\"@id\":\"https:\\\/\\\/abeytanelson.com\\\/es\\\/protejase-durante-esta-dificil-temporada-de-incendios\\\/\"},\"author\":{\"name\":\"Amy Peters\",\"@id\":\"https:\\\/\\\/abeytanelson.com\\\/es\\\/#\\\/schema\\\/person\\\/f55d812d44d5e145ccb6cdb56c315563\"},\"headline\":\"Prot\u00e9jase durante esta dif\u00edcil temporada de incendios\",\"datePublished\":\"2015-08-04T12:24:27+00:00\",\"dateModified\":\"2026-03-13T20:07:31+00:00\",\"mainEntityOfPage\":{\"@id\":\"https:\\\/\\\/abeytanelson.com\\\/es\\\/protejase-durante-esta-dificil-temporada-de-incendios\\\/\"},\"wordCount\":750,\"commentCount\":0,\"publisher\":{\"@id\":\"https:\\\/\\\/abeytanelson.com\\\/es\\\/#organization\"},\"image\":{\"@id\":\"https:\\\/\\\/abeytanelson.com\\\/es\\\/protejase-durante-esta-dificil-temporada-de-incendios\\\/#primaryimage\"},\"thumbnailUrl\":\"https:\\\/\\\/abeytanelson.com\\\/wp-content\\\/uploads\\\/2026\\\/02\\\/firecrop.jpg\",\"articleSection\":[\"Incendios forestales\",\"Noticias y eventos\"],\"inLanguage\":\"es\",\"potentialAction\":[{\"@type\":\"CommentAction\",\"name\":\"Comment\",\"target\":[\"https:\\\/\\\/abeytanelson.com\\\/es\\\/protejase-durante-esta-dificil-temporada-de-incendios\\\/#respond\"]}]},{\"@type\":\"WebPage\",\"@id\":\"https:\\\/\\\/abeytanelson.com\\\/es\\\/protejase-durante-esta-dificil-temporada-de-incendios\\\/\",\"url\":\"https:\\\/\\\/abeytanelson.com\\\/es\\\/protejase-durante-esta-dificil-temporada-de-incendios\\\/\",\"name\":\"C\u00f3mo protegerse de los incendios forestales en Washington\",\"isPartOf\":{\"@id\":\"https:\\\/\\\/abeytanelson.com\\\/es\\\/#website\"},\"primaryImageOfPage\":{\"@id\":\"https:\\\/\\\/abeytanelson.com\\\/es\\\/protejase-durante-esta-dificil-temporada-de-incendios\\\/#primaryimage\"},\"image\":{\"@id\":\"https:\\\/\\\/abeytanelson.com\\\/es\\\/protejase-durante-esta-dificil-temporada-de-incendios\\\/#primaryimage\"},\"thumbnailUrl\":\"https:\\\/\\\/abeytanelson.com\\\/wp-content\\\/uploads\\\/2026\\\/02\\\/firecrop.jpg\",\"datePublished\":\"2015-08-04T12:24:27+00:00\",\"dateModified\":\"2026-03-13T20:07:31+00:00\",\"description\":\"Descubra consejos y estrategias esenciales para protegerse de los incendios forestales en Washington. Aprenda a protegerse a usted y a su propiedad con asesoramiento experto y medidas proactivas.\",\"breadcrumb\":{\"@id\":\"https:\\\/\\\/abeytanelson.com\\\/es\\\/protejase-durante-esta-dificil-temporada-de-incendios\\\/#breadcrumb\"},\"inLanguage\":\"es\",\"potentialAction\":[{\"@type\":\"ReadAction\",\"target\":[\"https:\\\/\\\/abeytanelson.com\\\/es\\\/protejase-durante-esta-dificil-temporada-de-incendios\\\/\"]}]},{\"@type\":\"ImageObject\",\"inLanguage\":\"es\",\"@id\":\"https:\\\/\\\/abeytanelson.com\\\/es\\\/protejase-durante-esta-dificil-temporada-de-incendios\\\/#primaryimage\",\"url\":\"https:\\\/\\\/abeytanelson.com\\\/wp-content\\\/uploads\\\/2026\\\/02\\\/firecrop.jpg\",\"contentUrl\":\"https:\\\/\\\/abeytanelson.com\\\/wp-content\\\/uploads\\\/2026\\\/02\\\/firecrop.jpg\",\"width\":539,\"height\":640,\"caption\":\"Un incendio forestal avanza por un bosque, con llamas y humo visibles entre los \u00e1rboles y el suelo calcinado en primer plano.\"},{\"@type\":\"BreadcrumbList\",\"@id\":\"https:\\\/\\\/abeytanelson.com\\\/es\\\/protejase-durante-esta-dificil-temporada-de-incendios\\\/#breadcrumb\",\"itemListElement\":[{\"@type\":\"ListItem\",\"position\":1,\"name\":\"Home\",\"item\":\"https:\\\/\\\/abeytanelson.com\\\/es\\\/inicio\\\/\"},{\"@type\":\"ListItem\",\"position\":2,\"name\":\"Prot\u00e9jase durante esta dif\u00edcil temporada de incendios\"}]},{\"@type\":\"WebSite\",\"@id\":\"https:\\\/\\\/abeytanelson.com\\\/es\\\/#website\",\"url\":\"https:\\\/\\\/abeytanelson.com\\\/es\\\/\",\"name\":\"Abeyta Nelson Injury Law\",\"description\":\"\",\"publisher\":{\"@id\":\"https:\\\/\\\/abeytanelson.com\\\/es\\\/#organization\"},\"potentialAction\":[{\"@type\":\"SearchAction\",\"target\":{\"@type\":\"EntryPoint\",\"urlTemplate\":\"https:\\\/\\\/abeytanelson.com\\\/es\\\/?s={search_term_string}\"},\"query-input\":{\"@type\":\"PropertyValueSpecification\",\"valueRequired\":true,\"valueName\":\"search_term_string\"}}],\"inLanguage\":\"es\"},{\"@type\":\"Organization\",\"@id\":\"https:\\\/\\\/abeytanelson.com\\\/es\\\/#organization\",\"name\":\"Abeyta Nelson Injury Law\",\"url\":\"https:\\\/\\\/abeytanelson.com\\\/es\\\/\",\"logo\":{\"@type\":\"ImageObject\",\"inLanguage\":\"es\",\"@id\":\"https:\\\/\\\/abeytanelson.com\\\/es\\\/#\\\/schema\\\/logo\\\/image\\\/\",\"url\":\"https:\\\/\\\/abeytanelson.com\\\/wp-content\\\/uploads\\\/2020\\\/02\\\/new-Logo-container.svg\",\"contentUrl\":\"https:\\\/\\\/abeytanelson.com\\\/wp-content\\\/uploads\\\/2020\\\/02\\\/new-Logo-container.svg\",\"width\":214,\"height\":67,\"caption\":\"Abeyta Nelson Injury Law\"},\"image\":{\"@id\":\"https:\\\/\\\/abeytanelson.com\\\/es\\\/#\\\/schema\\\/logo\\\/image\\\/\"},\"sameAs\":[\"https:\\\/\\\/www.facebook.com\\\/people\\\/Abeyta-Nelson-Injury-Law\\\/100063503115654\\\/\",\"https:\\\/\\\/www.yelp.com\\\/biz\\\/abeyta-nelson-injury-law-yakima?osq=abeyta nelson injury law\",\"https:\\\/\\\/www.instagram.com\\\/abeytanelsoninjurylaw\\\/\",\"https:\\\/\\\/www.linkedin.com\\\/company\\\/abeyta-nelson-injury-law\\\/\"]},{\"@type\":\"Person\",\"@id\":\"https:\\\/\\\/abeytanelson.com\\\/es\\\/#\\\/schema\\\/person\\\/f55d812d44d5e145ccb6cdb56c315563\",\"name\":\"Amy Peters\",\"image\":{\"@type\":\"ImageObject\",\"inLanguage\":\"es\",\"@id\":\"https:\\\/\\\/secure.gravatar.com\\\/avatar\\\/a306a7d05d32e4bb468c29a02ee46509c9da34f6dc6095577ca52ef4205e373d?s=96&d=mm&r=g\",\"url\":\"https:\\\/\\\/secure.gravatar.com\\\/avatar\\\/a306a7d05d32e4bb468c29a02ee46509c9da34f6dc6095577ca52ef4205e373d?s=96&d=mm&r=g\",\"contentUrl\":\"https:\\\/\\\/secure.gravatar.com\\\/avatar\\\/a306a7d05d32e4bb468c29a02ee46509c9da34f6dc6095577ca52ef4205e373d?s=96&d=mm&r=g\",\"caption\":\"Amy Peters\"}}]}<\/script>\n<!-- \/ Yoast SEO plugin. -->","yoast_head_json":{"title":"C\u00f3mo protegerse de los incendios forestales en Washington","description":"Descubra consejos y estrategias esenciales para protegerse de los incendios forestales en Washington. Aprenda a protegerse a usted y a su propiedad con asesoramiento experto y medidas proactivas.","robots":{"index":"index","follow":"follow","max-snippet":"max-snippet:-1","max-image-preview":"max-image-preview:large","max-video-preview":"max-video-preview:-1"},"canonical":"https:\/\/abeytanelson.com\/es\/protejase-durante-esta-dificil-temporada-de-incendios\/","og_locale":"es_ES","og_type":"article","og_title":"C\u00f3mo protegerse de los incendios forestales en Washington","og_description":"Descubra consejos y estrategias esenciales para protegerse de los incendios forestales en Washington. Aprenda a protegerse a usted y a su propiedad con asesoramiento experto y medidas proactivas.","og_url":"https:\/\/abeytanelson.com\/es\/protejase-durante-esta-dificil-temporada-de-incendios\/","og_site_name":"Abeyta Nelson Injury Law","article_publisher":"https:\/\/www.facebook.com\/people\/Abeyta-Nelson-Injury-Law\/100063503115654\/","article_published_time":"2015-08-04T12:24:27+00:00","article_modified_time":"2026-03-13T20:07:31+00:00","og_image":[{"width":539,"height":640,"url":"https:\/\/abeytanelson.com\/wp-content\/uploads\/2026\/02\/firecrop.jpg","type":"image\/jpeg"}],"author":"Amy Peters","twitter_card":"summary_large_image","twitter_misc":{"Escrito por":"Amy Peters","Tiempo de lectura":"4 minutos"},"schema":{"@context":"https:\/\/schema.org","@graph":[{"@type":"Article","@id":"https:\/\/abeytanelson.com\/es\/protejase-durante-esta-dificil-temporada-de-incendios\/#article","isPartOf":{"@id":"https:\/\/abeytanelson.com\/es\/protejase-durante-esta-dificil-temporada-de-incendios\/"},"author":{"name":"Amy Peters","@id":"https:\/\/abeytanelson.com\/es\/#\/schema\/person\/f55d812d44d5e145ccb6cdb56c315563"},"headline":"Prot\u00e9jase durante esta dif\u00edcil temporada de incendios","datePublished":"2015-08-04T12:24:27+00:00","dateModified":"2026-03-13T20:07:31+00:00","mainEntityOfPage":{"@id":"https:\/\/abeytanelson.com\/es\/protejase-durante-esta-dificil-temporada-de-incendios\/"},"wordCount":750,"commentCount":0,"publisher":{"@id":"https:\/\/abeytanelson.com\/es\/#organization"},"image":{"@id":"https:\/\/abeytanelson.com\/es\/protejase-durante-esta-dificil-temporada-de-incendios\/#primaryimage"},"thumbnailUrl":"https:\/\/abeytanelson.com\/wp-content\/uploads\/2026\/02\/firecrop.jpg","articleSection":["Incendios forestales","Noticias y eventos"],"inLanguage":"es","potentialAction":[{"@type":"CommentAction","name":"Comment","target":["https:\/\/abeytanelson.com\/es\/protejase-durante-esta-dificil-temporada-de-incendios\/#respond"]}]},{"@type":"WebPage","@id":"https:\/\/abeytanelson.com\/es\/protejase-durante-esta-dificil-temporada-de-incendios\/","url":"https:\/\/abeytanelson.com\/es\/protejase-durante-esta-dificil-temporada-de-incendios\/","name":"C\u00f3mo protegerse de los incendios forestales en Washington","isPartOf":{"@id":"https:\/\/abeytanelson.com\/es\/#website"},"primaryImageOfPage":{"@id":"https:\/\/abeytanelson.com\/es\/protejase-durante-esta-dificil-temporada-de-incendios\/#primaryimage"},"image":{"@id":"https:\/\/abeytanelson.com\/es\/protejase-durante-esta-dificil-temporada-de-incendios\/#primaryimage"},"thumbnailUrl":"https:\/\/abeytanelson.com\/wp-content\/uploads\/2026\/02\/firecrop.jpg","datePublished":"2015-08-04T12:24:27+00:00","dateModified":"2026-03-13T20:07:31+00:00","description":"Descubra consejos y estrategias esenciales para protegerse de los incendios forestales en Washington. Aprenda a protegerse a usted y a su propiedad con asesoramiento experto y medidas proactivas.","breadcrumb":{"@id":"https:\/\/abeytanelson.com\/es\/protejase-durante-esta-dificil-temporada-de-incendios\/#breadcrumb"},"inLanguage":"es","potentialAction":[{"@type":"ReadAction","target":["https:\/\/abeytanelson.com\/es\/protejase-durante-esta-dificil-temporada-de-incendios\/"]}]},{"@type":"ImageObject","inLanguage":"es","@id":"https:\/\/abeytanelson.com\/es\/protejase-durante-esta-dificil-temporada-de-incendios\/#primaryimage","url":"https:\/\/abeytanelson.com\/wp-content\/uploads\/2026\/02\/firecrop.jpg","contentUrl":"https:\/\/abeytanelson.com\/wp-content\/uploads\/2026\/02\/firecrop.jpg","width":539,"height":640,"caption":"Un incendio forestal avanza por un bosque, con llamas y humo visibles entre los \u00e1rboles y el suelo calcinado en primer plano."},{"@type":"BreadcrumbList","@id":"https:\/\/abeytanelson.com\/es\/protejase-durante-esta-dificil-temporada-de-incendios\/#breadcrumb","itemListElement":[{"@type":"ListItem","position":1,"name":"Home","item":"https:\/\/abeytanelson.com\/es\/inicio\/"},{"@type":"ListItem","position":2,"name":"Prot\u00e9jase durante esta dif\u00edcil temporada de incendios"}]},{"@type":"WebSite","@id":"https:\/\/abeytanelson.com\/es\/#website","url":"https:\/\/abeytanelson.com\/es\/","name":"Abeyta Nelson Injury Law","description":"","publisher":{"@id":"https:\/\/abeytanelson.com\/es\/#organization"},"potentialAction":[{"@type":"SearchAction","target":{"@type":"EntryPoint","urlTemplate":"https:\/\/abeytanelson.com\/es\/?s={search_term_string}"},"query-input":{"@type":"PropertyValueSpecification","valueRequired":true,"valueName":"search_term_string"}}],"inLanguage":"es"},{"@type":"Organization","@id":"https:\/\/abeytanelson.com\/es\/#organization","name":"Abeyta Nelson Injury Law","url":"https:\/\/abeytanelson.com\/es\/","logo":{"@type":"ImageObject","inLanguage":"es","@id":"https:\/\/abeytanelson.com\/es\/#\/schema\/logo\/image\/","url":"https:\/\/abeytanelson.com\/wp-content\/uploads\/2020\/02\/new-Logo-container.svg","contentUrl":"https:\/\/abeytanelson.com\/wp-content\/uploads\/2020\/02\/new-Logo-container.svg","width":214,"height":67,"caption":"Abeyta Nelson Injury Law"},"image":{"@id":"https:\/\/abeytanelson.com\/es\/#\/schema\/logo\/image\/"},"sameAs":["https:\/\/www.facebook.com\/people\/Abeyta-Nelson-Injury-Law\/100063503115654\/","https:\/\/www.yelp.com\/biz\/abeyta-nelson-injury-law-yakima?osq=abeyta nelson injury law","https:\/\/www.instagram.com\/abeytanelsoninjurylaw\/","https:\/\/www.linkedin.com\/company\/abeyta-nelson-injury-law\/"]},{"@type":"Person","@id":"https:\/\/abeytanelson.com\/es\/#\/schema\/person\/f55d812d44d5e145ccb6cdb56c315563","name":"Amy Peters","image":{"@type":"ImageObject","inLanguage":"es","@id":"https:\/\/secure.gravatar.com\/avatar\/a306a7d05d32e4bb468c29a02ee46509c9da34f6dc6095577ca52ef4205e373d?s=96&d=mm&r=g","url":"https:\/\/secure.gravatar.com\/avatar\/a306a7d05d32e4bb468c29a02ee46509c9da34f6dc6095577ca52ef4205e373d?s=96&d=mm&r=g","contentUrl":"https:\/\/secure.gravatar.com\/avatar\/a306a7d05d32e4bb468c29a02ee46509c9da34f6dc6095577ca52ef4205e373d?s=96&d=mm&r=g","caption":"Amy Peters"}}]}},"_links":{"self":[{"href":"https:\/\/abeytanelson.com\/es\/wp-json\/wp\/v2\/posts\/10468","targetHints":{"allow":["GET"]}}],"collection":[{"href":"https:\/\/abeytanelson.com\/es\/wp-json\/wp\/v2\/posts"}],"about":[{"href":"https:\/\/abeytanelson.com\/es\/wp-json\/wp\/v2\/types\/post"}],"author":[{"embeddable":true,"href":"https:\/\/abeytanelson.com\/es\/wp-json\/wp\/v2\/users\/5"}],"replies":[{"embeddable":true,"href":"https:\/\/abeytanelson.com\/es\/wp-json\/wp\/v2\/comments?post=10468"}],"version-history":[{"count":1,"href":"https:\/\/abeytanelson.com\/es\/wp-json\/wp\/v2\/posts\/10468\/revisions"}],"predecessor-version":[{"id":10470,"href":"https:\/\/abeytanelson.com\/es\/wp-json\/wp\/v2\/posts\/10468\/revisions\/10470"}],"wp:featuredmedia":[{"embeddable":true,"href":"https:\/\/abeytanelson.com\/es\/wp-json\/wp\/v2\/media\/10469"}],"wp:attachment":[{"href":"https:\/\/abeytanelson.com\/es\/wp-json\/wp\/v2\/media?parent=10468"}],"wp:term":[{"taxonomy":"category","embeddable":true,"href":"https:\/\/abeytanelson.com\/es\/wp-json\/wp\/v2\/categories?post=10468"},{"taxonomy":"post_tag","embeddable":true,"href":"https:\/\/abeytanelson.com\/es\/wp-json\/wp\/v2\/tags?post=10468"}],"curies":[{"name":"wp","href":"https:\/\/api.w.org\/{rel}","templated":true}]}}