{"id":10511,"date":"2015-08-30T07:31:11","date_gmt":"2015-08-30T12:31:11","guid":{"rendered":"http:\/\/abeytanelson.com\/la-carrera-de-25-anos-de-beaulaurier-parte-del-exito-de-abeyta-nelson\/"},"modified":"2026-03-13T15:10:03","modified_gmt":"2026-03-13T20:10:03","slug":"la-carrera-de-25-anos-de-beaulaurier-parte-del-exito-de-abeyta-nelson","status":"publish","type":"post","link":"https:\/\/abeytanelson.com\/es\/la-carrera-de-25-anos-de-beaulaurier-parte-del-exito-de-abeyta-nelson\/","title":{"rendered":"La carrera de 25 a\u00f1os de Beaulaurier, parte del \u00e9xito de Abeyta Nelson"},"content":{"rendered":"\n<img fetchpriority=\"high\" decoding=\"async\" class=\"alignnone size-full wp-image-5574\" src=\"https:\/\/abeytanelson.com\/wp-content\/uploads\/2026\/02\/DenSmall2.jpg\" alt=\"DenSmall2\" width=\"300\" height=\"396\">\n\nEn diciembre, la directora de oficina Denielle Beaulaurier celebrar\u00e1 25 a\u00f1os de empleo con Abeyta Nelson. Desde 1990, ha trabajado en casi todos los puestos del personal y contin\u00faa manteniendo el funcionamiento fluido del bufete. A continuaci\u00f3n, m\u00e1s informaci\u00f3n sobre Denielle:  \n\n<strong>1) \u00bfD\u00f3nde creci\u00f3 y d\u00f3nde recibi\u00f3 su educaci\u00f3n?<\/strong> Nac\u00ed y crec\u00ed en <a href=\"https:\/\/abeytanelson.com\/personal-injury-attorney-yakima\/\" data-wpil-monitor-id=\"13\">Yakima<\/a>, WA. Asist\u00ed a Eisenhower High School y a la Universidad de Portland. \n<strong>2) \u00bfRecibi\u00f3 alguna formaci\u00f3n jur\u00eddica adicional antes de ser contratada en <a href=\"https:\/\/abeytanelson.com\/abeyta-nelson-injury-law-voted-best-law-firm-in-yakima-washington\/\" data-wpil-monitor-id=\"245\">Abeyta Nelson?<\/a><\/strong> No. Antes de incorporarme al <a href=\"https:\/\/abeytanelson.com\/faqs\/how-does-abeyta-nelson-injury-law-firm-win-auto-accident-lawsuits\/\" data-wpil-monitor-id=\"246\">bufete<\/a>, mi experiencia era \u00fanicamente en el \u00e1mbito m\u00e9dico. \n<strong>3) \u00bfEn qu\u00e9 a\u00f1o se incorpor\u00f3 a <a href=\"https:\/\/abeytanelson.com\/faqs\/how-does-abeyta-nelson-injury-law-firm-win-auto-accident-lawsuits\/\" data-wpil-monitor-id=\"247\">Abeyta Nelson?<\/a> \u00bfPuede describir el bufete en aquel entonces?<\/strong> Me incorpor\u00e9 al bufete en diciembre de 1990. Todav\u00eda ten\u00edamos m\u00e1quinas de escribir y transcriptores a tiempo completo. Si la memoria no me falla, ten\u00edamos tres abogados, una directora de oficina y un personal de apoyo de siete u ocho personas. Inicialmente, dictaba mis res\u00famenes que luego eran transcritos por un transcriptor. Escaneo, software avanzado, fotocopiadoras a color: nada de eso estaba disponible para nosotros entonces.\n4) \u00bfEn qu\u00e9 puesto fue contratada inicialmente y c\u00f3mo lleg\u00f3 a ser directora de oficina? Me incorpor\u00e9 inicialmente como coordinadora m\u00e9dica del bufete. Este puesto implicaba resumir todos los registros m\u00e9dicos de nuestros clientes, ayudar a crear un manual de referencia de t\u00e9rminos\/definiciones m\u00e9dicas y coordinar y programar ex\u00e1menes m\u00e9dicos para nuestros clientes. Tambi\u00e9n trabaj\u00e9 con el socio director, <a href=\"https:\/\/abeytanelson.com\/pillars-terry-abeyta-david-abeyta-building-bridge-generations\/\" data-wpil-monitor-id=\"248\">Terry Abeyta<\/a>, en el desarrollo de un recurso de ilustraciones anat\u00f3micas para su uso posterior en el proceso de tramitaci\u00f3n del caso de nuestro cliente. En 1991, comenc\u00e9 a ayudar en el \u00e1rea de selecci\u00f3n de nuevas llamadas de <a class=\"wpil_keyword_link\" title=\"reclamaci\u00f3n\" href=\"https:\/\/abeytanelson.com\/dont-wait-to-file-accident-or-injury-claims\/\" target=\"_blank\" rel=\"noopener\" data-wpil-keyword-link=\"linked\" data-wpil-monitor-id=\"1009\">reclamaciones<\/a>. Pas\u00e9 del puesto de coordinadora m\u00e9dica a coordinadora de admisi\u00f3n a tiempo completo (selecci\u00f3n de nuevas llamadas de reclamaciones) en 1995. En 1996, comenc\u00e9 a gestionar algunos casos reales de clientes, tanto en la fase de reclamaciones como en casos de litigio, para comprender mejor todos los aspectos del derecho de <a class=\"wpil_keyword_link\" title=\"lesiones personales\" href=\"https:\/\/abeytanelson.com\/\" data-wpil-keyword-link=\"linked\" data-wpil-monitor-id=\"243\">lesiones personales<\/a> con la intenci\u00f3n de aspirar al puesto de directora de oficina. Continu\u00e9 trabajando en los puestos de coordinadora de admisi\u00f3n, <a href=\"https:\/\/abeytanelson.com\/legal-assistant-evolves-technology-22-year-career\/\" data-wpil-monitor-id=\"249\">asistente jur\u00eddica<\/a> y form\u00e1ndome para el puesto de directora de oficina desde enero hasta diciembre de 1999. Pas\u00e9 al puesto de directora de oficina a tiempo completo en diciembre de 1999.            \n<strong>5) \u00bfDe qu\u00e9 manera ha evolucionado y cambiado el bufete a lo largo de los a\u00f1os?<\/strong> Cuando empec\u00e9 en el bufete, gran parte de lo que hac\u00edamos en el caso de un cliente se hac\u00eda manualmente con bol\u00edgrafo y papel. En 1997, implementamos un software de gesti\u00f3n de casos que cambi\u00f3 para siempre la forma en que gestion\u00e1bamos nuestros casos, y para mejor. A lo largo de los a\u00f1os, pasamos de dictar y transcribir cartas y documentos a crear documentos integrados en nuestro sistema de gesti\u00f3n de casos. Este cambio supuso una mayor eficiencia para todos y signific\u00f3 que ya no necesit\u00e1bamos <a href=\"https:\/\/abeytanelson.com\/employment-yakima-ellensburg-sunnyside\/\" data-wpil-monitor-id=\"250\">emplear<\/a> a un transcriptor. A lo largo de los a\u00f1os tambi\u00e9n externalizamos el <a class=\"wpil_keyword_link\" title=\"trabajo\" href=\"https:\/\/abeytanelson.com\/practice\/yakima-work-injury-lawyer\/\" data-wpil-keyword-link=\"linked\" data-wpil-monitor-id=\"244\">trabajo<\/a> de recopilaci\u00f3n de registros m\u00e9dicos para permitir que nuestro personal fuera m\u00e1s eficiente.    \n<strong>6) Dirigir un <a href=\"https:\/\/abeytanelson.com\/history-best-personal-injury-law-firm\/\" data-wpil-monitor-id=\"251\">bufete<\/a> es un trabajo exigente. \u00bfLa multitarea le resulta natural o estas habilidades se perfeccionaron a lo largo de su carrera?<\/strong> Mi trabajo como directora de oficina ha sido un desaf\u00edo constante de aprendizaje y evoluci\u00f3n a lo largo de los a\u00f1os. La multitarea es algo en lo que sigo trabajando cada d\u00eda para hacer el mejor trabajo posible. \u00a1Siempre hay margen de mejora! Atribuyo a mis antiguos mentores, a mis padres y al \u00abpaso del tiempo\u00bb la capacidad de mantener un comportamiento tranquilo mientras dirijo nuestras tres oficinas.   \n<strong>7) \u00bfCu\u00e1les han sido sus mayores desaf\u00edos profesionales?<\/strong> Inicialmente, ganarme la confianza de nuestro personal como nueva directora de oficina. A lo largo de los a\u00f1os ha existido el desaf\u00edo constante de mantener el impulso del bufete en lo que respecta a la tecnolog\u00eda y las t\u00e1cticas de marketing. Esto debe ir acompa\u00f1ado del mantenimiento de un entorno de trabajo positivo, entusiasta y agradable.  \n<strong>8) \u00bfCu\u00e1les han sido sus momentos de mayor orgullo en Abeyta Nelson?<\/strong> Estoy muy orgullosa de haber sido parte integral de la apertura de nuestra oficina sucursal de Ellensburg en 2003 y de nuestra oficina sucursal de <a href=\"https:\/\/abeytanelson.com\/personal-injury-attorney-sunnyside\/\" data-wpil-monitor-id=\"21\">Sunnyside<\/a> en 2006. Lo m\u00e1s importante es que estoy orgullosa de trabajar con los mejores <a href=\"https:\/\/abeytanelson.com\/our-attorneys-yakima-ellensburg-sunnyside\/\" data-wpil-monitor-id=\"252\">abogados<\/a> y personal del centro de Washington. Estoy muy orgullosa de decir que formo parte del \u00abequipo Abeyta <a href=\"https:\/\/abeytanelson.com\/abeyta-nelson-donating-warmth-local-kids-season\/\" data-wpil-monitor-id=\"253\">Nelson<\/a>\u00ab.  \n<strong>9) Si una persona joven estuviera empezando como <a href=\"https:\/\/abeytanelson.com\/injured-law-enforcement-officers-turn-abeyta-nelson\/\" data-wpil-monitor-id=\"254\">directora de oficina de un bufete<\/a>, \u00bfqu\u00e9 le dir\u00eda que es la clave para dirigir con \u00e9xito un bufete?<\/strong> Nunca deje de comunicarse con sus abogados y personal, escuche siempre a su personal y recuerde: \u00a1sonr\u00eda siempre! Ma\u00f1ana es un nuevo d\u00eda. \n<h2><strong>\u00bfNecesita un abogado de lesiones personales en Yakima?<\/strong><\/h2>\nEnv\u00edenos <a href=\"https:\/\/abeytanelson.com\/contact-yakima-injury-lawyer\/\">un mensaje<\/a> o ll\u00e1menos al <span style=\"font-weight: 400;\"> <\/span><a href=\"tel:800-927-2845\"><span style=\"font-weight: 400;\">800-927-2845<\/span><\/a><span style=\"font-weight: 400;\"> <\/span>  para comenzar ahora.\n","protected":false},"excerpt":{"rendered":"<p>En diciembre, la directora de oficina Denielle Beaulaurier celebrar\u00e1 25 a\u00f1os de empleo con Abeyta Nelson. Desde 1990, ha trabajado en casi todos los puestos del personal y contin\u00faa manteniendo el funcionamiento fluido del bufete. A continuaci\u00f3n, m\u00e1s informaci\u00f3n sobre Denielle: 1) \u00bfD\u00f3nde creci\u00f3 y d\u00f3nde recibi\u00f3 su educaci\u00f3n? Nac\u00ed y crec\u00ed en Yakima, WA. [&hellip;]<\/p>\n","protected":false},"author":5,"featured_media":10512,"comment_status":"open","ping_status":"open","sticky":false,"template":"","format":"standard","meta":{"_acf_changed":false,"footnotes":""},"categories":[395],"tags":[],"class_list":["post-10511","post","type-post","status-publish","format-standard","has-post-thumbnail","hentry","category-noticias-y-eventos"],"acf":[],"yoast_head":"<!-- This site is optimized with the Yoast SEO plugin v27.3 - https:\/\/yoast.com\/product\/yoast-seo-wordpress\/ -->\n<title>Denielle Beaulaurier celebrar\u00e1 25 a\u00f1os con Abeyta Nelson<\/title>\n<meta name=\"description\" content=\"Descubra el extraordinario recorrido de Denielle Beaulaurier con Abeyta Nelson al cumplir 25 a\u00f1os de servicio dedicado.\" \/>\n<meta name=\"robots\" content=\"index, follow, max-snippet:-1, max-image-preview:large, max-video-preview:-1\" \/>\n<link rel=\"canonical\" href=\"https:\/\/abeytanelson.com\/es\/la-carrera-de-25-anos-de-beaulaurier-parte-del-exito-de-abeyta-nelson\/\" \/>\n<meta property=\"og:locale\" content=\"es_ES\" \/>\n<meta property=\"og:type\" content=\"article\" \/>\n<meta property=\"og:title\" content=\"Denielle Beaulaurier celebrar\u00e1 25 a\u00f1os con Abeyta Nelson\" \/>\n<meta property=\"og:description\" content=\"Descubra el extraordinario recorrido de Denielle Beaulaurier con Abeyta Nelson al cumplir 25 a\u00f1os de servicio dedicado.\" \/>\n<meta property=\"og:url\" content=\"https:\/\/abeytanelson.com\/es\/la-carrera-de-25-anos-de-beaulaurier-parte-del-exito-de-abeyta-nelson\/\" \/>\n<meta property=\"og:site_name\" content=\"Abeyta Nelson Injury Law\" \/>\n<meta property=\"article:publisher\" content=\"https:\/\/www.facebook.com\/people\/Abeyta-Nelson-Injury-Law\/100063503115654\/\" \/>\n<meta property=\"article:published_time\" content=\"2015-08-30T12:31:11+00:00\" \/>\n<meta property=\"article:modified_time\" content=\"2026-03-13T20:10:03+00:00\" \/>\n<meta property=\"og:image\" content=\"https:\/\/abeytanelson.com\/wp-content\/uploads\/2026\/02\/DenSmall2.jpg\" \/>\n\t<meta property=\"og:image:width\" content=\"300\" \/>\n\t<meta property=\"og:image:height\" content=\"396\" \/>\n\t<meta property=\"og:image:type\" content=\"image\/jpeg\" \/>\n<meta name=\"author\" content=\"Amy Peters\" \/>\n<meta name=\"twitter:card\" content=\"summary_large_image\" \/>\n<meta name=\"twitter:label1\" content=\"Escrito por\" \/>\n\t<meta name=\"twitter:data1\" content=\"Amy Peters\" \/>\n\t<meta name=\"twitter:label2\" content=\"Tiempo de lectura\" \/>\n\t<meta name=\"twitter:data2\" content=\"4 minutos\" \/>\n<script type=\"application\/ld+json\" class=\"yoast-schema-graph\">{\"@context\":\"https:\\\/\\\/schema.org\",\"@graph\":[{\"@type\":\"Article\",\"@id\":\"https:\\\/\\\/abeytanelson.com\\\/es\\\/la-carrera-de-25-anos-de-beaulaurier-parte-del-exito-de-abeyta-nelson\\\/#article\",\"isPartOf\":{\"@id\":\"https:\\\/\\\/abeytanelson.com\\\/es\\\/la-carrera-de-25-anos-de-beaulaurier-parte-del-exito-de-abeyta-nelson\\\/\"},\"author\":{\"name\":\"Amy Peters\",\"@id\":\"https:\\\/\\\/abeytanelson.com\\\/es\\\/#\\\/schema\\\/person\\\/f55d812d44d5e145ccb6cdb56c315563\"},\"headline\":\"La carrera de 25 a\u00f1os de Beaulaurier, parte del \u00e9xito de Abeyta Nelson\",\"datePublished\":\"2015-08-30T12:31:11+00:00\",\"dateModified\":\"2026-03-13T20:10:03+00:00\",\"mainEntityOfPage\":{\"@id\":\"https:\\\/\\\/abeytanelson.com\\\/es\\\/la-carrera-de-25-anos-de-beaulaurier-parte-del-exito-de-abeyta-nelson\\\/\"},\"wordCount\":865,\"commentCount\":0,\"publisher\":{\"@id\":\"https:\\\/\\\/abeytanelson.com\\\/es\\\/#organization\"},\"image\":{\"@id\":\"https:\\\/\\\/abeytanelson.com\\\/es\\\/la-carrera-de-25-anos-de-beaulaurier-parte-del-exito-de-abeyta-nelson\\\/#primaryimage\"},\"thumbnailUrl\":\"https:\\\/\\\/abeytanelson.com\\\/wp-content\\\/uploads\\\/2026\\\/02\\\/DenSmall2.jpg\",\"articleSection\":[\"Noticias y eventos\"],\"inLanguage\":\"es\",\"potentialAction\":[{\"@type\":\"CommentAction\",\"name\":\"Comment\",\"target\":[\"https:\\\/\\\/abeytanelson.com\\\/es\\\/la-carrera-de-25-anos-de-beaulaurier-parte-del-exito-de-abeyta-nelson\\\/#respond\"]}]},{\"@type\":\"WebPage\",\"@id\":\"https:\\\/\\\/abeytanelson.com\\\/es\\\/la-carrera-de-25-anos-de-beaulaurier-parte-del-exito-de-abeyta-nelson\\\/\",\"url\":\"https:\\\/\\\/abeytanelson.com\\\/es\\\/la-carrera-de-25-anos-de-beaulaurier-parte-del-exito-de-abeyta-nelson\\\/\",\"name\":\"Denielle Beaulaurier celebrar\u00e1 25 a\u00f1os con Abeyta Nelson\",\"isPartOf\":{\"@id\":\"https:\\\/\\\/abeytanelson.com\\\/es\\\/#website\"},\"primaryImageOfPage\":{\"@id\":\"https:\\\/\\\/abeytanelson.com\\\/es\\\/la-carrera-de-25-anos-de-beaulaurier-parte-del-exito-de-abeyta-nelson\\\/#primaryimage\"},\"image\":{\"@id\":\"https:\\\/\\\/abeytanelson.com\\\/es\\\/la-carrera-de-25-anos-de-beaulaurier-parte-del-exito-de-abeyta-nelson\\\/#primaryimage\"},\"thumbnailUrl\":\"https:\\\/\\\/abeytanelson.com\\\/wp-content\\\/uploads\\\/2026\\\/02\\\/DenSmall2.jpg\",\"datePublished\":\"2015-08-30T12:31:11+00:00\",\"dateModified\":\"2026-03-13T20:10:03+00:00\",\"description\":\"Descubra el extraordinario recorrido de Denielle Beaulaurier con Abeyta Nelson al cumplir 25 a\u00f1os de servicio dedicado.\",\"breadcrumb\":{\"@id\":\"https:\\\/\\\/abeytanelson.com\\\/es\\\/la-carrera-de-25-anos-de-beaulaurier-parte-del-exito-de-abeyta-nelson\\\/#breadcrumb\"},\"inLanguage\":\"es\",\"potentialAction\":[{\"@type\":\"ReadAction\",\"target\":[\"https:\\\/\\\/abeytanelson.com\\\/es\\\/la-carrera-de-25-anos-de-beaulaurier-parte-del-exito-de-abeyta-nelson\\\/\"]}]},{\"@type\":\"ImageObject\",\"inLanguage\":\"es\",\"@id\":\"https:\\\/\\\/abeytanelson.com\\\/es\\\/la-carrera-de-25-anos-de-beaulaurier-parte-del-exito-de-abeyta-nelson\\\/#primaryimage\",\"url\":\"https:\\\/\\\/abeytanelson.com\\\/wp-content\\\/uploads\\\/2026\\\/02\\\/DenSmall2.jpg\",\"contentUrl\":\"https:\\\/\\\/abeytanelson.com\\\/wp-content\\\/uploads\\\/2026\\\/02\\\/DenSmall2.jpg\",\"width\":300,\"height\":396,\"caption\":\"Una mujer con cabello corto gris, con gafas, pendientes de aro y una chaqueta beige, de pie frente a una pared de piedra clara texturizada.\"},{\"@type\":\"BreadcrumbList\",\"@id\":\"https:\\\/\\\/abeytanelson.com\\\/es\\\/la-carrera-de-25-anos-de-beaulaurier-parte-del-exito-de-abeyta-nelson\\\/#breadcrumb\",\"itemListElement\":[{\"@type\":\"ListItem\",\"position\":1,\"name\":\"Home\",\"item\":\"https:\\\/\\\/abeytanelson.com\\\/es\\\/inicio\\\/\"},{\"@type\":\"ListItem\",\"position\":2,\"name\":\"La carrera de 25 a\u00f1os de Beaulaurier, parte del \u00e9xito de Abeyta Nelson\"}]},{\"@type\":\"WebSite\",\"@id\":\"https:\\\/\\\/abeytanelson.com\\\/es\\\/#website\",\"url\":\"https:\\\/\\\/abeytanelson.com\\\/es\\\/\",\"name\":\"Abeyta Nelson Injury Law\",\"description\":\"\",\"publisher\":{\"@id\":\"https:\\\/\\\/abeytanelson.com\\\/es\\\/#organization\"},\"potentialAction\":[{\"@type\":\"SearchAction\",\"target\":{\"@type\":\"EntryPoint\",\"urlTemplate\":\"https:\\\/\\\/abeytanelson.com\\\/es\\\/?s={search_term_string}\"},\"query-input\":{\"@type\":\"PropertyValueSpecification\",\"valueRequired\":true,\"valueName\":\"search_term_string\"}}],\"inLanguage\":\"es\"},{\"@type\":\"Organization\",\"@id\":\"https:\\\/\\\/abeytanelson.com\\\/es\\\/#organization\",\"name\":\"Abeyta Nelson Injury Law\",\"url\":\"https:\\\/\\\/abeytanelson.com\\\/es\\\/\",\"logo\":{\"@type\":\"ImageObject\",\"inLanguage\":\"es\",\"@id\":\"https:\\\/\\\/abeytanelson.com\\\/es\\\/#\\\/schema\\\/logo\\\/image\\\/\",\"url\":\"https:\\\/\\\/abeytanelson.com\\\/wp-content\\\/uploads\\\/2020\\\/02\\\/new-Logo-container.svg\",\"contentUrl\":\"https:\\\/\\\/abeytanelson.com\\\/wp-content\\\/uploads\\\/2020\\\/02\\\/new-Logo-container.svg\",\"width\":214,\"height\":67,\"caption\":\"Abeyta Nelson Injury Law\"},\"image\":{\"@id\":\"https:\\\/\\\/abeytanelson.com\\\/es\\\/#\\\/schema\\\/logo\\\/image\\\/\"},\"sameAs\":[\"https:\\\/\\\/www.facebook.com\\\/people\\\/Abeyta-Nelson-Injury-Law\\\/100063503115654\\\/\",\"https:\\\/\\\/www.yelp.com\\\/biz\\\/abeyta-nelson-injury-law-yakima?osq=abeyta nelson injury law\",\"https:\\\/\\\/www.instagram.com\\\/abeytanelsoninjurylaw\\\/\",\"https:\\\/\\\/www.linkedin.com\\\/company\\\/abeyta-nelson-injury-law\\\/\"]},{\"@type\":\"Person\",\"@id\":\"https:\\\/\\\/abeytanelson.com\\\/es\\\/#\\\/schema\\\/person\\\/f55d812d44d5e145ccb6cdb56c315563\",\"name\":\"Amy Peters\",\"image\":{\"@type\":\"ImageObject\",\"inLanguage\":\"es\",\"@id\":\"https:\\\/\\\/secure.gravatar.com\\\/avatar\\\/a306a7d05d32e4bb468c29a02ee46509c9da34f6dc6095577ca52ef4205e373d?s=96&d=mm&r=g\",\"url\":\"https:\\\/\\\/secure.gravatar.com\\\/avatar\\\/a306a7d05d32e4bb468c29a02ee46509c9da34f6dc6095577ca52ef4205e373d?s=96&d=mm&r=g\",\"contentUrl\":\"https:\\\/\\\/secure.gravatar.com\\\/avatar\\\/a306a7d05d32e4bb468c29a02ee46509c9da34f6dc6095577ca52ef4205e373d?s=96&d=mm&r=g\",\"caption\":\"Amy Peters\"}}]}<\/script>\n<!-- \/ Yoast SEO plugin. -->","yoast_head_json":{"title":"Denielle Beaulaurier celebrar\u00e1 25 a\u00f1os con Abeyta Nelson","description":"Descubra el extraordinario recorrido de Denielle Beaulaurier con Abeyta Nelson al cumplir 25 a\u00f1os de servicio dedicado.","robots":{"index":"index","follow":"follow","max-snippet":"max-snippet:-1","max-image-preview":"max-image-preview:large","max-video-preview":"max-video-preview:-1"},"canonical":"https:\/\/abeytanelson.com\/es\/la-carrera-de-25-anos-de-beaulaurier-parte-del-exito-de-abeyta-nelson\/","og_locale":"es_ES","og_type":"article","og_title":"Denielle Beaulaurier celebrar\u00e1 25 a\u00f1os con Abeyta Nelson","og_description":"Descubra el extraordinario recorrido de Denielle Beaulaurier con Abeyta Nelson al cumplir 25 a\u00f1os de servicio dedicado.","og_url":"https:\/\/abeytanelson.com\/es\/la-carrera-de-25-anos-de-beaulaurier-parte-del-exito-de-abeyta-nelson\/","og_site_name":"Abeyta Nelson Injury Law","article_publisher":"https:\/\/www.facebook.com\/people\/Abeyta-Nelson-Injury-Law\/100063503115654\/","article_published_time":"2015-08-30T12:31:11+00:00","article_modified_time":"2026-03-13T20:10:03+00:00","og_image":[{"width":300,"height":396,"url":"https:\/\/abeytanelson.com\/wp-content\/uploads\/2026\/02\/DenSmall2.jpg","type":"image\/jpeg"}],"author":"Amy Peters","twitter_card":"summary_large_image","twitter_misc":{"Escrito por":"Amy Peters","Tiempo de lectura":"4 minutos"},"schema":{"@context":"https:\/\/schema.org","@graph":[{"@type":"Article","@id":"https:\/\/abeytanelson.com\/es\/la-carrera-de-25-anos-de-beaulaurier-parte-del-exito-de-abeyta-nelson\/#article","isPartOf":{"@id":"https:\/\/abeytanelson.com\/es\/la-carrera-de-25-anos-de-beaulaurier-parte-del-exito-de-abeyta-nelson\/"},"author":{"name":"Amy Peters","@id":"https:\/\/abeytanelson.com\/es\/#\/schema\/person\/f55d812d44d5e145ccb6cdb56c315563"},"headline":"La carrera de 25 a\u00f1os de Beaulaurier, parte del \u00e9xito de Abeyta Nelson","datePublished":"2015-08-30T12:31:11+00:00","dateModified":"2026-03-13T20:10:03+00:00","mainEntityOfPage":{"@id":"https:\/\/abeytanelson.com\/es\/la-carrera-de-25-anos-de-beaulaurier-parte-del-exito-de-abeyta-nelson\/"},"wordCount":865,"commentCount":0,"publisher":{"@id":"https:\/\/abeytanelson.com\/es\/#organization"},"image":{"@id":"https:\/\/abeytanelson.com\/es\/la-carrera-de-25-anos-de-beaulaurier-parte-del-exito-de-abeyta-nelson\/#primaryimage"},"thumbnailUrl":"https:\/\/abeytanelson.com\/wp-content\/uploads\/2026\/02\/DenSmall2.jpg","articleSection":["Noticias y eventos"],"inLanguage":"es","potentialAction":[{"@type":"CommentAction","name":"Comment","target":["https:\/\/abeytanelson.com\/es\/la-carrera-de-25-anos-de-beaulaurier-parte-del-exito-de-abeyta-nelson\/#respond"]}]},{"@type":"WebPage","@id":"https:\/\/abeytanelson.com\/es\/la-carrera-de-25-anos-de-beaulaurier-parte-del-exito-de-abeyta-nelson\/","url":"https:\/\/abeytanelson.com\/es\/la-carrera-de-25-anos-de-beaulaurier-parte-del-exito-de-abeyta-nelson\/","name":"Denielle Beaulaurier celebrar\u00e1 25 a\u00f1os con Abeyta Nelson","isPartOf":{"@id":"https:\/\/abeytanelson.com\/es\/#website"},"primaryImageOfPage":{"@id":"https:\/\/abeytanelson.com\/es\/la-carrera-de-25-anos-de-beaulaurier-parte-del-exito-de-abeyta-nelson\/#primaryimage"},"image":{"@id":"https:\/\/abeytanelson.com\/es\/la-carrera-de-25-anos-de-beaulaurier-parte-del-exito-de-abeyta-nelson\/#primaryimage"},"thumbnailUrl":"https:\/\/abeytanelson.com\/wp-content\/uploads\/2026\/02\/DenSmall2.jpg","datePublished":"2015-08-30T12:31:11+00:00","dateModified":"2026-03-13T20:10:03+00:00","description":"Descubra el extraordinario recorrido de Denielle Beaulaurier con Abeyta Nelson al cumplir 25 a\u00f1os de servicio dedicado.","breadcrumb":{"@id":"https:\/\/abeytanelson.com\/es\/la-carrera-de-25-anos-de-beaulaurier-parte-del-exito-de-abeyta-nelson\/#breadcrumb"},"inLanguage":"es","potentialAction":[{"@type":"ReadAction","target":["https:\/\/abeytanelson.com\/es\/la-carrera-de-25-anos-de-beaulaurier-parte-del-exito-de-abeyta-nelson\/"]}]},{"@type":"ImageObject","inLanguage":"es","@id":"https:\/\/abeytanelson.com\/es\/la-carrera-de-25-anos-de-beaulaurier-parte-del-exito-de-abeyta-nelson\/#primaryimage","url":"https:\/\/abeytanelson.com\/wp-content\/uploads\/2026\/02\/DenSmall2.jpg","contentUrl":"https:\/\/abeytanelson.com\/wp-content\/uploads\/2026\/02\/DenSmall2.jpg","width":300,"height":396,"caption":"Una mujer con cabello corto gris, con gafas, pendientes de aro y una chaqueta beige, de pie frente a una pared de piedra clara texturizada."},{"@type":"BreadcrumbList","@id":"https:\/\/abeytanelson.com\/es\/la-carrera-de-25-anos-de-beaulaurier-parte-del-exito-de-abeyta-nelson\/#breadcrumb","itemListElement":[{"@type":"ListItem","position":1,"name":"Home","item":"https:\/\/abeytanelson.com\/es\/inicio\/"},{"@type":"ListItem","position":2,"name":"La carrera de 25 a\u00f1os de Beaulaurier, parte del \u00e9xito de Abeyta Nelson"}]},{"@type":"WebSite","@id":"https:\/\/abeytanelson.com\/es\/#website","url":"https:\/\/abeytanelson.com\/es\/","name":"Abeyta Nelson Injury Law","description":"","publisher":{"@id":"https:\/\/abeytanelson.com\/es\/#organization"},"potentialAction":[{"@type":"SearchAction","target":{"@type":"EntryPoint","urlTemplate":"https:\/\/abeytanelson.com\/es\/?s={search_term_string}"},"query-input":{"@type":"PropertyValueSpecification","valueRequired":true,"valueName":"search_term_string"}}],"inLanguage":"es"},{"@type":"Organization","@id":"https:\/\/abeytanelson.com\/es\/#organization","name":"Abeyta Nelson Injury Law","url":"https:\/\/abeytanelson.com\/es\/","logo":{"@type":"ImageObject","inLanguage":"es","@id":"https:\/\/abeytanelson.com\/es\/#\/schema\/logo\/image\/","url":"https:\/\/abeytanelson.com\/wp-content\/uploads\/2020\/02\/new-Logo-container.svg","contentUrl":"https:\/\/abeytanelson.com\/wp-content\/uploads\/2020\/02\/new-Logo-container.svg","width":214,"height":67,"caption":"Abeyta Nelson Injury Law"},"image":{"@id":"https:\/\/abeytanelson.com\/es\/#\/schema\/logo\/image\/"},"sameAs":["https:\/\/www.facebook.com\/people\/Abeyta-Nelson-Injury-Law\/100063503115654\/","https:\/\/www.yelp.com\/biz\/abeyta-nelson-injury-law-yakima?osq=abeyta nelson injury law","https:\/\/www.instagram.com\/abeytanelsoninjurylaw\/","https:\/\/www.linkedin.com\/company\/abeyta-nelson-injury-law\/"]},{"@type":"Person","@id":"https:\/\/abeytanelson.com\/es\/#\/schema\/person\/f55d812d44d5e145ccb6cdb56c315563","name":"Amy Peters","image":{"@type":"ImageObject","inLanguage":"es","@id":"https:\/\/secure.gravatar.com\/avatar\/a306a7d05d32e4bb468c29a02ee46509c9da34f6dc6095577ca52ef4205e373d?s=96&d=mm&r=g","url":"https:\/\/secure.gravatar.com\/avatar\/a306a7d05d32e4bb468c29a02ee46509c9da34f6dc6095577ca52ef4205e373d?s=96&d=mm&r=g","contentUrl":"https:\/\/secure.gravatar.com\/avatar\/a306a7d05d32e4bb468c29a02ee46509c9da34f6dc6095577ca52ef4205e373d?s=96&d=mm&r=g","caption":"Amy Peters"}}]}},"_links":{"self":[{"href":"https:\/\/abeytanelson.com\/es\/wp-json\/wp\/v2\/posts\/10511","targetHints":{"allow":["GET"]}}],"collection":[{"href":"https:\/\/abeytanelson.com\/es\/wp-json\/wp\/v2\/posts"}],"about":[{"href":"https:\/\/abeytanelson.com\/es\/wp-json\/wp\/v2\/types\/post"}],"author":[{"embeddable":true,"href":"https:\/\/abeytanelson.com\/es\/wp-json\/wp\/v2\/users\/5"}],"replies":[{"embeddable":true,"href":"https:\/\/abeytanelson.com\/es\/wp-json\/wp\/v2\/comments?post=10511"}],"version-history":[{"count":1,"href":"https:\/\/abeytanelson.com\/es\/wp-json\/wp\/v2\/posts\/10511\/revisions"}],"predecessor-version":[{"id":10513,"href":"https:\/\/abeytanelson.com\/es\/wp-json\/wp\/v2\/posts\/10511\/revisions\/10513"}],"wp:featuredmedia":[{"embeddable":true,"href":"https:\/\/abeytanelson.com\/es\/wp-json\/wp\/v2\/media\/10512"}],"wp:attachment":[{"href":"https:\/\/abeytanelson.com\/es\/wp-json\/wp\/v2\/media?parent=10511"}],"wp:term":[{"taxonomy":"category","embeddable":true,"href":"https:\/\/abeytanelson.com\/es\/wp-json\/wp\/v2\/categories?post=10511"},{"taxonomy":"post_tag","embeddable":true,"href":"https:\/\/abeytanelson.com\/es\/wp-json\/wp\/v2\/tags?post=10511"}],"curies":[{"name":"wp","href":"https:\/\/api.w.org\/{rel}","templated":true}]}}