{"id":10549,"date":"2014-10-19T03:42:19","date_gmt":"2014-10-19T08:42:19","guid":{"rendered":"http:\/\/abeytanelson.com\/abeyta-nelson-dona-abrigo-a-ninos-locales-esta-temporada\/"},"modified":"2026-04-03T09:59:39","modified_gmt":"2026-04-03T14:59:39","slug":"abeyta-nelson-dona-abrigo-a-ninos-locales-esta-temporada","status":"publish","type":"post","link":"https:\/\/abeytanelson.com\/es\/abeyta-nelson-dona-abrigo-a-ninos-locales-esta-temporada\/","title":{"rendered":"Abeyta Nelson dona abrigo a ni\u00f1os locales esta temporada"},"content":{"rendered":"\n<img fetchpriority=\"high\" decoding=\"async\" class=\"alignnone size-full wp-image-5486\" src=\"https:\/\/abeytanelson.com\/wp-content\/uploads\/2026\/02\/coats.jpeg\" alt=\"abrigos\" width=\"259\" height=\"194\">\n\nAbeyta Nelson Injury Law se enorgullece de continuar su tradici\u00f3n de servicio comunitario patrocinando la campa\u00f1a Abrigos para Ni\u00f1os 2014, que se desarrolla del 15 de octubre al 31 de diciembre de 2014.\n\nAbrigos para Ni\u00f1os, una campa\u00f1a de servicio p\u00fablico que celebra ahora su 29.\u00ba a\u00f1o en el centro de Washington, tiene una misi\u00f3n sencilla pero fundamental: proporcionar abrigos c\u00e1lidos a ni\u00f1os locales en situaci\u00f3n de riesgo. \u00abSi bien mantener a los ni\u00f1os abrigados es importante por s\u00ed mismo, mantener a los ni\u00f1os calientes tambi\u00e9n est\u00e1 relacionado con su salud, autoestima y asistencia regular a la escuela\u00bb, afirm\u00f3 Terry Abeyta, socio principal de Abeyta Nelson Injury Law. \u00abNos enorgullece patrocinar este programa para ayudar a los ni\u00f1os\u00bb, declar\u00f3 Abeyta.  \n\nEl a\u00f1o pasado, Abrigos para Ni\u00f1os recogi\u00f3 944 abrigos para ni\u00f1os de primaria y <a href=\"https:\/\/abeytanelson.com\/motor-vehicle-collision-involving-school-bus-43-children\/\" data-wpil-monitor-id=\"179\">secundaria<\/a>. A medida que nos enfrentamos a los pr\u00f3ximos meses de invierno, piense en los ni\u00f1os que ve de camino al trabajo o que vuelven a casa desde la escuela por la tarde sin la ropa adecuada para el clima fr\u00edo. Todos los abrigos recibidos de la comunidad se lavar\u00e1n antes de entregarse a los ni\u00f1os necesitados y se distribuir\u00e1n por toda nuestra comunidad a trav\u00e9s de <a href=\"http:\/\/www.salvationarmyusa.org\/\">The Salvation Army<\/a>.  \n\nMarque una diferencia importante en la vida de un ni\u00f1o este <a class=\"wpil_keyword_link\" title=\"ca\u00edda\" href=\"https:\/\/abeytanelson.com\/practice\/slip-fall-lawyer-yakima\/\" data-wpil-keyword-link=\"linked\" data-wpil-monitor-id=\"178\">oto\u00f1o<\/a> y done hoy un abrigo nuevo o en buen estado en una de las tres ubicaciones de Abeyta Nelson: 1102 W. <a href=\"https:\/\/abeytanelson.com\/personal-injury-attorney-yakima\/\" data-wpil-monitor-id=\"15\">Yakima<\/a> Avenue, en Yakima; 605 N. Main Street, Suite 1, en Ellensburg; y 2590 Yakima Valley Highway, Suite 2, en <a href=\"https:\/\/abeytanelson.com\/personal-injury-attorney-sunnyside\/\" data-wpil-monitor-id=\"26\">Sunnyside<\/a>.\n<h2><strong>Abogados de lesiones personales en Yakima<\/strong><\/h2>\n\u00bfNecesita ayuda con <a class=\"wpil_keyword_link\" title=\"lesiones personales\" href=\"https:\/\/abeytanelson.com\/\" data-wpil-keyword-link=\"linked\" data-wpil-monitor-id=\"177\">lesiones personales<\/a>? Env\u00edenos <a href=\"https:\/\/abeytanelson.com\/contact-yakima-injury-lawyer\/\">un mensaje<\/a> o ll\u00e1menos al<span style=\"font-weight: 400;\"> <\/span><a href=\"tel:800-927-2845\"><span style=\"font-weight: 400;\">800-927-2845<\/span><\/a><span style=\"font-weight: 400;\"> <\/span>para empezar ahora.\n","protected":false},"excerpt":{"rendered":"<p>Abeyta Nelson Injury Law se enorgullece de continuar su tradici\u00f3n de servicio comunitario patrocinando la campa\u00f1a Abrigos para Ni\u00f1os 2014, que se desarrolla del 15 de octubre al 31 de diciembre de 2014. Abrigos para Ni\u00f1os, una campa\u00f1a de servicio p\u00fablico que celebra ahora su 29.\u00ba a\u00f1o en el centro de Washington, tiene una misi\u00f3n [&hellip;]<\/p>\n","protected":false},"author":5,"featured_media":10550,"comment_status":"open","ping_status":"open","sticky":false,"template":"","format":"standard","meta":{"_acf_changed":false,"footnotes":""},"categories":[395],"tags":[],"class_list":["post-10549","post","type-post","status-publish","format-standard","has-post-thumbnail","hentry","category-noticias-y-eventos"],"acf":[],"yoast_head":"<!-- This site is optimized with the Yoast SEO plugin v27.3 - https:\/\/yoast.com\/product\/yoast-seo-wordpress\/ -->\n<title>Abeyta Nelson dona ropa a ni\u00f1os locales en Yakima<\/title>\n<meta name=\"robots\" content=\"index, follow, max-snippet:-1, max-image-preview:large, max-video-preview:-1\" \/>\n<link rel=\"canonical\" href=\"https:\/\/abeytanelson.com\/es\/abeyta-nelson-dona-abrigo-a-ninos-locales-esta-temporada\/\" \/>\n<meta property=\"og:locale\" content=\"es_ES\" \/>\n<meta property=\"og:type\" content=\"article\" \/>\n<meta property=\"og:title\" content=\"Abeyta Nelson dona ropa a ni\u00f1os locales en Yakima\" \/>\n<meta property=\"og:description\" content=\"Abeyta Nelson Injury Law se enorgullece de continuar su tradici\u00f3n de servicio comunitario patrocinando la campa\u00f1a Abrigos para Ni\u00f1os 2014, que se desarrolla del 15 de octubre al 31 de diciembre de 2014. Abrigos para Ni\u00f1os, una campa\u00f1a de servicio p\u00fablico que celebra ahora su 29.\u00ba a\u00f1o en el centro de Washington, tiene una misi\u00f3n [&hellip;]\" \/>\n<meta property=\"og:url\" content=\"https:\/\/abeytanelson.com\/es\/abeyta-nelson-dona-abrigo-a-ninos-locales-esta-temporada\/\" \/>\n<meta property=\"og:site_name\" content=\"Abeyta Nelson Injury Law\" \/>\n<meta property=\"article:publisher\" content=\"https:\/\/www.facebook.com\/people\/Abeyta-Nelson-Injury-Law\/100063503115654\/\" \/>\n<meta property=\"article:published_time\" content=\"2014-10-19T08:42:19+00:00\" \/>\n<meta property=\"article:modified_time\" content=\"2026-04-03T14:59:39+00:00\" \/>\n<meta property=\"og:image\" content=\"https:\/\/abeytanelson.com\/wp-content\/uploads\/2026\/02\/coats.jpeg\" \/>\n\t<meta property=\"og:image:width\" content=\"259\" \/>\n\t<meta property=\"og:image:height\" content=\"194\" \/>\n\t<meta property=\"og:image:type\" content=\"image\/jpeg\" \/>\n<meta name=\"author\" content=\"Amy Peters\" \/>\n<meta name=\"twitter:card\" content=\"summary_large_image\" \/>\n<meta name=\"twitter:label1\" content=\"Escrito por\" \/>\n\t<meta name=\"twitter:data1\" content=\"Amy Peters\" \/>\n\t<meta name=\"twitter:label2\" content=\"Tiempo de lectura\" \/>\n\t<meta name=\"twitter:data2\" content=\"1 minuto\" \/>\n<script type=\"application\/ld+json\" class=\"yoast-schema-graph\">{\"@context\":\"https:\\\/\\\/schema.org\",\"@graph\":[{\"@type\":\"Article\",\"@id\":\"https:\\\/\\\/abeytanelson.com\\\/es\\\/abeyta-nelson-dona-abrigo-a-ninos-locales-esta-temporada\\\/#article\",\"isPartOf\":{\"@id\":\"https:\\\/\\\/abeytanelson.com\\\/es\\\/abeyta-nelson-dona-abrigo-a-ninos-locales-esta-temporada\\\/\"},\"author\":{\"name\":\"Amy Peters\",\"@id\":\"https:\\\/\\\/abeytanelson.com\\\/es\\\/#\\\/schema\\\/person\\\/f55d812d44d5e145ccb6cdb56c315563\"},\"headline\":\"Abeyta Nelson dona abrigo a ni\u00f1os locales esta temporada\",\"datePublished\":\"2014-10-19T08:42:19+00:00\",\"dateModified\":\"2026-04-03T14:59:39+00:00\",\"mainEntityOfPage\":{\"@id\":\"https:\\\/\\\/abeytanelson.com\\\/es\\\/abeyta-nelson-dona-abrigo-a-ninos-locales-esta-temporada\\\/\"},\"wordCount\":308,\"commentCount\":0,\"publisher\":{\"@id\":\"https:\\\/\\\/abeytanelson.com\\\/es\\\/#organization\"},\"image\":{\"@id\":\"https:\\\/\\\/abeytanelson.com\\\/es\\\/abeyta-nelson-dona-abrigo-a-ninos-locales-esta-temporada\\\/#primaryimage\"},\"thumbnailUrl\":\"https:\\\/\\\/abeytanelson.com\\\/wp-content\\\/uploads\\\/2026\\\/02\\\/coats.jpeg\",\"articleSection\":[\"Noticias y eventos\"],\"inLanguage\":\"es\",\"potentialAction\":[{\"@type\":\"CommentAction\",\"name\":\"Comment\",\"target\":[\"https:\\\/\\\/abeytanelson.com\\\/es\\\/abeyta-nelson-dona-abrigo-a-ninos-locales-esta-temporada\\\/#respond\"]}]},{\"@type\":\"WebPage\",\"@id\":\"https:\\\/\\\/abeytanelson.com\\\/es\\\/abeyta-nelson-dona-abrigo-a-ninos-locales-esta-temporada\\\/\",\"url\":\"https:\\\/\\\/abeytanelson.com\\\/es\\\/abeyta-nelson-dona-abrigo-a-ninos-locales-esta-temporada\\\/\",\"name\":\"Abeyta Nelson dona ropa a ni\u00f1os locales en Yakima\",\"isPartOf\":{\"@id\":\"https:\\\/\\\/abeytanelson.com\\\/es\\\/#website\"},\"primaryImageOfPage\":{\"@id\":\"https:\\\/\\\/abeytanelson.com\\\/es\\\/abeyta-nelson-dona-abrigo-a-ninos-locales-esta-temporada\\\/#primaryimage\"},\"image\":{\"@id\":\"https:\\\/\\\/abeytanelson.com\\\/es\\\/abeyta-nelson-dona-abrigo-a-ninos-locales-esta-temporada\\\/#primaryimage\"},\"thumbnailUrl\":\"https:\\\/\\\/abeytanelson.com\\\/wp-content\\\/uploads\\\/2026\\\/02\\\/coats.jpeg\",\"datePublished\":\"2014-10-19T08:42:19+00:00\",\"dateModified\":\"2026-04-03T14:59:39+00:00\",\"breadcrumb\":{\"@id\":\"https:\\\/\\\/abeytanelson.com\\\/es\\\/abeyta-nelson-dona-abrigo-a-ninos-locales-esta-temporada\\\/#breadcrumb\"},\"inLanguage\":\"es\",\"potentialAction\":[{\"@type\":\"ReadAction\",\"target\":[\"https:\\\/\\\/abeytanelson.com\\\/es\\\/abeyta-nelson-dona-abrigo-a-ninos-locales-esta-temporada\\\/\"]}]},{\"@type\":\"ImageObject\",\"inLanguage\":\"es\",\"@id\":\"https:\\\/\\\/abeytanelson.com\\\/es\\\/abeyta-nelson-dona-abrigo-a-ninos-locales-esta-temporada\\\/#primaryimage\",\"url\":\"https:\\\/\\\/abeytanelson.com\\\/wp-content\\\/uploads\\\/2026\\\/02\\\/coats.jpeg\",\"contentUrl\":\"https:\\\/\\\/abeytanelson.com\\\/wp-content\\\/uploads\\\/2026\\\/02\\\/coats.jpeg\",\"width\":259,\"height\":194,\"caption\":\"Filas de abrigos y chaquetas de colores variados colgados en perchas, dispuestos muy juntos en dos niveles.\"},{\"@type\":\"BreadcrumbList\",\"@id\":\"https:\\\/\\\/abeytanelson.com\\\/es\\\/abeyta-nelson-dona-abrigo-a-ninos-locales-esta-temporada\\\/#breadcrumb\",\"itemListElement\":[{\"@type\":\"ListItem\",\"position\":1,\"name\":\"Home\",\"item\":\"https:\\\/\\\/abeytanelson.com\\\/es\\\/inicio\\\/\"},{\"@type\":\"ListItem\",\"position\":2,\"name\":\"Abeyta Nelson dona abrigo a ni\u00f1os locales esta temporada\"}]},{\"@type\":\"WebSite\",\"@id\":\"https:\\\/\\\/abeytanelson.com\\\/es\\\/#website\",\"url\":\"https:\\\/\\\/abeytanelson.com\\\/es\\\/\",\"name\":\"Abeyta Nelson Injury Law\",\"description\":\"\",\"publisher\":{\"@id\":\"https:\\\/\\\/abeytanelson.com\\\/es\\\/#organization\"},\"potentialAction\":[{\"@type\":\"SearchAction\",\"target\":{\"@type\":\"EntryPoint\",\"urlTemplate\":\"https:\\\/\\\/abeytanelson.com\\\/es\\\/?s={search_term_string}\"},\"query-input\":{\"@type\":\"PropertyValueSpecification\",\"valueRequired\":true,\"valueName\":\"search_term_string\"}}],\"inLanguage\":\"es\"},{\"@type\":\"Organization\",\"@id\":\"https:\\\/\\\/abeytanelson.com\\\/es\\\/#organization\",\"name\":\"Abeyta Nelson Injury Law\",\"url\":\"https:\\\/\\\/abeytanelson.com\\\/es\\\/\",\"logo\":{\"@type\":\"ImageObject\",\"inLanguage\":\"es\",\"@id\":\"https:\\\/\\\/abeytanelson.com\\\/es\\\/#\\\/schema\\\/logo\\\/image\\\/\",\"url\":\"https:\\\/\\\/abeytanelson.com\\\/wp-content\\\/uploads\\\/2020\\\/02\\\/new-Logo-container.svg\",\"contentUrl\":\"https:\\\/\\\/abeytanelson.com\\\/wp-content\\\/uploads\\\/2020\\\/02\\\/new-Logo-container.svg\",\"width\":214,\"height\":67,\"caption\":\"Abeyta Nelson Injury Law\"},\"image\":{\"@id\":\"https:\\\/\\\/abeytanelson.com\\\/es\\\/#\\\/schema\\\/logo\\\/image\\\/\"},\"sameAs\":[\"https:\\\/\\\/www.facebook.com\\\/people\\\/Abeyta-Nelson-Injury-Law\\\/100063503115654\\\/\",\"https:\\\/\\\/www.yelp.com\\\/biz\\\/abeyta-nelson-injury-law-yakima?osq=abeyta nelson injury law\",\"https:\\\/\\\/www.instagram.com\\\/abeytanelsoninjurylaw\\\/\",\"https:\\\/\\\/www.linkedin.com\\\/company\\\/abeyta-nelson-injury-law\\\/\"]},{\"@type\":\"Person\",\"@id\":\"https:\\\/\\\/abeytanelson.com\\\/es\\\/#\\\/schema\\\/person\\\/f55d812d44d5e145ccb6cdb56c315563\",\"name\":\"Amy Peters\",\"image\":{\"@type\":\"ImageObject\",\"inLanguage\":\"es\",\"@id\":\"https:\\\/\\\/secure.gravatar.com\\\/avatar\\\/a306a7d05d32e4bb468c29a02ee46509c9da34f6dc6095577ca52ef4205e373d?s=96&d=mm&r=g\",\"url\":\"https:\\\/\\\/secure.gravatar.com\\\/avatar\\\/a306a7d05d32e4bb468c29a02ee46509c9da34f6dc6095577ca52ef4205e373d?s=96&d=mm&r=g\",\"contentUrl\":\"https:\\\/\\\/secure.gravatar.com\\\/avatar\\\/a306a7d05d32e4bb468c29a02ee46509c9da34f6dc6095577ca52ef4205e373d?s=96&d=mm&r=g\",\"caption\":\"Amy Peters\"}}]}<\/script>\n<!-- \/ Yoast SEO plugin. -->","yoast_head_json":{"title":"Abeyta Nelson dona ropa a ni\u00f1os locales en Yakima","robots":{"index":"index","follow":"follow","max-snippet":"max-snippet:-1","max-image-preview":"max-image-preview:large","max-video-preview":"max-video-preview:-1"},"canonical":"https:\/\/abeytanelson.com\/es\/abeyta-nelson-dona-abrigo-a-ninos-locales-esta-temporada\/","og_locale":"es_ES","og_type":"article","og_title":"Abeyta Nelson dona ropa a ni\u00f1os locales en Yakima","og_description":"Abeyta Nelson Injury Law se enorgullece de continuar su tradici\u00f3n de servicio comunitario patrocinando la campa\u00f1a Abrigos para Ni\u00f1os 2014, que se desarrolla del 15 de octubre al 31 de diciembre de 2014. Abrigos para Ni\u00f1os, una campa\u00f1a de servicio p\u00fablico que celebra ahora su 29.\u00ba a\u00f1o en el centro de Washington, tiene una misi\u00f3n [&hellip;]","og_url":"https:\/\/abeytanelson.com\/es\/abeyta-nelson-dona-abrigo-a-ninos-locales-esta-temporada\/","og_site_name":"Abeyta Nelson Injury Law","article_publisher":"https:\/\/www.facebook.com\/people\/Abeyta-Nelson-Injury-Law\/100063503115654\/","article_published_time":"2014-10-19T08:42:19+00:00","article_modified_time":"2026-04-03T14:59:39+00:00","og_image":[{"width":259,"height":194,"url":"https:\/\/abeytanelson.com\/wp-content\/uploads\/2026\/02\/coats.jpeg","type":"image\/jpeg"}],"author":"Amy Peters","twitter_card":"summary_large_image","twitter_misc":{"Escrito por":"Amy Peters","Tiempo de lectura":"1 minuto"},"schema":{"@context":"https:\/\/schema.org","@graph":[{"@type":"Article","@id":"https:\/\/abeytanelson.com\/es\/abeyta-nelson-dona-abrigo-a-ninos-locales-esta-temporada\/#article","isPartOf":{"@id":"https:\/\/abeytanelson.com\/es\/abeyta-nelson-dona-abrigo-a-ninos-locales-esta-temporada\/"},"author":{"name":"Amy Peters","@id":"https:\/\/abeytanelson.com\/es\/#\/schema\/person\/f55d812d44d5e145ccb6cdb56c315563"},"headline":"Abeyta Nelson dona abrigo a ni\u00f1os locales esta temporada","datePublished":"2014-10-19T08:42:19+00:00","dateModified":"2026-04-03T14:59:39+00:00","mainEntityOfPage":{"@id":"https:\/\/abeytanelson.com\/es\/abeyta-nelson-dona-abrigo-a-ninos-locales-esta-temporada\/"},"wordCount":308,"commentCount":0,"publisher":{"@id":"https:\/\/abeytanelson.com\/es\/#organization"},"image":{"@id":"https:\/\/abeytanelson.com\/es\/abeyta-nelson-dona-abrigo-a-ninos-locales-esta-temporada\/#primaryimage"},"thumbnailUrl":"https:\/\/abeytanelson.com\/wp-content\/uploads\/2026\/02\/coats.jpeg","articleSection":["Noticias y eventos"],"inLanguage":"es","potentialAction":[{"@type":"CommentAction","name":"Comment","target":["https:\/\/abeytanelson.com\/es\/abeyta-nelson-dona-abrigo-a-ninos-locales-esta-temporada\/#respond"]}]},{"@type":"WebPage","@id":"https:\/\/abeytanelson.com\/es\/abeyta-nelson-dona-abrigo-a-ninos-locales-esta-temporada\/","url":"https:\/\/abeytanelson.com\/es\/abeyta-nelson-dona-abrigo-a-ninos-locales-esta-temporada\/","name":"Abeyta Nelson dona ropa a ni\u00f1os locales en Yakima","isPartOf":{"@id":"https:\/\/abeytanelson.com\/es\/#website"},"primaryImageOfPage":{"@id":"https:\/\/abeytanelson.com\/es\/abeyta-nelson-dona-abrigo-a-ninos-locales-esta-temporada\/#primaryimage"},"image":{"@id":"https:\/\/abeytanelson.com\/es\/abeyta-nelson-dona-abrigo-a-ninos-locales-esta-temporada\/#primaryimage"},"thumbnailUrl":"https:\/\/abeytanelson.com\/wp-content\/uploads\/2026\/02\/coats.jpeg","datePublished":"2014-10-19T08:42:19+00:00","dateModified":"2026-04-03T14:59:39+00:00","breadcrumb":{"@id":"https:\/\/abeytanelson.com\/es\/abeyta-nelson-dona-abrigo-a-ninos-locales-esta-temporada\/#breadcrumb"},"inLanguage":"es","potentialAction":[{"@type":"ReadAction","target":["https:\/\/abeytanelson.com\/es\/abeyta-nelson-dona-abrigo-a-ninos-locales-esta-temporada\/"]}]},{"@type":"ImageObject","inLanguage":"es","@id":"https:\/\/abeytanelson.com\/es\/abeyta-nelson-dona-abrigo-a-ninos-locales-esta-temporada\/#primaryimage","url":"https:\/\/abeytanelson.com\/wp-content\/uploads\/2026\/02\/coats.jpeg","contentUrl":"https:\/\/abeytanelson.com\/wp-content\/uploads\/2026\/02\/coats.jpeg","width":259,"height":194,"caption":"Filas de abrigos y chaquetas de colores variados colgados en perchas, dispuestos muy juntos en dos niveles."},{"@type":"BreadcrumbList","@id":"https:\/\/abeytanelson.com\/es\/abeyta-nelson-dona-abrigo-a-ninos-locales-esta-temporada\/#breadcrumb","itemListElement":[{"@type":"ListItem","position":1,"name":"Home","item":"https:\/\/abeytanelson.com\/es\/inicio\/"},{"@type":"ListItem","position":2,"name":"Abeyta Nelson dona abrigo a ni\u00f1os locales esta temporada"}]},{"@type":"WebSite","@id":"https:\/\/abeytanelson.com\/es\/#website","url":"https:\/\/abeytanelson.com\/es\/","name":"Abeyta Nelson Injury Law","description":"","publisher":{"@id":"https:\/\/abeytanelson.com\/es\/#organization"},"potentialAction":[{"@type":"SearchAction","target":{"@type":"EntryPoint","urlTemplate":"https:\/\/abeytanelson.com\/es\/?s={search_term_string}"},"query-input":{"@type":"PropertyValueSpecification","valueRequired":true,"valueName":"search_term_string"}}],"inLanguage":"es"},{"@type":"Organization","@id":"https:\/\/abeytanelson.com\/es\/#organization","name":"Abeyta Nelson Injury Law","url":"https:\/\/abeytanelson.com\/es\/","logo":{"@type":"ImageObject","inLanguage":"es","@id":"https:\/\/abeytanelson.com\/es\/#\/schema\/logo\/image\/","url":"https:\/\/abeytanelson.com\/wp-content\/uploads\/2020\/02\/new-Logo-container.svg","contentUrl":"https:\/\/abeytanelson.com\/wp-content\/uploads\/2020\/02\/new-Logo-container.svg","width":214,"height":67,"caption":"Abeyta Nelson Injury Law"},"image":{"@id":"https:\/\/abeytanelson.com\/es\/#\/schema\/logo\/image\/"},"sameAs":["https:\/\/www.facebook.com\/people\/Abeyta-Nelson-Injury-Law\/100063503115654\/","https:\/\/www.yelp.com\/biz\/abeyta-nelson-injury-law-yakima?osq=abeyta nelson injury law","https:\/\/www.instagram.com\/abeytanelsoninjurylaw\/","https:\/\/www.linkedin.com\/company\/abeyta-nelson-injury-law\/"]},{"@type":"Person","@id":"https:\/\/abeytanelson.com\/es\/#\/schema\/person\/f55d812d44d5e145ccb6cdb56c315563","name":"Amy Peters","image":{"@type":"ImageObject","inLanguage":"es","@id":"https:\/\/secure.gravatar.com\/avatar\/a306a7d05d32e4bb468c29a02ee46509c9da34f6dc6095577ca52ef4205e373d?s=96&d=mm&r=g","url":"https:\/\/secure.gravatar.com\/avatar\/a306a7d05d32e4bb468c29a02ee46509c9da34f6dc6095577ca52ef4205e373d?s=96&d=mm&r=g","contentUrl":"https:\/\/secure.gravatar.com\/avatar\/a306a7d05d32e4bb468c29a02ee46509c9da34f6dc6095577ca52ef4205e373d?s=96&d=mm&r=g","caption":"Amy Peters"}}]}},"_links":{"self":[{"href":"https:\/\/abeytanelson.com\/es\/wp-json\/wp\/v2\/posts\/10549","targetHints":{"allow":["GET"]}}],"collection":[{"href":"https:\/\/abeytanelson.com\/es\/wp-json\/wp\/v2\/posts"}],"about":[{"href":"https:\/\/abeytanelson.com\/es\/wp-json\/wp\/v2\/types\/post"}],"author":[{"embeddable":true,"href":"https:\/\/abeytanelson.com\/es\/wp-json\/wp\/v2\/users\/5"}],"replies":[{"embeddable":true,"href":"https:\/\/abeytanelson.com\/es\/wp-json\/wp\/v2\/comments?post=10549"}],"version-history":[{"count":1,"href":"https:\/\/abeytanelson.com\/es\/wp-json\/wp\/v2\/posts\/10549\/revisions"}],"predecessor-version":[{"id":10551,"href":"https:\/\/abeytanelson.com\/es\/wp-json\/wp\/v2\/posts\/10549\/revisions\/10551"}],"wp:featuredmedia":[{"embeddable":true,"href":"https:\/\/abeytanelson.com\/es\/wp-json\/wp\/v2\/media\/10550"}],"wp:attachment":[{"href":"https:\/\/abeytanelson.com\/es\/wp-json\/wp\/v2\/media?parent=10549"}],"wp:term":[{"taxonomy":"category","embeddable":true,"href":"https:\/\/abeytanelson.com\/es\/wp-json\/wp\/v2\/categories?post=10549"},{"taxonomy":"post_tag","embeddable":true,"href":"https:\/\/abeytanelson.com\/es\/wp-json\/wp\/v2\/tags?post=10549"}],"curies":[{"name":"wp","href":"https:\/\/api.w.org\/{rel}","templated":true}]}}