{"id":10566,"date":"2013-11-07T02:46:21","date_gmt":"2013-11-07T08:46:21","guid":{"rendered":"http:\/\/abeytanelson.com\/en-busca-de-justicia-presentada-una-demanda-por-muerte-por-negligencia-contra-landmark-care-center\/"},"modified":"2026-04-03T10:00:31","modified_gmt":"2026-04-03T15:00:31","slug":"en-busca-de-justicia-presentada-una-demanda-por-muerte-por-negligencia-contra-landmark-care-center","status":"publish","type":"post","link":"https:\/\/abeytanelson.com\/es\/en-busca-de-justicia-presentada-una-demanda-por-muerte-por-negligencia-contra-landmark-care-center\/","title":{"rendered":"En busca de justicia: presentada una demanda por muerte por negligencia contra Landmark Care Center"},"content":{"rendered":"\nLa tr\u00e1gica muerte de una mujer de 88 a\u00f1os, Alda M. Gray, en el Landmark Care Center ha desencadenado una batalla legal, y su familia ha presentado una demanda por muerte por negligencia contra el centro. Representada por Terry P. Abeyta, de <a href=\"https:\/\/abeytanelson.com\/faqs\/how-does-abeyta-nelson-injury-law-firm-win-auto-accident-lawsuits\/\" data-wpil-monitor-id=\"103\">Abeyta Nelson Injury Law<\/a>, la familia busca que se asuman responsabilidades por lo que consideran una atenci\u00f3n inadecuada que condujo al prematuro fallecimiento de la Sra. Gray. \n<h2>El caso al descubierto y las alegaciones de negligencia<\/h2>\nLa estancia de Alda M. Gray en Landmark comenz\u00f3 el 24 de noviembre de 2010, con la esperanza de una rehabilitaci\u00f3n a corto plazo y el regreso a su estilo de vida independiente. Antes de su ingreso, la Sra. Gray viv\u00eda de forma aut\u00f3noma, conduc\u00eda su propio coche y disfrutaba de actividades como el bridge. \n\nSeg\u00fan Abeyta, la demanda alega que Landmark no abord\u00f3 adecuadamente los problemas respiratorios de la Sra. Gray. A pesar de las \u00f3rdenes m\u00e9dicas que exig\u00edan que sus niveles de saturaci\u00f3n de ox\u00edgeno se mantuvieran en el 90 % o por encima, se informa de que los niveles de la Sra. Gray cayeron peligrosamente durante su estancia de cuatro d\u00edas. Sorprendentemente, Landmark supuestamente omiti\u00f3 informar a su familia o a los m\u00e9dicos que la atend\u00edan, incluso cuando la Sra. Gray se quejaba de dificultad para respirar.  \n<h2>Fallos cr\u00edticos en la atenci\u00f3n y consecuencias legales<\/h2>\n<a href=\"https:\/\/abeytanelson.com\/abeyta-nelson-settles-landmark-6-9-m-traumatic-brain-injury-case\/\" data-wpil-monitor-id=\"143\">Abeyta destaca la discrepancia entre las \u00f3rdenes m\u00e9dicas y las acciones de Landmark<\/a>, revelando que los niveles de ox\u00edgeno de la Sra. Gray bajaron hasta el 71 % sin que se notificara a su equipo m\u00e9dico ni a su familia. Adem\u00e1s, la demanda alega que Landmark administr\u00f3 un exceso de ox\u00edgeno sin la debida autorizaci\u00f3n, incumpliendo los protocolos prescritos. \n\nTras el fallecimiento de la Sra. Gray, una investigaci\u00f3n del Departamento de Salud y Servicios Humanos (DSHS) concluy\u00f3 que Landmark hab\u00eda vulnerado el est\u00e1ndar de cuidado. Se consider\u00f3 inaceptable que el centro no proporcionara los cuidados y servicios necesarios, tal como se detallaba en el plan de cuidados de la Sra. Gray. Adem\u00e1s, un experto independiente corrobor\u00f3 estos hallazgos, destacando los fallos de Landmark en la gesti\u00f3n del ox\u00edgeno y en la comunicaci\u00f3n.  \n<h2>B\u00fasqueda de responsabilidades<\/h2>\n<a href=\"https:\/\/abeytanelson.com\/difficult-summer-wildfire-season-ahead\/\" data-wpil-monitor-id=\"144\">Abeyta subraya la naturaleza evitable<\/a> del tr\u00e1gico fallecimiento de la Sra. Gray, afirmando que si Landmark hubiera cumplido su plan de cuidados, se le podr\u00eda haber salvado la vida. La b\u00fasqueda de justicia por parte de la familia subraya su convicci\u00f3n de que se deben exigir responsabilidades en <a href=\"https:\/\/abeytanelson.com\/negligent-exposure-to-covid-19-you-may-have-a-case\/\" data-wpil-monitor-id=\"145\">casos de negligencia<\/a>. \n<h2>Contratar a un abogado de lesiones personales en Yakima<\/h2>\nA medida que se desarrolla la batalla legal, la demanda por <a class=\"wpil_keyword_link\" title=\"muerte por negligencia\" href=\"https:\/\/abeytanelson.com\/practice\/wrongful-death-lawyers-yakima\/\" data-wpil-keyword-link=\"linked\" data-wpil-monitor-id=\"117\">muerte por negligencia<\/a> contra Landmark Care Center sirve como un crudo recordatorio de la importancia de una atenci\u00f3n sanitaria de calidad y una comunicaci\u00f3n transparente. A trav\u00e9s de su representaci\u00f3n legal, la familia de la Sra. Gray busca no solo cerrar este cap\u00edtulo, sino tambi\u00e9n mejoras sist\u00e9micas para prevenir tragedias similares en el futuro. \n","protected":false},"excerpt":{"rendered":"<p>La tr\u00e1gica muerte de una mujer de 88 a\u00f1os, Alda M. Gray, en el Landmark Care Center ha desencadenado una batalla legal, y su familia ha presentado una demanda por muerte por negligencia contra el centro. Representada por Terry P. Abeyta, de Abeyta Nelson Injury Law, la familia busca que se asuman responsabilidades por lo [&hellip;]<\/p>\n","protected":false},"author":5,"featured_media":10567,"comment_status":"open","ping_status":"open","sticky":false,"template":"","format":"standard","meta":{"_acf_changed":false,"footnotes":""},"categories":[400,395],"tags":[],"class_list":["post-10566","post","type-post","status-publish","format-standard","has-post-thumbnail","hentry","category-muerte-por-negligencia","category-noticias-y-eventos"],"acf":[],"yoast_head":"<!-- This site is optimized with the Yoast SEO plugin v27.3 - https:\/\/yoast.com\/product\/yoast-seo-wordpress\/ -->\n<title>Landmark Care Center demandado por negligencia con ancianos en Yakima<\/title>\n<meta name=\"description\" content=\"Abeyta declar\u00f3 que la demanda se present\u00f3 para que Landmark rinda cuentas por su falta de respuesta ante los problemas respiratorios.\" \/>\n<meta name=\"robots\" content=\"index, follow, max-snippet:-1, max-image-preview:large, max-video-preview:-1\" \/>\n<link rel=\"canonical\" href=\"https:\/\/abeytanelson.com\/es\/en-busca-de-justicia-presentada-una-demanda-por-muerte-por-negligencia-contra-landmark-care-center\/\" \/>\n<meta property=\"og:locale\" content=\"es_ES\" \/>\n<meta property=\"og:type\" content=\"article\" \/>\n<meta property=\"og:title\" content=\"Landmark Care Center demandado por negligencia con ancianos en Yakima\" \/>\n<meta property=\"og:description\" content=\"Abeyta declar\u00f3 que la demanda se present\u00f3 para que Landmark rinda cuentas por su falta de respuesta ante los problemas respiratorios.\" \/>\n<meta property=\"og:url\" content=\"https:\/\/abeytanelson.com\/es\/en-busca-de-justicia-presentada-una-demanda-por-muerte-por-negligencia-contra-landmark-care-center\/\" \/>\n<meta property=\"og:site_name\" content=\"Abeyta Nelson Injury Law\" \/>\n<meta property=\"article:publisher\" content=\"https:\/\/www.facebook.com\/people\/Abeyta-Nelson-Injury-Law\/100063503115654\/\" \/>\n<meta property=\"article:published_time\" content=\"2013-11-07T08:46:21+00:00\" \/>\n<meta property=\"article:modified_time\" content=\"2026-04-03T15:00:31+00:00\" \/>\n<meta name=\"author\" content=\"Amy Peters\" \/>\n<meta name=\"twitter:card\" content=\"summary_large_image\" \/>\n<meta name=\"twitter:label1\" content=\"Escrito por\" \/>\n\t<meta name=\"twitter:data1\" content=\"Amy Peters\" \/>\n\t<meta name=\"twitter:label2\" content=\"Tiempo de lectura\" \/>\n\t<meta name=\"twitter:data2\" content=\"3 minutos\" \/>\n<script type=\"application\/ld+json\" class=\"yoast-schema-graph\">{\"@context\":\"https:\\\/\\\/schema.org\",\"@graph\":[{\"@type\":\"Article\",\"@id\":\"https:\\\/\\\/abeytanelson.com\\\/es\\\/en-busca-de-justicia-presentada-una-demanda-por-muerte-por-negligencia-contra-landmark-care-center\\\/#article\",\"isPartOf\":{\"@id\":\"https:\\\/\\\/abeytanelson.com\\\/es\\\/en-busca-de-justicia-presentada-una-demanda-por-muerte-por-negligencia-contra-landmark-care-center\\\/\"},\"author\":{\"name\":\"Amy Peters\",\"@id\":\"https:\\\/\\\/abeytanelson.com\\\/es\\\/#\\\/schema\\\/person\\\/f55d812d44d5e145ccb6cdb56c315563\"},\"headline\":\"En busca de justicia: presentada una demanda por muerte por negligencia contra Landmark Care Center\",\"datePublished\":\"2013-11-07T08:46:21+00:00\",\"dateModified\":\"2026-04-03T15:00:31+00:00\",\"mainEntityOfPage\":{\"@id\":\"https:\\\/\\\/abeytanelson.com\\\/es\\\/en-busca-de-justicia-presentada-una-demanda-por-muerte-por-negligencia-contra-landmark-care-center\\\/\"},\"wordCount\":536,\"commentCount\":0,\"publisher\":{\"@id\":\"https:\\\/\\\/abeytanelson.com\\\/es\\\/#organization\"},\"image\":{\"@id\":\"https:\\\/\\\/abeytanelson.com\\\/es\\\/en-busca-de-justicia-presentada-una-demanda-por-muerte-por-negligencia-contra-landmark-care-center\\\/#primaryimage\"},\"thumbnailUrl\":\"https:\\\/\\\/abeytanelson.com\\\/wp-content\\\/uploads\\\/2026\\\/02\\\/wrongful-death-washington-lawsuit-4-jpg.avif\",\"articleSection\":[\"Muerte por negligencia\",\"Noticias y eventos\"],\"inLanguage\":\"es\",\"potentialAction\":[{\"@type\":\"CommentAction\",\"name\":\"Comment\",\"target\":[\"https:\\\/\\\/abeytanelson.com\\\/es\\\/en-busca-de-justicia-presentada-una-demanda-por-muerte-por-negligencia-contra-landmark-care-center\\\/#respond\"]}]},{\"@type\":\"WebPage\",\"@id\":\"https:\\\/\\\/abeytanelson.com\\\/es\\\/en-busca-de-justicia-presentada-una-demanda-por-muerte-por-negligencia-contra-landmark-care-center\\\/\",\"url\":\"https:\\\/\\\/abeytanelson.com\\\/es\\\/en-busca-de-justicia-presentada-una-demanda-por-muerte-por-negligencia-contra-landmark-care-center\\\/\",\"name\":\"Landmark Care Center demandado por negligencia con ancianos en Yakima\",\"isPartOf\":{\"@id\":\"https:\\\/\\\/abeytanelson.com\\\/es\\\/#website\"},\"primaryImageOfPage\":{\"@id\":\"https:\\\/\\\/abeytanelson.com\\\/es\\\/en-busca-de-justicia-presentada-una-demanda-por-muerte-por-negligencia-contra-landmark-care-center\\\/#primaryimage\"},\"image\":{\"@id\":\"https:\\\/\\\/abeytanelson.com\\\/es\\\/en-busca-de-justicia-presentada-una-demanda-por-muerte-por-negligencia-contra-landmark-care-center\\\/#primaryimage\"},\"thumbnailUrl\":\"https:\\\/\\\/abeytanelson.com\\\/wp-content\\\/uploads\\\/2026\\\/02\\\/wrongful-death-washington-lawsuit-4-jpg.avif\",\"datePublished\":\"2013-11-07T08:46:21+00:00\",\"dateModified\":\"2026-04-03T15:00:31+00:00\",\"description\":\"Abeyta declar\u00f3 que la demanda se present\u00f3 para que Landmark rinda cuentas por su falta de respuesta ante los problemas respiratorios.\",\"breadcrumb\":{\"@id\":\"https:\\\/\\\/abeytanelson.com\\\/es\\\/en-busca-de-justicia-presentada-una-demanda-por-muerte-por-negligencia-contra-landmark-care-center\\\/#breadcrumb\"},\"inLanguage\":\"es\",\"potentialAction\":[{\"@type\":\"ReadAction\",\"target\":[\"https:\\\/\\\/abeytanelson.com\\\/es\\\/en-busca-de-justicia-presentada-una-demanda-por-muerte-por-negligencia-contra-landmark-care-center\\\/\"]}]},{\"@type\":\"ImageObject\",\"inLanguage\":\"es\",\"@id\":\"https:\\\/\\\/abeytanelson.com\\\/es\\\/en-busca-de-justicia-presentada-una-demanda-por-muerte-por-negligencia-contra-landmark-care-center\\\/#primaryimage\",\"url\":\"https:\\\/\\\/abeytanelson.com\\\/wp-content\\\/uploads\\\/2026\\\/02\\\/wrongful-death-washington-lawsuit-4-jpg.avif\",\"contentUrl\":\"https:\\\/\\\/abeytanelson.com\\\/wp-content\\\/uploads\\\/2026\\\/02\\\/wrongful-death-washington-lawsuit-4-jpg.avif\",\"width\":1920,\"height\":1080,\"caption\":\"demanda por muerte por negligencia en Washington (4)\"},{\"@type\":\"BreadcrumbList\",\"@id\":\"https:\\\/\\\/abeytanelson.com\\\/es\\\/en-busca-de-justicia-presentada-una-demanda-por-muerte-por-negligencia-contra-landmark-care-center\\\/#breadcrumb\",\"itemListElement\":[{\"@type\":\"ListItem\",\"position\":1,\"name\":\"Home\",\"item\":\"https:\\\/\\\/abeytanelson.com\\\/es\\\/inicio\\\/\"},{\"@type\":\"ListItem\",\"position\":2,\"name\":\"En busca de justicia: presentada una demanda por muerte por negligencia contra Landmark Care Center\"}]},{\"@type\":\"WebSite\",\"@id\":\"https:\\\/\\\/abeytanelson.com\\\/es\\\/#website\",\"url\":\"https:\\\/\\\/abeytanelson.com\\\/es\\\/\",\"name\":\"Abeyta Nelson Injury Law\",\"description\":\"\",\"publisher\":{\"@id\":\"https:\\\/\\\/abeytanelson.com\\\/es\\\/#organization\"},\"potentialAction\":[{\"@type\":\"SearchAction\",\"target\":{\"@type\":\"EntryPoint\",\"urlTemplate\":\"https:\\\/\\\/abeytanelson.com\\\/es\\\/?s={search_term_string}\"},\"query-input\":{\"@type\":\"PropertyValueSpecification\",\"valueRequired\":true,\"valueName\":\"search_term_string\"}}],\"inLanguage\":\"es\"},{\"@type\":\"Organization\",\"@id\":\"https:\\\/\\\/abeytanelson.com\\\/es\\\/#organization\",\"name\":\"Abeyta Nelson Injury Law\",\"url\":\"https:\\\/\\\/abeytanelson.com\\\/es\\\/\",\"logo\":{\"@type\":\"ImageObject\",\"inLanguage\":\"es\",\"@id\":\"https:\\\/\\\/abeytanelson.com\\\/es\\\/#\\\/schema\\\/logo\\\/image\\\/\",\"url\":\"https:\\\/\\\/abeytanelson.com\\\/wp-content\\\/uploads\\\/2020\\\/02\\\/new-Logo-container.svg\",\"contentUrl\":\"https:\\\/\\\/abeytanelson.com\\\/wp-content\\\/uploads\\\/2020\\\/02\\\/new-Logo-container.svg\",\"width\":214,\"height\":67,\"caption\":\"Abeyta Nelson Injury Law\"},\"image\":{\"@id\":\"https:\\\/\\\/abeytanelson.com\\\/es\\\/#\\\/schema\\\/logo\\\/image\\\/\"},\"sameAs\":[\"https:\\\/\\\/www.facebook.com\\\/people\\\/Abeyta-Nelson-Injury-Law\\\/100063503115654\\\/\",\"https:\\\/\\\/www.yelp.com\\\/biz\\\/abeyta-nelson-injury-law-yakima?osq=abeyta nelson injury law\",\"https:\\\/\\\/www.instagram.com\\\/abeytanelsoninjurylaw\\\/\",\"https:\\\/\\\/www.linkedin.com\\\/company\\\/abeyta-nelson-injury-law\\\/\"]},{\"@type\":\"Person\",\"@id\":\"https:\\\/\\\/abeytanelson.com\\\/es\\\/#\\\/schema\\\/person\\\/f55d812d44d5e145ccb6cdb56c315563\",\"name\":\"Amy Peters\",\"image\":{\"@type\":\"ImageObject\",\"inLanguage\":\"es\",\"@id\":\"https:\\\/\\\/secure.gravatar.com\\\/avatar\\\/a306a7d05d32e4bb468c29a02ee46509c9da34f6dc6095577ca52ef4205e373d?s=96&d=mm&r=g\",\"url\":\"https:\\\/\\\/secure.gravatar.com\\\/avatar\\\/a306a7d05d32e4bb468c29a02ee46509c9da34f6dc6095577ca52ef4205e373d?s=96&d=mm&r=g\",\"contentUrl\":\"https:\\\/\\\/secure.gravatar.com\\\/avatar\\\/a306a7d05d32e4bb468c29a02ee46509c9da34f6dc6095577ca52ef4205e373d?s=96&d=mm&r=g\",\"caption\":\"Amy Peters\"}}]}<\/script>\n<!-- \/ Yoast SEO plugin. -->","yoast_head_json":{"title":"Landmark Care Center demandado por negligencia con ancianos en Yakima","description":"Abeyta declar\u00f3 que la demanda se present\u00f3 para que Landmark rinda cuentas por su falta de respuesta ante los problemas respiratorios.","robots":{"index":"index","follow":"follow","max-snippet":"max-snippet:-1","max-image-preview":"max-image-preview:large","max-video-preview":"max-video-preview:-1"},"canonical":"https:\/\/abeytanelson.com\/es\/en-busca-de-justicia-presentada-una-demanda-por-muerte-por-negligencia-contra-landmark-care-center\/","og_locale":"es_ES","og_type":"article","og_title":"Landmark Care Center demandado por negligencia con ancianos en Yakima","og_description":"Abeyta declar\u00f3 que la demanda se present\u00f3 para que Landmark rinda cuentas por su falta de respuesta ante los problemas respiratorios.","og_url":"https:\/\/abeytanelson.com\/es\/en-busca-de-justicia-presentada-una-demanda-por-muerte-por-negligencia-contra-landmark-care-center\/","og_site_name":"Abeyta Nelson Injury Law","article_publisher":"https:\/\/www.facebook.com\/people\/Abeyta-Nelson-Injury-Law\/100063503115654\/","article_published_time":"2013-11-07T08:46:21+00:00","article_modified_time":"2026-04-03T15:00:31+00:00","author":"Amy Peters","twitter_card":"summary_large_image","twitter_misc":{"Escrito por":"Amy Peters","Tiempo de lectura":"3 minutos"},"schema":{"@context":"https:\/\/schema.org","@graph":[{"@type":"Article","@id":"https:\/\/abeytanelson.com\/es\/en-busca-de-justicia-presentada-una-demanda-por-muerte-por-negligencia-contra-landmark-care-center\/#article","isPartOf":{"@id":"https:\/\/abeytanelson.com\/es\/en-busca-de-justicia-presentada-una-demanda-por-muerte-por-negligencia-contra-landmark-care-center\/"},"author":{"name":"Amy Peters","@id":"https:\/\/abeytanelson.com\/es\/#\/schema\/person\/f55d812d44d5e145ccb6cdb56c315563"},"headline":"En busca de justicia: presentada una demanda por muerte por negligencia contra Landmark Care Center","datePublished":"2013-11-07T08:46:21+00:00","dateModified":"2026-04-03T15:00:31+00:00","mainEntityOfPage":{"@id":"https:\/\/abeytanelson.com\/es\/en-busca-de-justicia-presentada-una-demanda-por-muerte-por-negligencia-contra-landmark-care-center\/"},"wordCount":536,"commentCount":0,"publisher":{"@id":"https:\/\/abeytanelson.com\/es\/#organization"},"image":{"@id":"https:\/\/abeytanelson.com\/es\/en-busca-de-justicia-presentada-una-demanda-por-muerte-por-negligencia-contra-landmark-care-center\/#primaryimage"},"thumbnailUrl":"https:\/\/abeytanelson.com\/wp-content\/uploads\/2026\/02\/wrongful-death-washington-lawsuit-4-jpg.avif","articleSection":["Muerte por negligencia","Noticias y eventos"],"inLanguage":"es","potentialAction":[{"@type":"CommentAction","name":"Comment","target":["https:\/\/abeytanelson.com\/es\/en-busca-de-justicia-presentada-una-demanda-por-muerte-por-negligencia-contra-landmark-care-center\/#respond"]}]},{"@type":"WebPage","@id":"https:\/\/abeytanelson.com\/es\/en-busca-de-justicia-presentada-una-demanda-por-muerte-por-negligencia-contra-landmark-care-center\/","url":"https:\/\/abeytanelson.com\/es\/en-busca-de-justicia-presentada-una-demanda-por-muerte-por-negligencia-contra-landmark-care-center\/","name":"Landmark Care Center demandado por negligencia con ancianos en Yakima","isPartOf":{"@id":"https:\/\/abeytanelson.com\/es\/#website"},"primaryImageOfPage":{"@id":"https:\/\/abeytanelson.com\/es\/en-busca-de-justicia-presentada-una-demanda-por-muerte-por-negligencia-contra-landmark-care-center\/#primaryimage"},"image":{"@id":"https:\/\/abeytanelson.com\/es\/en-busca-de-justicia-presentada-una-demanda-por-muerte-por-negligencia-contra-landmark-care-center\/#primaryimage"},"thumbnailUrl":"https:\/\/abeytanelson.com\/wp-content\/uploads\/2026\/02\/wrongful-death-washington-lawsuit-4-jpg.avif","datePublished":"2013-11-07T08:46:21+00:00","dateModified":"2026-04-03T15:00:31+00:00","description":"Abeyta declar\u00f3 que la demanda se present\u00f3 para que Landmark rinda cuentas por su falta de respuesta ante los problemas respiratorios.","breadcrumb":{"@id":"https:\/\/abeytanelson.com\/es\/en-busca-de-justicia-presentada-una-demanda-por-muerte-por-negligencia-contra-landmark-care-center\/#breadcrumb"},"inLanguage":"es","potentialAction":[{"@type":"ReadAction","target":["https:\/\/abeytanelson.com\/es\/en-busca-de-justicia-presentada-una-demanda-por-muerte-por-negligencia-contra-landmark-care-center\/"]}]},{"@type":"ImageObject","inLanguage":"es","@id":"https:\/\/abeytanelson.com\/es\/en-busca-de-justicia-presentada-una-demanda-por-muerte-por-negligencia-contra-landmark-care-center\/#primaryimage","url":"https:\/\/abeytanelson.com\/wp-content\/uploads\/2026\/02\/wrongful-death-washington-lawsuit-4-jpg.avif","contentUrl":"https:\/\/abeytanelson.com\/wp-content\/uploads\/2026\/02\/wrongful-death-washington-lawsuit-4-jpg.avif","width":1920,"height":1080,"caption":"demanda por muerte por negligencia en Washington (4)"},{"@type":"BreadcrumbList","@id":"https:\/\/abeytanelson.com\/es\/en-busca-de-justicia-presentada-una-demanda-por-muerte-por-negligencia-contra-landmark-care-center\/#breadcrumb","itemListElement":[{"@type":"ListItem","position":1,"name":"Home","item":"https:\/\/abeytanelson.com\/es\/inicio\/"},{"@type":"ListItem","position":2,"name":"En busca de justicia: presentada una demanda por muerte por negligencia contra Landmark Care Center"}]},{"@type":"WebSite","@id":"https:\/\/abeytanelson.com\/es\/#website","url":"https:\/\/abeytanelson.com\/es\/","name":"Abeyta Nelson Injury Law","description":"","publisher":{"@id":"https:\/\/abeytanelson.com\/es\/#organization"},"potentialAction":[{"@type":"SearchAction","target":{"@type":"EntryPoint","urlTemplate":"https:\/\/abeytanelson.com\/es\/?s={search_term_string}"},"query-input":{"@type":"PropertyValueSpecification","valueRequired":true,"valueName":"search_term_string"}}],"inLanguage":"es"},{"@type":"Organization","@id":"https:\/\/abeytanelson.com\/es\/#organization","name":"Abeyta Nelson Injury Law","url":"https:\/\/abeytanelson.com\/es\/","logo":{"@type":"ImageObject","inLanguage":"es","@id":"https:\/\/abeytanelson.com\/es\/#\/schema\/logo\/image\/","url":"https:\/\/abeytanelson.com\/wp-content\/uploads\/2020\/02\/new-Logo-container.svg","contentUrl":"https:\/\/abeytanelson.com\/wp-content\/uploads\/2020\/02\/new-Logo-container.svg","width":214,"height":67,"caption":"Abeyta Nelson Injury Law"},"image":{"@id":"https:\/\/abeytanelson.com\/es\/#\/schema\/logo\/image\/"},"sameAs":["https:\/\/www.facebook.com\/people\/Abeyta-Nelson-Injury-Law\/100063503115654\/","https:\/\/www.yelp.com\/biz\/abeyta-nelson-injury-law-yakima?osq=abeyta nelson injury law","https:\/\/www.instagram.com\/abeytanelsoninjurylaw\/","https:\/\/www.linkedin.com\/company\/abeyta-nelson-injury-law\/"]},{"@type":"Person","@id":"https:\/\/abeytanelson.com\/es\/#\/schema\/person\/f55d812d44d5e145ccb6cdb56c315563","name":"Amy Peters","image":{"@type":"ImageObject","inLanguage":"es","@id":"https:\/\/secure.gravatar.com\/avatar\/a306a7d05d32e4bb468c29a02ee46509c9da34f6dc6095577ca52ef4205e373d?s=96&d=mm&r=g","url":"https:\/\/secure.gravatar.com\/avatar\/a306a7d05d32e4bb468c29a02ee46509c9da34f6dc6095577ca52ef4205e373d?s=96&d=mm&r=g","contentUrl":"https:\/\/secure.gravatar.com\/avatar\/a306a7d05d32e4bb468c29a02ee46509c9da34f6dc6095577ca52ef4205e373d?s=96&d=mm&r=g","caption":"Amy Peters"}}]}},"_links":{"self":[{"href":"https:\/\/abeytanelson.com\/es\/wp-json\/wp\/v2\/posts\/10566","targetHints":{"allow":["GET"]}}],"collection":[{"href":"https:\/\/abeytanelson.com\/es\/wp-json\/wp\/v2\/posts"}],"about":[{"href":"https:\/\/abeytanelson.com\/es\/wp-json\/wp\/v2\/types\/post"}],"author":[{"embeddable":true,"href":"https:\/\/abeytanelson.com\/es\/wp-json\/wp\/v2\/users\/5"}],"replies":[{"embeddable":true,"href":"https:\/\/abeytanelson.com\/es\/wp-json\/wp\/v2\/comments?post=10566"}],"version-history":[{"count":1,"href":"https:\/\/abeytanelson.com\/es\/wp-json\/wp\/v2\/posts\/10566\/revisions"}],"predecessor-version":[{"id":10574,"href":"https:\/\/abeytanelson.com\/es\/wp-json\/wp\/v2\/posts\/10566\/revisions\/10574"}],"wp:featuredmedia":[{"embeddable":true,"href":"https:\/\/abeytanelson.com\/es\/wp-json\/wp\/v2\/media\/10567"}],"wp:attachment":[{"href":"https:\/\/abeytanelson.com\/es\/wp-json\/wp\/v2\/media?parent=10566"}],"wp:term":[{"taxonomy":"category","embeddable":true,"href":"https:\/\/abeytanelson.com\/es\/wp-json\/wp\/v2\/categories?post=10566"},{"taxonomy":"post_tag","embeddable":true,"href":"https:\/\/abeytanelson.com\/es\/wp-json\/wp\/v2\/tags?post=10566"}],"curies":[{"name":"wp","href":"https:\/\/api.w.org\/{rel}","templated":true}]}}