{"id":10608,"date":"2014-10-02T03:34:00","date_gmt":"2014-10-02T08:34:00","guid":{"rendered":"http:\/\/abeytanelson.com\/terry-abeyta-y-david-abeyta-pilares-construyendo-un-puente-entre-generaciones\/"},"modified":"2026-04-03T10:01:26","modified_gmt":"2026-04-03T15:01:26","slug":"terry-abeyta-y-david-abeyta-pilares-construyendo-un-puente-entre-generaciones","status":"publish","type":"post","link":"https:\/\/abeytanelson.com\/es\/terry-abeyta-y-david-abeyta-pilares-construyendo-un-puente-entre-generaciones\/","title":{"rendered":"Terry Abeyta y David Abeyta, \u201cPilares\u201d: construyendo un puente entre generaciones"},"content":{"rendered":"\n<img fetchpriority=\"high\" decoding=\"async\" class=\"alignnone wp-image-5477 size-medium\" src=\"https:\/\/abeytanelson.com\/wp-content\/uploads\/2026\/02\/TerryandDavidMay2014small.jpg\" alt=\"abogados de lesiones personales en Washington\" width=\"600\" height=\"400\">\n\nEn Abeyta Nelson, el servicio a la comunidad es una parte integral de nuestra pr\u00e1ctica. Nuestros abogados dedican con orgullo su tiempo como voluntarios y participan en organizaciones sin \u00e1nimo de lucro porque creemos que es nuestra responsabilidad devolver a la comunidad. \n\nContinuando la importante labor de <a href=\"http:\/\/www.uwcw.org\">United Way of Central Washington<\/a>, los abogados Terry Abeyta (en la foto, a la izquierda) y David Abeyta (en la foto, a la derecha) ejercen como copresidentes de la Campa\u00f1a Pillars 2014-15. Los Pillars son donantes de la comunidad que aportan 1.000 $ o m\u00e1s al a\u00f1o a la campa\u00f1a de recaudaci\u00f3n de fondos de United Way. El objetivo de este equipo de padre e hijo este a\u00f1o es animar a otras personas a <a href=\"http:\/\/www.uwcw.org\">formar parte del cambio en la comunidad<\/a> mediante aportaciones, defensa y donaciones generosas para ayudar a quienes lo necesitan.  \n\n\u201cUno de los mayores problemas a los que nos enfrentamos es el n\u00famero de personas en situaci\u00f3n de pobreza\u201d, afirma Terry. \u201c(United Way) abarca todo el espectro. Ayudamos a todo el mundo, desde ni\u00f1os hasta personas mayores, y a todos los dem\u00e1s, para abordar los problemas de la comunidad en varios niveles\u201d, a\u00f1ade Terry. \n\nVinculado a <a href=\"https:\/\/abeytanelson.com\/giving-back-why-abeyta-nelson-proudly-supports-united-way\/\" data-wpil-monitor-id=\"183\">United Way<\/a> desde hace muchos a\u00f1os, Terry forma parte actualmente de su junta directiva. David fue ejecutivo cedido en el pasado y tambi\u00e9n forma parte del comit\u00e9 ejecutivo de New Leaders of Yakima County. Ambos participan activamente en United Way, en la <a href=\"http:\/\/www.yvcf.org\">Yakima Valley Community Foundation<\/a> y en otras muchas organizaciones comunitarias y sin \u00e1nimo de lucro.  \n<h2><strong>Abogados de lesiones personales en Yakima<\/strong><\/h2>\nLos cinco <a href=\"https:\/\/abeytanelson.com\/our-attorneys-yakima-ellensburg-sunnyside\/\" data-wpil-monitor-id=\"184\">abogados<\/a> de Abeyta Nelson \u2014Terry Abeyta, Rod Nelson, Greg Lighty, John Kapuza y David Abeyta\u2014, as\u00ed como la directora de oficina Denielle Beaulaurier, son Pillars de United Way. Greg est\u00e1 trabajando actualmente en la campa\u00f1a de este a\u00f1o, y John ha trabajado en campa\u00f1as anteriores. Todo el personal de <a href=\"https:\/\/abeytanelson.com\/abeyta-nelson-injury-law-voted-best-law-firm-in-yakima-washington\/\" data-wpil-monitor-id=\"185\">Abeyta Nelson<\/a> contribuye generosamente a la campa\u00f1a anual.  \n\nEnv\u00edenos <a href=\"https:\/\/abeytanelson.com\/contact-yakima-injury-lawyer\/\">un mensaje<\/a> o ll\u00e1menos al<span style=\"font-weight: 400;\"> <\/span><a href=\"tel:800-927-2845\"><span style=\"font-weight: 400;\">800-927-2845<\/span><\/a><span style=\"font-weight: 400;\"> <\/span>para empezar ahora.\n","protected":false},"excerpt":{"rendered":"<p>En Abeyta Nelson, el servicio a la comunidad es una parte integral de nuestra pr\u00e1ctica. Nuestros abogados dedican con orgullo su tiempo como voluntarios y participan en organizaciones sin \u00e1nimo de lucro porque creemos que es nuestra responsabilidad devolver a la comunidad. Continuando la importante labor de United Way of Central Washington, los abogados Terry [&hellip;]<\/p>\n","protected":false},"author":5,"featured_media":10334,"comment_status":"open","ping_status":"open","sticky":false,"template":"","format":"standard","meta":{"_acf_changed":false,"footnotes":""},"categories":[395],"tags":[],"class_list":["post-10608","post","type-post","status-publish","format-standard","has-post-thumbnail","hentry","category-noticias-y-eventos"],"acf":[],"yoast_head":"<!-- This site is optimized with the Yoast SEO plugin v27.3 - https:\/\/yoast.com\/product\/yoast-seo-wordpress\/ -->\n<title>Terry y David Abeyta: conectando generaciones a trav\u00e9s del liderazgo<\/title>\n<meta name=\"description\" content=\"En Abeyta Nelson, el servicio a la comunidad es una parte integral de nuestra pr\u00e1ctica. Nuestros abogados dedican con orgullo su tiempo como voluntarios y participan en organizaciones sin \u00e1nimo de lucro porque creemos que es nuestra responsabilidad devolver a la comunidad.\" \/>\n<meta name=\"robots\" content=\"index, follow, max-snippet:-1, max-image-preview:large, max-video-preview:-1\" \/>\n<link rel=\"canonical\" href=\"https:\/\/abeytanelson.com\/es\/terry-abeyta-y-david-abeyta-pilares-construyendo-un-puente-entre-generaciones\/\" \/>\n<meta property=\"og:locale\" content=\"es_ES\" \/>\n<meta property=\"og:type\" content=\"article\" \/>\n<meta property=\"og:title\" content=\"Terry y David Abeyta: conectando generaciones a trav\u00e9s del liderazgo\" \/>\n<meta property=\"og:description\" content=\"En Abeyta Nelson, el servicio a la comunidad es una parte integral de nuestra pr\u00e1ctica. Nuestros abogados dedican con orgullo su tiempo como voluntarios y participan en organizaciones sin \u00e1nimo de lucro porque creemos que es nuestra responsabilidad devolver a la comunidad.\" \/>\n<meta property=\"og:url\" content=\"https:\/\/abeytanelson.com\/es\/terry-abeyta-y-david-abeyta-pilares-construyendo-un-puente-entre-generaciones\/\" \/>\n<meta property=\"og:site_name\" content=\"Abeyta Nelson Injury Law\" \/>\n<meta property=\"article:publisher\" content=\"https:\/\/www.facebook.com\/people\/Abeyta-Nelson-Injury-Law\/100063503115654\/\" \/>\n<meta property=\"article:published_time\" content=\"2014-10-02T08:34:00+00:00\" \/>\n<meta property=\"article:modified_time\" content=\"2026-04-03T15:01:26+00:00\" \/>\n<meta property=\"og:image\" content=\"https:\/\/abeytanelson.com\/wp-content\/uploads\/2026\/02\/TerryandDavidMay2014small.jpg\" \/>\n\t<meta property=\"og:image:width\" content=\"1650\" \/>\n\t<meta property=\"og:image:height\" content=\"1101\" \/>\n\t<meta property=\"og:image:type\" content=\"image\/jpeg\" \/>\n<meta name=\"author\" content=\"Amy Peters\" \/>\n<meta name=\"twitter:card\" content=\"summary_large_image\" \/>\n<meta name=\"twitter:label1\" content=\"Escrito por\" \/>\n\t<meta name=\"twitter:data1\" content=\"Amy Peters\" \/>\n\t<meta name=\"twitter:label2\" content=\"Tiempo de lectura\" \/>\n\t<meta name=\"twitter:data2\" content=\"2 minutos\" \/>\n<script type=\"application\/ld+json\" class=\"yoast-schema-graph\">{\"@context\":\"https:\\\/\\\/schema.org\",\"@graph\":[{\"@type\":\"Article\",\"@id\":\"https:\\\/\\\/abeytanelson.com\\\/es\\\/terry-abeyta-y-david-abeyta-pilares-construyendo-un-puente-entre-generaciones\\\/#article\",\"isPartOf\":{\"@id\":\"https:\\\/\\\/abeytanelson.com\\\/es\\\/terry-abeyta-y-david-abeyta-pilares-construyendo-un-puente-entre-generaciones\\\/\"},\"author\":{\"name\":\"Amy Peters\",\"@id\":\"https:\\\/\\\/abeytanelson.com\\\/es\\\/#\\\/schema\\\/person\\\/f55d812d44d5e145ccb6cdb56c315563\"},\"headline\":\"Terry Abeyta y David Abeyta, \u201cPilares\u201d: construyendo un puente entre generaciones\",\"datePublished\":\"2014-10-02T08:34:00+00:00\",\"dateModified\":\"2026-04-03T15:01:26+00:00\",\"mainEntityOfPage\":{\"@id\":\"https:\\\/\\\/abeytanelson.com\\\/es\\\/terry-abeyta-y-david-abeyta-pilares-construyendo-un-puente-entre-generaciones\\\/\"},\"wordCount\":358,\"commentCount\":0,\"publisher\":{\"@id\":\"https:\\\/\\\/abeytanelson.com\\\/es\\\/#organization\"},\"image\":{\"@id\":\"https:\\\/\\\/abeytanelson.com\\\/es\\\/terry-abeyta-y-david-abeyta-pilares-construyendo-un-puente-entre-generaciones\\\/#primaryimage\"},\"thumbnailUrl\":\"https:\\\/\\\/abeytanelson.com\\\/wp-content\\\/uploads\\\/2026\\\/02\\\/TerryandDavidMay2014small.jpg\",\"articleSection\":[\"Noticias y eventos\"],\"inLanguage\":\"es\",\"potentialAction\":[{\"@type\":\"CommentAction\",\"name\":\"Comment\",\"target\":[\"https:\\\/\\\/abeytanelson.com\\\/es\\\/terry-abeyta-y-david-abeyta-pilares-construyendo-un-puente-entre-generaciones\\\/#respond\"]}]},{\"@type\":\"WebPage\",\"@id\":\"https:\\\/\\\/abeytanelson.com\\\/es\\\/terry-abeyta-y-david-abeyta-pilares-construyendo-un-puente-entre-generaciones\\\/\",\"url\":\"https:\\\/\\\/abeytanelson.com\\\/es\\\/terry-abeyta-y-david-abeyta-pilares-construyendo-un-puente-entre-generaciones\\\/\",\"name\":\"Terry y David Abeyta: conectando generaciones a trav\u00e9s del liderazgo\",\"isPartOf\":{\"@id\":\"https:\\\/\\\/abeytanelson.com\\\/es\\\/#website\"},\"primaryImageOfPage\":{\"@id\":\"https:\\\/\\\/abeytanelson.com\\\/es\\\/terry-abeyta-y-david-abeyta-pilares-construyendo-un-puente-entre-generaciones\\\/#primaryimage\"},\"image\":{\"@id\":\"https:\\\/\\\/abeytanelson.com\\\/es\\\/terry-abeyta-y-david-abeyta-pilares-construyendo-un-puente-entre-generaciones\\\/#primaryimage\"},\"thumbnailUrl\":\"https:\\\/\\\/abeytanelson.com\\\/wp-content\\\/uploads\\\/2026\\\/02\\\/TerryandDavidMay2014small.jpg\",\"datePublished\":\"2014-10-02T08:34:00+00:00\",\"dateModified\":\"2026-04-03T15:01:26+00:00\",\"description\":\"En Abeyta Nelson, el servicio a la comunidad es una parte integral de nuestra pr\u00e1ctica. Nuestros abogados dedican con orgullo su tiempo como voluntarios y participan en organizaciones sin \u00e1nimo de lucro porque creemos que es nuestra responsabilidad devolver a la comunidad.\",\"breadcrumb\":{\"@id\":\"https:\\\/\\\/abeytanelson.com\\\/es\\\/terry-abeyta-y-david-abeyta-pilares-construyendo-un-puente-entre-generaciones\\\/#breadcrumb\"},\"inLanguage\":\"es\",\"potentialAction\":[{\"@type\":\"ReadAction\",\"target\":[\"https:\\\/\\\/abeytanelson.com\\\/es\\\/terry-abeyta-y-david-abeyta-pilares-construyendo-un-puente-entre-generaciones\\\/\"]}]},{\"@type\":\"ImageObject\",\"inLanguage\":\"es\",\"@id\":\"https:\\\/\\\/abeytanelson.com\\\/es\\\/terry-abeyta-y-david-abeyta-pilares-construyendo-un-puente-entre-generaciones\\\/#primaryimage\",\"url\":\"https:\\\/\\\/abeytanelson.com\\\/wp-content\\\/uploads\\\/2026\\\/02\\\/TerryandDavidMay2014small.jpg\",\"contentUrl\":\"https:\\\/\\\/abeytanelson.com\\\/wp-content\\\/uploads\\\/2026\\\/02\\\/TerryandDavidMay2014small.jpg\",\"width\":1650,\"height\":1101,\"caption\":\"Dos hombres sentados uno al lado del otro al aire libre frente a esculturas cin\u00e9ticas de jard\u00edn, con vegetaci\u00f3n y cielo azul de fondo.\"},{\"@type\":\"BreadcrumbList\",\"@id\":\"https:\\\/\\\/abeytanelson.com\\\/es\\\/terry-abeyta-y-david-abeyta-pilares-construyendo-un-puente-entre-generaciones\\\/#breadcrumb\",\"itemListElement\":[{\"@type\":\"ListItem\",\"position\":1,\"name\":\"Home\",\"item\":\"https:\\\/\\\/abeytanelson.com\\\/es\\\/inicio\\\/\"},{\"@type\":\"ListItem\",\"position\":2,\"name\":\"Terry Abeyta y David Abeyta, \u201cPilares\u201d: construyendo un puente entre generaciones\"}]},{\"@type\":\"WebSite\",\"@id\":\"https:\\\/\\\/abeytanelson.com\\\/es\\\/#website\",\"url\":\"https:\\\/\\\/abeytanelson.com\\\/es\\\/\",\"name\":\"Abeyta Nelson Injury Law\",\"description\":\"\",\"publisher\":{\"@id\":\"https:\\\/\\\/abeytanelson.com\\\/es\\\/#organization\"},\"potentialAction\":[{\"@type\":\"SearchAction\",\"target\":{\"@type\":\"EntryPoint\",\"urlTemplate\":\"https:\\\/\\\/abeytanelson.com\\\/es\\\/?s={search_term_string}\"},\"query-input\":{\"@type\":\"PropertyValueSpecification\",\"valueRequired\":true,\"valueName\":\"search_term_string\"}}],\"inLanguage\":\"es\"},{\"@type\":\"Organization\",\"@id\":\"https:\\\/\\\/abeytanelson.com\\\/es\\\/#organization\",\"name\":\"Abeyta Nelson Injury Law\",\"url\":\"https:\\\/\\\/abeytanelson.com\\\/es\\\/\",\"logo\":{\"@type\":\"ImageObject\",\"inLanguage\":\"es\",\"@id\":\"https:\\\/\\\/abeytanelson.com\\\/es\\\/#\\\/schema\\\/logo\\\/image\\\/\",\"url\":\"https:\\\/\\\/abeytanelson.com\\\/wp-content\\\/uploads\\\/2020\\\/02\\\/new-Logo-container.svg\",\"contentUrl\":\"https:\\\/\\\/abeytanelson.com\\\/wp-content\\\/uploads\\\/2020\\\/02\\\/new-Logo-container.svg\",\"width\":214,\"height\":67,\"caption\":\"Abeyta Nelson Injury Law\"},\"image\":{\"@id\":\"https:\\\/\\\/abeytanelson.com\\\/es\\\/#\\\/schema\\\/logo\\\/image\\\/\"},\"sameAs\":[\"https:\\\/\\\/www.facebook.com\\\/people\\\/Abeyta-Nelson-Injury-Law\\\/100063503115654\\\/\",\"https:\\\/\\\/www.yelp.com\\\/biz\\\/abeyta-nelson-injury-law-yakima?osq=abeyta nelson injury law\",\"https:\\\/\\\/www.instagram.com\\\/abeytanelsoninjurylaw\\\/\",\"https:\\\/\\\/www.linkedin.com\\\/company\\\/abeyta-nelson-injury-law\\\/\"]},{\"@type\":\"Person\",\"@id\":\"https:\\\/\\\/abeytanelson.com\\\/es\\\/#\\\/schema\\\/person\\\/f55d812d44d5e145ccb6cdb56c315563\",\"name\":\"Amy Peters\",\"image\":{\"@type\":\"ImageObject\",\"inLanguage\":\"es\",\"@id\":\"https:\\\/\\\/secure.gravatar.com\\\/avatar\\\/a306a7d05d32e4bb468c29a02ee46509c9da34f6dc6095577ca52ef4205e373d?s=96&d=mm&r=g\",\"url\":\"https:\\\/\\\/secure.gravatar.com\\\/avatar\\\/a306a7d05d32e4bb468c29a02ee46509c9da34f6dc6095577ca52ef4205e373d?s=96&d=mm&r=g\",\"contentUrl\":\"https:\\\/\\\/secure.gravatar.com\\\/avatar\\\/a306a7d05d32e4bb468c29a02ee46509c9da34f6dc6095577ca52ef4205e373d?s=96&d=mm&r=g\",\"caption\":\"Amy Peters\"}}]}<\/script>\n<!-- \/ Yoast SEO plugin. -->","yoast_head_json":{"title":"Terry y David Abeyta: conectando generaciones a trav\u00e9s del liderazgo","description":"En Abeyta Nelson, el servicio a la comunidad es una parte integral de nuestra pr\u00e1ctica. Nuestros abogados dedican con orgullo su tiempo como voluntarios y participan en organizaciones sin \u00e1nimo de lucro porque creemos que es nuestra responsabilidad devolver a la comunidad.","robots":{"index":"index","follow":"follow","max-snippet":"max-snippet:-1","max-image-preview":"max-image-preview:large","max-video-preview":"max-video-preview:-1"},"canonical":"https:\/\/abeytanelson.com\/es\/terry-abeyta-y-david-abeyta-pilares-construyendo-un-puente-entre-generaciones\/","og_locale":"es_ES","og_type":"article","og_title":"Terry y David Abeyta: conectando generaciones a trav\u00e9s del liderazgo","og_description":"En Abeyta Nelson, el servicio a la comunidad es una parte integral de nuestra pr\u00e1ctica. Nuestros abogados dedican con orgullo su tiempo como voluntarios y participan en organizaciones sin \u00e1nimo de lucro porque creemos que es nuestra responsabilidad devolver a la comunidad.","og_url":"https:\/\/abeytanelson.com\/es\/terry-abeyta-y-david-abeyta-pilares-construyendo-un-puente-entre-generaciones\/","og_site_name":"Abeyta Nelson Injury Law","article_publisher":"https:\/\/www.facebook.com\/people\/Abeyta-Nelson-Injury-Law\/100063503115654\/","article_published_time":"2014-10-02T08:34:00+00:00","article_modified_time":"2026-04-03T15:01:26+00:00","og_image":[{"width":1650,"height":1101,"url":"https:\/\/abeytanelson.com\/wp-content\/uploads\/2026\/02\/TerryandDavidMay2014small.jpg","type":"image\/jpeg"}],"author":"Amy Peters","twitter_card":"summary_large_image","twitter_misc":{"Escrito por":"Amy Peters","Tiempo de lectura":"2 minutos"},"schema":{"@context":"https:\/\/schema.org","@graph":[{"@type":"Article","@id":"https:\/\/abeytanelson.com\/es\/terry-abeyta-y-david-abeyta-pilares-construyendo-un-puente-entre-generaciones\/#article","isPartOf":{"@id":"https:\/\/abeytanelson.com\/es\/terry-abeyta-y-david-abeyta-pilares-construyendo-un-puente-entre-generaciones\/"},"author":{"name":"Amy Peters","@id":"https:\/\/abeytanelson.com\/es\/#\/schema\/person\/f55d812d44d5e145ccb6cdb56c315563"},"headline":"Terry Abeyta y David Abeyta, \u201cPilares\u201d: construyendo un puente entre generaciones","datePublished":"2014-10-02T08:34:00+00:00","dateModified":"2026-04-03T15:01:26+00:00","mainEntityOfPage":{"@id":"https:\/\/abeytanelson.com\/es\/terry-abeyta-y-david-abeyta-pilares-construyendo-un-puente-entre-generaciones\/"},"wordCount":358,"commentCount":0,"publisher":{"@id":"https:\/\/abeytanelson.com\/es\/#organization"},"image":{"@id":"https:\/\/abeytanelson.com\/es\/terry-abeyta-y-david-abeyta-pilares-construyendo-un-puente-entre-generaciones\/#primaryimage"},"thumbnailUrl":"https:\/\/abeytanelson.com\/wp-content\/uploads\/2026\/02\/TerryandDavidMay2014small.jpg","articleSection":["Noticias y eventos"],"inLanguage":"es","potentialAction":[{"@type":"CommentAction","name":"Comment","target":["https:\/\/abeytanelson.com\/es\/terry-abeyta-y-david-abeyta-pilares-construyendo-un-puente-entre-generaciones\/#respond"]}]},{"@type":"WebPage","@id":"https:\/\/abeytanelson.com\/es\/terry-abeyta-y-david-abeyta-pilares-construyendo-un-puente-entre-generaciones\/","url":"https:\/\/abeytanelson.com\/es\/terry-abeyta-y-david-abeyta-pilares-construyendo-un-puente-entre-generaciones\/","name":"Terry y David Abeyta: conectando generaciones a trav\u00e9s del liderazgo","isPartOf":{"@id":"https:\/\/abeytanelson.com\/es\/#website"},"primaryImageOfPage":{"@id":"https:\/\/abeytanelson.com\/es\/terry-abeyta-y-david-abeyta-pilares-construyendo-un-puente-entre-generaciones\/#primaryimage"},"image":{"@id":"https:\/\/abeytanelson.com\/es\/terry-abeyta-y-david-abeyta-pilares-construyendo-un-puente-entre-generaciones\/#primaryimage"},"thumbnailUrl":"https:\/\/abeytanelson.com\/wp-content\/uploads\/2026\/02\/TerryandDavidMay2014small.jpg","datePublished":"2014-10-02T08:34:00+00:00","dateModified":"2026-04-03T15:01:26+00:00","description":"En Abeyta Nelson, el servicio a la comunidad es una parte integral de nuestra pr\u00e1ctica. Nuestros abogados dedican con orgullo su tiempo como voluntarios y participan en organizaciones sin \u00e1nimo de lucro porque creemos que es nuestra responsabilidad devolver a la comunidad.","breadcrumb":{"@id":"https:\/\/abeytanelson.com\/es\/terry-abeyta-y-david-abeyta-pilares-construyendo-un-puente-entre-generaciones\/#breadcrumb"},"inLanguage":"es","potentialAction":[{"@type":"ReadAction","target":["https:\/\/abeytanelson.com\/es\/terry-abeyta-y-david-abeyta-pilares-construyendo-un-puente-entre-generaciones\/"]}]},{"@type":"ImageObject","inLanguage":"es","@id":"https:\/\/abeytanelson.com\/es\/terry-abeyta-y-david-abeyta-pilares-construyendo-un-puente-entre-generaciones\/#primaryimage","url":"https:\/\/abeytanelson.com\/wp-content\/uploads\/2026\/02\/TerryandDavidMay2014small.jpg","contentUrl":"https:\/\/abeytanelson.com\/wp-content\/uploads\/2026\/02\/TerryandDavidMay2014small.jpg","width":1650,"height":1101,"caption":"Dos hombres sentados uno al lado del otro al aire libre frente a esculturas cin\u00e9ticas de jard\u00edn, con vegetaci\u00f3n y cielo azul de fondo."},{"@type":"BreadcrumbList","@id":"https:\/\/abeytanelson.com\/es\/terry-abeyta-y-david-abeyta-pilares-construyendo-un-puente-entre-generaciones\/#breadcrumb","itemListElement":[{"@type":"ListItem","position":1,"name":"Home","item":"https:\/\/abeytanelson.com\/es\/inicio\/"},{"@type":"ListItem","position":2,"name":"Terry Abeyta y David Abeyta, \u201cPilares\u201d: construyendo un puente entre generaciones"}]},{"@type":"WebSite","@id":"https:\/\/abeytanelson.com\/es\/#website","url":"https:\/\/abeytanelson.com\/es\/","name":"Abeyta Nelson Injury Law","description":"","publisher":{"@id":"https:\/\/abeytanelson.com\/es\/#organization"},"potentialAction":[{"@type":"SearchAction","target":{"@type":"EntryPoint","urlTemplate":"https:\/\/abeytanelson.com\/es\/?s={search_term_string}"},"query-input":{"@type":"PropertyValueSpecification","valueRequired":true,"valueName":"search_term_string"}}],"inLanguage":"es"},{"@type":"Organization","@id":"https:\/\/abeytanelson.com\/es\/#organization","name":"Abeyta Nelson Injury Law","url":"https:\/\/abeytanelson.com\/es\/","logo":{"@type":"ImageObject","inLanguage":"es","@id":"https:\/\/abeytanelson.com\/es\/#\/schema\/logo\/image\/","url":"https:\/\/abeytanelson.com\/wp-content\/uploads\/2020\/02\/new-Logo-container.svg","contentUrl":"https:\/\/abeytanelson.com\/wp-content\/uploads\/2020\/02\/new-Logo-container.svg","width":214,"height":67,"caption":"Abeyta Nelson Injury Law"},"image":{"@id":"https:\/\/abeytanelson.com\/es\/#\/schema\/logo\/image\/"},"sameAs":["https:\/\/www.facebook.com\/people\/Abeyta-Nelson-Injury-Law\/100063503115654\/","https:\/\/www.yelp.com\/biz\/abeyta-nelson-injury-law-yakima?osq=abeyta nelson injury law","https:\/\/www.instagram.com\/abeytanelsoninjurylaw\/","https:\/\/www.linkedin.com\/company\/abeyta-nelson-injury-law\/"]},{"@type":"Person","@id":"https:\/\/abeytanelson.com\/es\/#\/schema\/person\/f55d812d44d5e145ccb6cdb56c315563","name":"Amy Peters","image":{"@type":"ImageObject","inLanguage":"es","@id":"https:\/\/secure.gravatar.com\/avatar\/a306a7d05d32e4bb468c29a02ee46509c9da34f6dc6095577ca52ef4205e373d?s=96&d=mm&r=g","url":"https:\/\/secure.gravatar.com\/avatar\/a306a7d05d32e4bb468c29a02ee46509c9da34f6dc6095577ca52ef4205e373d?s=96&d=mm&r=g","contentUrl":"https:\/\/secure.gravatar.com\/avatar\/a306a7d05d32e4bb468c29a02ee46509c9da34f6dc6095577ca52ef4205e373d?s=96&d=mm&r=g","caption":"Amy Peters"}}]}},"_links":{"self":[{"href":"https:\/\/abeytanelson.com\/es\/wp-json\/wp\/v2\/posts\/10608","targetHints":{"allow":["GET"]}}],"collection":[{"href":"https:\/\/abeytanelson.com\/es\/wp-json\/wp\/v2\/posts"}],"about":[{"href":"https:\/\/abeytanelson.com\/es\/wp-json\/wp\/v2\/types\/post"}],"author":[{"embeddable":true,"href":"https:\/\/abeytanelson.com\/es\/wp-json\/wp\/v2\/users\/5"}],"replies":[{"embeddable":true,"href":"https:\/\/abeytanelson.com\/es\/wp-json\/wp\/v2\/comments?post=10608"}],"version-history":[{"count":1,"href":"https:\/\/abeytanelson.com\/es\/wp-json\/wp\/v2\/posts\/10608\/revisions"}],"predecessor-version":[{"id":10609,"href":"https:\/\/abeytanelson.com\/es\/wp-json\/wp\/v2\/posts\/10608\/revisions\/10609"}],"wp:featuredmedia":[{"embeddable":true,"href":"https:\/\/abeytanelson.com\/es\/wp-json\/wp\/v2\/media\/10334"}],"wp:attachment":[{"href":"https:\/\/abeytanelson.com\/es\/wp-json\/wp\/v2\/media?parent=10608"}],"wp:term":[{"taxonomy":"category","embeddable":true,"href":"https:\/\/abeytanelson.com\/es\/wp-json\/wp\/v2\/categories?post=10608"},{"taxonomy":"post_tag","embeddable":true,"href":"https:\/\/abeytanelson.com\/es\/wp-json\/wp\/v2\/tags?post=10608"}],"curies":[{"name":"wp","href":"https:\/\/api.w.org\/{rel}","templated":true}]}}