{"id":9364,"date":"2025-12-13T00:49:05","date_gmt":"2025-12-13T06:49:05","guid":{"rendered":"http:\/\/abeytanelson.com\/abeyta-nelson-injury-law-da-la-bienvenida-al-abogado-jaysson-f-pfeifer-al-equipo\/"},"modified":"2026-03-06T19:41:46","modified_gmt":"2026-03-07T01:41:46","slug":"abeyta-nelson-injury-law-da-la-bienvenida-al-abogado-jaysson-f-pfeifer-al-equipo","status":"publish","type":"post","link":"https:\/\/abeytanelson.com\/es\/abeyta-nelson-injury-law-da-la-bienvenida-al-abogado-jaysson-f-pfeifer-al-equipo\/","title":{"rendered":"Abeyta Nelson Injury Law da la bienvenida al abogado Jaysson F. Pfeifer al equipo"},"content":{"rendered":"\n<figure id=\"attachment_9830\" aria-describedby=\"caption-attachment-9830\" style=\"width: 221px\" class=\"wp-caption alignright\"><img fetchpriority=\"high\" decoding=\"async\" class=\"wp-image-9830 size-medium\" src=\"https:\/\/abeytanelson.com\/wp-content\/uploads\/2026\/02\/JayssonWebsite-221x300-1.avif\" alt=\"Abogado Jaysson F. Pfeifer, Abeyta Nelson Injury Law\" width=\"221\" height=\"300\"><figcaption id=\"caption-attachment-9830\" class=\"wp-caption-text\">Abeyta Nelson Injury Law se enorgullece de dar la bienvenida al abogado Jaysson F. Pfeifer a nuestro equipo legal.<\/figcaption><\/figure>\n\n<span style=\"font-weight: 400;\">En Abeyta Nelson Injury Law, nos enorgullece dar la bienvenida al abogado <a href=\"https:\/\/abeytanelson.com\/attorneys\/jaysson-f-pfeifer\/\">Jaysson F. Pfeifer<\/a> a nuestro equipo. Para Jaysson, incorporarse al bufete se siente como una extensi\u00f3n natural del compromiso que siempre ha tenido con el valle de Yakima. Para nosotros, significa sumar a un defensor reflexivo con una s\u00f3lida base acad\u00e9mica, experiencia real en sala y una dedicaci\u00f3n sincera a la comunidad en la que creci\u00f3.  <\/span>\n<h2><span style=\"font-weight: 400;\">Un compromiso con el aprendizaje y el liderazgo<\/span><\/h2>\n<span style=\"font-weight: 400;\">Jaysson obtuvo su Juris Doctor en la <\/span><a href=\"https:\/\/www.uidaho.edu\/law\"><span style=\"font-weight: 400;\">Facultad de Derecho de la Universidad de Idaho<\/span><\/a><span style=\"font-weight: 400;\"> en 2023, donde no solo estudi\u00f3 Derecho, sino que ayud\u00f3 a dar forma a las conversaciones que se estaban produciendo a su alrededor. Como editor asociado de la <\/span><i><span style=\"font-weight: 400;\">Critical Legal Studies Journal<\/span><\/i><span style=\"font-weight: 400;\"> y representante de 3L en la Asociaci\u00f3n de Estudiantes de Derecho, asumi\u00f3 funciones que exig\u00edan liderazgo, colaboraci\u00f3n y af\u00e1n de excelencia.<\/span>\n\n<span style=\"font-weight: 400;\">Antes de la facultad de Derecho, Jaysson complet\u00f3 tanto su M\u00e1ster en Ciencias como su Licenciatura en Artes en Derecho y Justicia en la <\/span><a href=\"https:\/\/www.cwu.edu\/\"><span style=\"font-weight: 400;\">Central Washington University<\/span><\/a><span style=\"font-weight: 400;\">. Ese recorrido acad\u00e9mico temprano le proporcion\u00f3 una s\u00f3lida comprensi\u00f3n de c\u00f3mo los sistemas jur\u00eddicos afectan a personas reales, una perspectiva que sigue guiando su trabajo hoy.<\/span>\n<h2><span style=\"font-weight: 400;\">Experiencia significativa en trabajo de fiscal\u00eda<\/span><\/h2>\n<span style=\"font-weight: 400;\">Jaysson se incorpora a nuestro bufete con experiencia pr\u00e1ctica como fiscal adjunto en la Unidad de Agresiones Especiales de la Fiscal\u00eda del Condado de Yakima. All\u00ed trabaj\u00f3 en algunos de los casos m\u00e1s delicados y complejos del condado, una labor que requiere no solo habilidad jur\u00eddica, sino tambi\u00e9n determinaci\u00f3n serena y compasi\u00f3n. <\/span>\n\n<span style=\"font-weight: 400;\">Tambi\u00e9n realiz\u00f3 pr\u00e1cticas en la Fiscal\u00eda del Condado de Whitman en Colfax, WA, y en Schwartz Law en Coeur d\u2019Alene, ID. Esas experiencias le expusieron a distintos tribunales, distintos clientes y distintos estilos de defensa, todo lo cual refuerza ahora la perspectiva que aporta al representar a clientes lesionados y a sus familias. <\/span>\n<h2><span style=\"font-weight: 400;\">Arraigado en Yakima, impulsado por el servicio<\/span><\/h2>\n<span style=\"font-weight: 400;\">Natural de Yakima y graduado de la <\/span><a href=\"https:\/\/www.lasalleyakima.org\/\"><span style=\"font-weight: 400;\">La Salle High School<\/span><\/a><span style=\"font-weight: 400;\">, la conexi\u00f3n de Jaysson con el valle es profunda. Ha pasado a\u00f1os como voluntario en la Catedral de St. Paul, dedicando su tiempo y energ\u00eda a una comunidad que contribuy\u00f3 a formarlo. Esa misma dedicaci\u00f3n es la que aporta a cada cliente que cruza nuestras puertas.<\/span>\n\n<span style=\"font-weight: 400;\">Fuera de la oficina, Jaysson se mantiene cerca de las personas y los lugares que quiere. Ya sea jugando al golf, haciendo senderismo, pescando o viajando, lleva ese sentido de curiosidad y aprecio por los dem\u00e1s a su ejercicio del Derecho. <\/span>\n<h2><span style=\"font-weight: 400;\">De cara al futuro<\/span><\/h2>\n<span style=\"font-weight: 400;\">No podr\u00edamos estar m\u00e1s contentos de dar la bienvenida a Jaysson a Abeyta Nelson Injury Law. Su \u00e9tica de trabajo, su arraigo en el valle de Yakima y su compromiso de defender a las personas durante algunos de los momentos m\u00e1s dif\u00edciles de sus vidas lo convierten en una incorporaci\u00f3n excepcional para nuestro bufete. <\/span>\n\n<span style=\"font-weight: 400;\">Invitamos a nuestros clientes, socios y a la comunidad a unirse a nosotros para dar la bienvenida a Jaysson. Nos enorgullece contar con \u00e9l al servicio de las personas en todo el valle de Yakima y en todo el estado de Washington. <\/span>\n","protected":false},"excerpt":{"rendered":"<p>En Abeyta Nelson Injury Law, nos enorgullece dar la bienvenida al abogado Jaysson F. Pfeifer a nuestro equipo. Para Jaysson, incorporarse al bufete se siente como una extensi\u00f3n natural del compromiso que siempre ha tenido con el valle de Yakima. Para nosotros, significa sumar a un defensor reflexivo con una s\u00f3lida base acad\u00e9mica, experiencia real [&hellip;]<\/p>\n","protected":false},"author":5,"featured_media":9365,"comment_status":"open","ping_status":"open","sticky":false,"template":"","format":"standard","meta":{"_acf_changed":false,"footnotes":""},"categories":[395],"tags":[396,397],"class_list":["post-9364","post","type-post","status-publish","format-standard","has-post-thumbnail","hentry","category-noticias-y-eventos","tag-el-abogado-jaysson-f-pfeifer-se-incorpora-a-abeyta-nelson","tag-nuevo-abogado"],"acf":[],"yoast_head":"<!-- This site is optimized with the Yoast SEO plugin v27.3 - https:\/\/yoast.com\/product\/yoast-seo-wordpress\/ -->\n<title>Abeyta Nelson Injury Law da la bienvenida al abogado Jaysson F. Pfeifer al equipo<\/title>\n<meta name=\"description\" content=\"En Abeyta Nelson Injury Law, nos enorgullece dar la bienvenida al abogado Jaysson F. Pfeifer a nuestro equipo. Para Jaysson, incorporarse al bufete se Abeyta Nelson Injury Law da la bienvenida al abogado Jaysson F. Pfeifer a nuestro equipo legal.\" \/>\n<meta name=\"robots\" content=\"index, follow, max-snippet:-1, max-image-preview:large, max-video-preview:-1\" \/>\n<link rel=\"canonical\" href=\"https:\/\/abeytanelson.com\/es\/abeyta-nelson-injury-law-da-la-bienvenida-al-abogado-jaysson-f-pfeifer-al-equipo\/\" \/>\n<meta property=\"og:locale\" content=\"es_ES\" \/>\n<meta property=\"og:type\" content=\"article\" \/>\n<meta property=\"og:title\" content=\"Abeyta Nelson Injury Law da la bienvenida al abogado Jaysson F. Pfeifer al equipo\" \/>\n<meta property=\"og:description\" content=\"En Abeyta Nelson Injury Law, nos enorgullece dar la bienvenida al abogado Jaysson F. Pfeifer a nuestro equipo. Para Jaysson, incorporarse al bufete se Abeyta Nelson Injury Law da la bienvenida al abogado Jaysson F. Pfeifer a nuestro equipo legal.\" \/>\n<meta property=\"og:url\" content=\"https:\/\/abeytanelson.com\/es\/abeyta-nelson-injury-law-da-la-bienvenida-al-abogado-jaysson-f-pfeifer-al-equipo\/\" \/>\n<meta property=\"og:site_name\" content=\"Abeyta Nelson Injury Law\" \/>\n<meta property=\"article:publisher\" content=\"https:\/\/www.facebook.com\/people\/Abeyta-Nelson-Injury-Law\/100063503115654\/\" \/>\n<meta property=\"article:published_time\" content=\"2025-12-13T06:49:05+00:00\" \/>\n<meta property=\"article:modified_time\" content=\"2026-03-07T01:41:46+00:00\" \/>\n<meta property=\"og:image\" content=\"https:\/\/abeytanelson.com\/wp-content\/uploads\/2026\/01\/Image-Placeholder-5.jpg\" \/>\n\t<meta property=\"og:image:width\" content=\"2160\" \/>\n\t<meta property=\"og:image:height\" content=\"2220\" \/>\n\t<meta property=\"og:image:type\" content=\"image\/jpeg\" \/>\n<meta name=\"author\" content=\"Amy Peters\" \/>\n<meta name=\"twitter:card\" content=\"summary_large_image\" \/>\n<meta name=\"twitter:label1\" content=\"Escrito por\" \/>\n\t<meta name=\"twitter:data1\" content=\"Amy Peters\" \/>\n\t<meta name=\"twitter:label2\" content=\"Tiempo de lectura\" \/>\n\t<meta name=\"twitter:data2\" content=\"3 minutos\" \/>\n<script type=\"application\/ld+json\" class=\"yoast-schema-graph\">{\"@context\":\"https:\\\/\\\/schema.org\",\"@graph\":[{\"@type\":\"Article\",\"@id\":\"https:\\\/\\\/abeytanelson.com\\\/es\\\/abeyta-nelson-injury-law-da-la-bienvenida-al-abogado-jaysson-f-pfeifer-al-equipo\\\/#article\",\"isPartOf\":{\"@id\":\"https:\\\/\\\/abeytanelson.com\\\/es\\\/abeyta-nelson-injury-law-da-la-bienvenida-al-abogado-jaysson-f-pfeifer-al-equipo\\\/\"},\"author\":{\"name\":\"Amy Peters\",\"@id\":\"https:\\\/\\\/abeytanelson.com\\\/es\\\/#\\\/schema\\\/person\\\/f55d812d44d5e145ccb6cdb56c315563\"},\"headline\":\"Abeyta Nelson Injury Law da la bienvenida al abogado Jaysson F. Pfeifer al equipo\",\"datePublished\":\"2025-12-13T06:49:05+00:00\",\"dateModified\":\"2026-03-07T01:41:46+00:00\",\"mainEntityOfPage\":{\"@id\":\"https:\\\/\\\/abeytanelson.com\\\/es\\\/abeyta-nelson-injury-law-da-la-bienvenida-al-abogado-jaysson-f-pfeifer-al-equipo\\\/\"},\"wordCount\":588,\"commentCount\":0,\"publisher\":{\"@id\":\"https:\\\/\\\/abeytanelson.com\\\/es\\\/#organization\"},\"image\":{\"@id\":\"https:\\\/\\\/abeytanelson.com\\\/es\\\/abeyta-nelson-injury-law-da-la-bienvenida-al-abogado-jaysson-f-pfeifer-al-equipo\\\/#primaryimage\"},\"thumbnailUrl\":\"https:\\\/\\\/abeytanelson.com\\\/wp-content\\\/uploads\\\/2026\\\/01\\\/Image-Placeholder-5.jpg\",\"keywords\":[\"El abogado Jaysson F. Pfeifer se incorpora a Abeyta Nelson\",\"nuevo abogado\"],\"articleSection\":[\"Noticias y eventos\"],\"inLanguage\":\"es\",\"potentialAction\":[{\"@type\":\"CommentAction\",\"name\":\"Comment\",\"target\":[\"https:\\\/\\\/abeytanelson.com\\\/es\\\/abeyta-nelson-injury-law-da-la-bienvenida-al-abogado-jaysson-f-pfeifer-al-equipo\\\/#respond\"]}]},{\"@type\":\"WebPage\",\"@id\":\"https:\\\/\\\/abeytanelson.com\\\/es\\\/abeyta-nelson-injury-law-da-la-bienvenida-al-abogado-jaysson-f-pfeifer-al-equipo\\\/\",\"url\":\"https:\\\/\\\/abeytanelson.com\\\/es\\\/abeyta-nelson-injury-law-da-la-bienvenida-al-abogado-jaysson-f-pfeifer-al-equipo\\\/\",\"name\":\"Abeyta Nelson Injury Law da la bienvenida al abogado Jaysson F. Pfeifer al equipo\",\"isPartOf\":{\"@id\":\"https:\\\/\\\/abeytanelson.com\\\/es\\\/#website\"},\"primaryImageOfPage\":{\"@id\":\"https:\\\/\\\/abeytanelson.com\\\/es\\\/abeyta-nelson-injury-law-da-la-bienvenida-al-abogado-jaysson-f-pfeifer-al-equipo\\\/#primaryimage\"},\"image\":{\"@id\":\"https:\\\/\\\/abeytanelson.com\\\/es\\\/abeyta-nelson-injury-law-da-la-bienvenida-al-abogado-jaysson-f-pfeifer-al-equipo\\\/#primaryimage\"},\"thumbnailUrl\":\"https:\\\/\\\/abeytanelson.com\\\/wp-content\\\/uploads\\\/2026\\\/01\\\/Image-Placeholder-5.jpg\",\"datePublished\":\"2025-12-13T06:49:05+00:00\",\"dateModified\":\"2026-03-07T01:41:46+00:00\",\"description\":\"En Abeyta Nelson Injury Law, nos enorgullece dar la bienvenida al abogado Jaysson F. Pfeifer a nuestro equipo. Para Jaysson, incorporarse al bufete se Abeyta Nelson Injury Law da la bienvenida al abogado Jaysson F. Pfeifer a nuestro equipo legal.\",\"breadcrumb\":{\"@id\":\"https:\\\/\\\/abeytanelson.com\\\/es\\\/abeyta-nelson-injury-law-da-la-bienvenida-al-abogado-jaysson-f-pfeifer-al-equipo\\\/#breadcrumb\"},\"inLanguage\":\"es\",\"potentialAction\":[{\"@type\":\"ReadAction\",\"target\":[\"https:\\\/\\\/abeytanelson.com\\\/es\\\/abeyta-nelson-injury-law-da-la-bienvenida-al-abogado-jaysson-f-pfeifer-al-equipo\\\/\"]}]},{\"@type\":\"ImageObject\",\"inLanguage\":\"es\",\"@id\":\"https:\\\/\\\/abeytanelson.com\\\/es\\\/abeyta-nelson-injury-law-da-la-bienvenida-al-abogado-jaysson-f-pfeifer-al-equipo\\\/#primaryimage\",\"url\":\"https:\\\/\\\/abeytanelson.com\\\/wp-content\\\/uploads\\\/2026\\\/01\\\/Image-Placeholder-5.jpg\",\"contentUrl\":\"https:\\\/\\\/abeytanelson.com\\\/wp-content\\\/uploads\\\/2026\\\/01\\\/Image-Placeholder-5.jpg\",\"width\":2160,\"height\":2220,\"caption\":\"Un hombre con el pelo corto casta\u00f1o y barba, con una chaqueta de traje azul marino y camisa blanca, sonriendo delante de un fondo oscuro con detalles rojos.\"},{\"@type\":\"BreadcrumbList\",\"@id\":\"https:\\\/\\\/abeytanelson.com\\\/es\\\/abeyta-nelson-injury-law-da-la-bienvenida-al-abogado-jaysson-f-pfeifer-al-equipo\\\/#breadcrumb\",\"itemListElement\":[{\"@type\":\"ListItem\",\"position\":1,\"name\":\"Home\",\"item\":\"https:\\\/\\\/abeytanelson.com\\\/es\\\/inicio\\\/\"},{\"@type\":\"ListItem\",\"position\":2,\"name\":\"Abeyta Nelson Injury Law da la bienvenida al abogado Jaysson F. Pfeifer al equipo\"}]},{\"@type\":\"WebSite\",\"@id\":\"https:\\\/\\\/abeytanelson.com\\\/es\\\/#website\",\"url\":\"https:\\\/\\\/abeytanelson.com\\\/es\\\/\",\"name\":\"Abeyta Nelson Injury Law\",\"description\":\"\",\"publisher\":{\"@id\":\"https:\\\/\\\/abeytanelson.com\\\/es\\\/#organization\"},\"potentialAction\":[{\"@type\":\"SearchAction\",\"target\":{\"@type\":\"EntryPoint\",\"urlTemplate\":\"https:\\\/\\\/abeytanelson.com\\\/es\\\/?s={search_term_string}\"},\"query-input\":{\"@type\":\"PropertyValueSpecification\",\"valueRequired\":true,\"valueName\":\"search_term_string\"}}],\"inLanguage\":\"es\"},{\"@type\":\"Organization\",\"@id\":\"https:\\\/\\\/abeytanelson.com\\\/es\\\/#organization\",\"name\":\"Abeyta Nelson Injury Law\",\"url\":\"https:\\\/\\\/abeytanelson.com\\\/es\\\/\",\"logo\":{\"@type\":\"ImageObject\",\"inLanguage\":\"es\",\"@id\":\"https:\\\/\\\/abeytanelson.com\\\/es\\\/#\\\/schema\\\/logo\\\/image\\\/\",\"url\":\"https:\\\/\\\/abeytanelson.com\\\/wp-content\\\/uploads\\\/2020\\\/02\\\/new-Logo-container.svg\",\"contentUrl\":\"https:\\\/\\\/abeytanelson.com\\\/wp-content\\\/uploads\\\/2020\\\/02\\\/new-Logo-container.svg\",\"width\":214,\"height\":67,\"caption\":\"Abeyta Nelson Injury Law\"},\"image\":{\"@id\":\"https:\\\/\\\/abeytanelson.com\\\/es\\\/#\\\/schema\\\/logo\\\/image\\\/\"},\"sameAs\":[\"https:\\\/\\\/www.facebook.com\\\/people\\\/Abeyta-Nelson-Injury-Law\\\/100063503115654\\\/\",\"https:\\\/\\\/www.yelp.com\\\/biz\\\/abeyta-nelson-injury-law-yakima?osq=abeyta nelson injury law\",\"https:\\\/\\\/www.instagram.com\\\/abeytanelsoninjurylaw\\\/\",\"https:\\\/\\\/www.linkedin.com\\\/company\\\/abeyta-nelson-injury-law\\\/\"]},{\"@type\":\"Person\",\"@id\":\"https:\\\/\\\/abeytanelson.com\\\/es\\\/#\\\/schema\\\/person\\\/f55d812d44d5e145ccb6cdb56c315563\",\"name\":\"Amy Peters\",\"image\":{\"@type\":\"ImageObject\",\"inLanguage\":\"es\",\"@id\":\"https:\\\/\\\/secure.gravatar.com\\\/avatar\\\/a306a7d05d32e4bb468c29a02ee46509c9da34f6dc6095577ca52ef4205e373d?s=96&d=mm&r=g\",\"url\":\"https:\\\/\\\/secure.gravatar.com\\\/avatar\\\/a306a7d05d32e4bb468c29a02ee46509c9da34f6dc6095577ca52ef4205e373d?s=96&d=mm&r=g\",\"contentUrl\":\"https:\\\/\\\/secure.gravatar.com\\\/avatar\\\/a306a7d05d32e4bb468c29a02ee46509c9da34f6dc6095577ca52ef4205e373d?s=96&d=mm&r=g\",\"caption\":\"Amy Peters\"}}]}<\/script>\n<!-- \/ Yoast SEO plugin. -->","yoast_head_json":{"title":"Abeyta Nelson Injury Law da la bienvenida al abogado Jaysson F. Pfeifer al equipo","description":"En Abeyta Nelson Injury Law, nos enorgullece dar la bienvenida al abogado Jaysson F. Pfeifer a nuestro equipo. Para Jaysson, incorporarse al bufete se Abeyta Nelson Injury Law da la bienvenida al abogado Jaysson F. Pfeifer a nuestro equipo legal.","robots":{"index":"index","follow":"follow","max-snippet":"max-snippet:-1","max-image-preview":"max-image-preview:large","max-video-preview":"max-video-preview:-1"},"canonical":"https:\/\/abeytanelson.com\/es\/abeyta-nelson-injury-law-da-la-bienvenida-al-abogado-jaysson-f-pfeifer-al-equipo\/","og_locale":"es_ES","og_type":"article","og_title":"Abeyta Nelson Injury Law da la bienvenida al abogado Jaysson F. Pfeifer al equipo","og_description":"En Abeyta Nelson Injury Law, nos enorgullece dar la bienvenida al abogado Jaysson F. Pfeifer a nuestro equipo. Para Jaysson, incorporarse al bufete se Abeyta Nelson Injury Law da la bienvenida al abogado Jaysson F. Pfeifer a nuestro equipo legal.","og_url":"https:\/\/abeytanelson.com\/es\/abeyta-nelson-injury-law-da-la-bienvenida-al-abogado-jaysson-f-pfeifer-al-equipo\/","og_site_name":"Abeyta Nelson Injury Law","article_publisher":"https:\/\/www.facebook.com\/people\/Abeyta-Nelson-Injury-Law\/100063503115654\/","article_published_time":"2025-12-13T06:49:05+00:00","article_modified_time":"2026-03-07T01:41:46+00:00","og_image":[{"width":2160,"height":2220,"url":"https:\/\/abeytanelson.com\/wp-content\/uploads\/2026\/01\/Image-Placeholder-5.jpg","type":"image\/jpeg"}],"author":"Amy Peters","twitter_card":"summary_large_image","twitter_misc":{"Escrito por":"Amy Peters","Tiempo de lectura":"3 minutos"},"schema":{"@context":"https:\/\/schema.org","@graph":[{"@type":"Article","@id":"https:\/\/abeytanelson.com\/es\/abeyta-nelson-injury-law-da-la-bienvenida-al-abogado-jaysson-f-pfeifer-al-equipo\/#article","isPartOf":{"@id":"https:\/\/abeytanelson.com\/es\/abeyta-nelson-injury-law-da-la-bienvenida-al-abogado-jaysson-f-pfeifer-al-equipo\/"},"author":{"name":"Amy Peters","@id":"https:\/\/abeytanelson.com\/es\/#\/schema\/person\/f55d812d44d5e145ccb6cdb56c315563"},"headline":"Abeyta Nelson Injury Law da la bienvenida al abogado Jaysson F. Pfeifer al equipo","datePublished":"2025-12-13T06:49:05+00:00","dateModified":"2026-03-07T01:41:46+00:00","mainEntityOfPage":{"@id":"https:\/\/abeytanelson.com\/es\/abeyta-nelson-injury-law-da-la-bienvenida-al-abogado-jaysson-f-pfeifer-al-equipo\/"},"wordCount":588,"commentCount":0,"publisher":{"@id":"https:\/\/abeytanelson.com\/es\/#organization"},"image":{"@id":"https:\/\/abeytanelson.com\/es\/abeyta-nelson-injury-law-da-la-bienvenida-al-abogado-jaysson-f-pfeifer-al-equipo\/#primaryimage"},"thumbnailUrl":"https:\/\/abeytanelson.com\/wp-content\/uploads\/2026\/01\/Image-Placeholder-5.jpg","keywords":["El abogado Jaysson F. Pfeifer se incorpora a Abeyta Nelson","nuevo abogado"],"articleSection":["Noticias y eventos"],"inLanguage":"es","potentialAction":[{"@type":"CommentAction","name":"Comment","target":["https:\/\/abeytanelson.com\/es\/abeyta-nelson-injury-law-da-la-bienvenida-al-abogado-jaysson-f-pfeifer-al-equipo\/#respond"]}]},{"@type":"WebPage","@id":"https:\/\/abeytanelson.com\/es\/abeyta-nelson-injury-law-da-la-bienvenida-al-abogado-jaysson-f-pfeifer-al-equipo\/","url":"https:\/\/abeytanelson.com\/es\/abeyta-nelson-injury-law-da-la-bienvenida-al-abogado-jaysson-f-pfeifer-al-equipo\/","name":"Abeyta Nelson Injury Law da la bienvenida al abogado Jaysson F. Pfeifer al equipo","isPartOf":{"@id":"https:\/\/abeytanelson.com\/es\/#website"},"primaryImageOfPage":{"@id":"https:\/\/abeytanelson.com\/es\/abeyta-nelson-injury-law-da-la-bienvenida-al-abogado-jaysson-f-pfeifer-al-equipo\/#primaryimage"},"image":{"@id":"https:\/\/abeytanelson.com\/es\/abeyta-nelson-injury-law-da-la-bienvenida-al-abogado-jaysson-f-pfeifer-al-equipo\/#primaryimage"},"thumbnailUrl":"https:\/\/abeytanelson.com\/wp-content\/uploads\/2026\/01\/Image-Placeholder-5.jpg","datePublished":"2025-12-13T06:49:05+00:00","dateModified":"2026-03-07T01:41:46+00:00","description":"En Abeyta Nelson Injury Law, nos enorgullece dar la bienvenida al abogado Jaysson F. Pfeifer a nuestro equipo. Para Jaysson, incorporarse al bufete se Abeyta Nelson Injury Law da la bienvenida al abogado Jaysson F. Pfeifer a nuestro equipo legal.","breadcrumb":{"@id":"https:\/\/abeytanelson.com\/es\/abeyta-nelson-injury-law-da-la-bienvenida-al-abogado-jaysson-f-pfeifer-al-equipo\/#breadcrumb"},"inLanguage":"es","potentialAction":[{"@type":"ReadAction","target":["https:\/\/abeytanelson.com\/es\/abeyta-nelson-injury-law-da-la-bienvenida-al-abogado-jaysson-f-pfeifer-al-equipo\/"]}]},{"@type":"ImageObject","inLanguage":"es","@id":"https:\/\/abeytanelson.com\/es\/abeyta-nelson-injury-law-da-la-bienvenida-al-abogado-jaysson-f-pfeifer-al-equipo\/#primaryimage","url":"https:\/\/abeytanelson.com\/wp-content\/uploads\/2026\/01\/Image-Placeholder-5.jpg","contentUrl":"https:\/\/abeytanelson.com\/wp-content\/uploads\/2026\/01\/Image-Placeholder-5.jpg","width":2160,"height":2220,"caption":"Un hombre con el pelo corto casta\u00f1o y barba, con una chaqueta de traje azul marino y camisa blanca, sonriendo delante de un fondo oscuro con detalles rojos."},{"@type":"BreadcrumbList","@id":"https:\/\/abeytanelson.com\/es\/abeyta-nelson-injury-law-da-la-bienvenida-al-abogado-jaysson-f-pfeifer-al-equipo\/#breadcrumb","itemListElement":[{"@type":"ListItem","position":1,"name":"Home","item":"https:\/\/abeytanelson.com\/es\/inicio\/"},{"@type":"ListItem","position":2,"name":"Abeyta Nelson Injury Law da la bienvenida al abogado Jaysson F. Pfeifer al equipo"}]},{"@type":"WebSite","@id":"https:\/\/abeytanelson.com\/es\/#website","url":"https:\/\/abeytanelson.com\/es\/","name":"Abeyta Nelson Injury Law","description":"","publisher":{"@id":"https:\/\/abeytanelson.com\/es\/#organization"},"potentialAction":[{"@type":"SearchAction","target":{"@type":"EntryPoint","urlTemplate":"https:\/\/abeytanelson.com\/es\/?s={search_term_string}"},"query-input":{"@type":"PropertyValueSpecification","valueRequired":true,"valueName":"search_term_string"}}],"inLanguage":"es"},{"@type":"Organization","@id":"https:\/\/abeytanelson.com\/es\/#organization","name":"Abeyta Nelson Injury Law","url":"https:\/\/abeytanelson.com\/es\/","logo":{"@type":"ImageObject","inLanguage":"es","@id":"https:\/\/abeytanelson.com\/es\/#\/schema\/logo\/image\/","url":"https:\/\/abeytanelson.com\/wp-content\/uploads\/2020\/02\/new-Logo-container.svg","contentUrl":"https:\/\/abeytanelson.com\/wp-content\/uploads\/2020\/02\/new-Logo-container.svg","width":214,"height":67,"caption":"Abeyta Nelson Injury Law"},"image":{"@id":"https:\/\/abeytanelson.com\/es\/#\/schema\/logo\/image\/"},"sameAs":["https:\/\/www.facebook.com\/people\/Abeyta-Nelson-Injury-Law\/100063503115654\/","https:\/\/www.yelp.com\/biz\/abeyta-nelson-injury-law-yakima?osq=abeyta nelson injury law","https:\/\/www.instagram.com\/abeytanelsoninjurylaw\/","https:\/\/www.linkedin.com\/company\/abeyta-nelson-injury-law\/"]},{"@type":"Person","@id":"https:\/\/abeytanelson.com\/es\/#\/schema\/person\/f55d812d44d5e145ccb6cdb56c315563","name":"Amy Peters","image":{"@type":"ImageObject","inLanguage":"es","@id":"https:\/\/secure.gravatar.com\/avatar\/a306a7d05d32e4bb468c29a02ee46509c9da34f6dc6095577ca52ef4205e373d?s=96&d=mm&r=g","url":"https:\/\/secure.gravatar.com\/avatar\/a306a7d05d32e4bb468c29a02ee46509c9da34f6dc6095577ca52ef4205e373d?s=96&d=mm&r=g","contentUrl":"https:\/\/secure.gravatar.com\/avatar\/a306a7d05d32e4bb468c29a02ee46509c9da34f6dc6095577ca52ef4205e373d?s=96&d=mm&r=g","caption":"Amy Peters"}}]}},"_links":{"self":[{"href":"https:\/\/abeytanelson.com\/es\/wp-json\/wp\/v2\/posts\/9364","targetHints":{"allow":["GET"]}}],"collection":[{"href":"https:\/\/abeytanelson.com\/es\/wp-json\/wp\/v2\/posts"}],"about":[{"href":"https:\/\/abeytanelson.com\/es\/wp-json\/wp\/v2\/types\/post"}],"author":[{"embeddable":true,"href":"https:\/\/abeytanelson.com\/es\/wp-json\/wp\/v2\/users\/5"}],"replies":[{"embeddable":true,"href":"https:\/\/abeytanelson.com\/es\/wp-json\/wp\/v2\/comments?post=9364"}],"version-history":[{"count":2,"href":"https:\/\/abeytanelson.com\/es\/wp-json\/wp\/v2\/posts\/9364\/revisions"}],"predecessor-version":[{"id":9367,"href":"https:\/\/abeytanelson.com\/es\/wp-json\/wp\/v2\/posts\/9364\/revisions\/9367"}],"wp:featuredmedia":[{"embeddable":true,"href":"https:\/\/abeytanelson.com\/es\/wp-json\/wp\/v2\/media\/9365"}],"wp:attachment":[{"href":"https:\/\/abeytanelson.com\/es\/wp-json\/wp\/v2\/media?parent=9364"}],"wp:term":[{"taxonomy":"category","embeddable":true,"href":"https:\/\/abeytanelson.com\/es\/wp-json\/wp\/v2\/categories?post=9364"},{"taxonomy":"post_tag","embeddable":true,"href":"https:\/\/abeytanelson.com\/es\/wp-json\/wp\/v2\/tags?post=9364"}],"curies":[{"name":"wp","href":"https:\/\/api.w.org\/{rel}","templated":true}]}}